{"id":3407,"date":"2020-02-21T15:26:37","date_gmt":"2020-02-21T18:26:37","guid":{"rendered":"http:\/\/www.santaritadopassaquatro.sp.gov.br\/portal\/?p=3407"},"modified":"2020-02-21T15:26:37","modified_gmt":"2020-02-21T18:26:37","slug":"santacarnafolia-2020-e-carnaval-confira-toda-a-programacao-da-festa-na-praca-da-estacao","status":"publish","type":"post","link":"https:\/\/www.santaritadopassaquatro.sp.gov.br\/portal\/santacarnafolia-2020-e-carnaval-confira-toda-a-programacao-da-festa-na-praca-da-estacao\/","title":{"rendered":"SANTACARNAFOLIA 2020:\u00a0\u00c9 Carnaval! Confira toda a programa\u00e7\u00e3o da festa na Pra\u00e7a da Esta\u00e7\u00e3o  \u00a0"},"content":{"rendered":"<p><strong><em>Promovido pelo Departamento Municipal de Turismo, evento ir\u00e1 oferecer mais op\u00e7\u00f5es para \u00e0s fam\u00edlias, com conforto e seguran\u00e7a at\u00e9 a ter\u00e7a-feira (25\/2)<\/em><\/strong><\/p>\n<p>&nbsp;<\/p>\n<figure id=\"attachment_3408\" aria-describedby=\"caption-attachment-3408\" style=\"width: 300px\" class=\"wp-caption alignleft\"><img decoding=\"async\" class=\"wp-image-3408 size-medium\" src=\"http:\/\/www.santaritadopassaquatro.sp.gov.br\/portal\/wp-content\/uploads\/2020\/02\/carnaval2020_praparativos-300x195.jpg\" alt=\"\" width=\"300\" height=\"195\" srcset=\"https:\/\/www.santaritadopassaquatro.sp.gov.br\/portal\/wp-content\/uploads\/2020\/02\/carnaval2020_praparativos-300x195.jpg 300w, https:\/\/www.santaritadopassaquatro.sp.gov.br\/portal\/wp-content\/uploads\/2020\/02\/carnaval2020_praparativos-768x499.jpg 768w, https:\/\/www.santaritadopassaquatro.sp.gov.br\/portal\/wp-content\/uploads\/2020\/02\/carnaval2020_praparativos-1024x665.jpg 1024w\" sizes=\"(max-width: 300px) 100vw, 300px\" \/><figcaption id=\"caption-attachment-3408\" class=\"wp-caption-text\"><span style=\"font-size: 8pt; color: #999999;\"><em><strong>A pra\u00e7a da Esta\u00e7\u00e3o sendo preparada para o Santacarnafolia 2020, o Carnaval da Fam\u00edlia na Est\u00e2ncia (AssCom\/Divulga\u00e7\u00e3o)<\/strong><\/em><\/span><\/figcaption><\/figure>\n<p>J\u00e1 \u00e9 Carnaval! E Santa Rita do Passa Quatro vive mais um O Santacarnafolia. Edi\u00e7\u00e3o 2020 da festa da fam\u00edlia, promovida pelo Departamento de Cultura e Turismo da Prefeitura Municipal, segue at\u00e9 ter\u00e7a-feira (25\/2), com muita alegria, conforto e seguran\u00e7a, na Pra\u00e7a Poeta Mario Mattoso (Esta\u00e7\u00e3o).<\/p>\n<p>Nos quatro dias de folia, o evento acontece com expectativa de atrair muitos turistas na est\u00e2ncia, com a tradi\u00e7\u00e3o das antigas marchinhas e musicais infantis, nas primeiras horas da festa, e depois os diversos estilos musicais que animam os carnavais em todo Brasil. A anima\u00e7\u00e3o ser\u00e1 da banda Canossiasom e m\u00fasicos convidados.<\/p>\n<p>Toda a programa\u00e7\u00e3o acontece com entrada gratuita e participa\u00e7\u00e3o da feira do Turismo, em com completa pra\u00e7a de alimenta\u00e7\u00e3o. Para oferecer mais conforto e seguran\u00e7a \u00e0s fam\u00edlias, tamb\u00e9m como aconteceu no ano passado, mais uma vez haver\u00e1 uma \u00e1rea destinada \u00e0s crian\u00e7as. O Espa\u00e7o Kids ser\u00e1 reservado \u00e0 divers\u00e3o da garotada e para melhor atender as fam\u00edlias.<\/p>\n<p>O Santacarnafolia 2020 acontece de s\u00e1bado (22\/2), \u00e0 segunda-feira (25\/2), nos hor\u00e1rios das 17h \u00e0s 23 horas, e das 17h \u00e0s 22 horas, na ter\u00e7a-feira.<\/p>\n<p>&nbsp;<\/p>\n<p><strong>PR\u00c9-CARNAVAL<\/strong><\/p>\n<p>O Carnaval de Santa Rita do Passa Quatro j\u00e1 come\u00e7ou nesta quinta-feira (20\/2), com um pr\u00e9-carnaval, com anima\u00e7\u00e3o do Grupo Degrad\u00ea, juntamente com edi\u00e7\u00e3o noturna da Feira do Produtor, tamb\u00e9m da Pra\u00e7a da Esta\u00e7\u00e3o.<\/p>\n<p>Para o Setor de Turismo, a realiza\u00e7\u00e3o do Carnaval Popular, al\u00e9m de oferecer entretenimento gratuito \u00e0 popula\u00e7\u00e3o, tamb\u00e9m estimula toda a cadeia produtiva do turismo, j\u00e1 que o evento, ao longo dos anos vem ganhando destaque em toda a regi\u00e3o, colaborando com o desenvolvimento econ\u00f4mico do munic\u00edpio.<\/p>\n<p>&nbsp;<\/p>\n<p><strong>SEGURAN\u00c7A<\/strong><\/p>\n<p>A seguran\u00e7a do Santacarnafolia 2020 mais uma conta com o aux\u00edlio da Pol\u00edcia Militar, dentro do programa Atividade Delegada, al\u00e9m do monitoramento de c\u00e2meras de seguran\u00e7a.<\/p>\n<p>Em reuni\u00e3o com a PM e Departamento de Cultura e Turismo, ficou definido o que ser\u00e1 permitido e o que n\u00e3o ser\u00e1 permitido no recinto da pra\u00e7a da Esta\u00e7\u00e3o. Confira a seguir:<\/p>\n<p><strong>\u00a0<\/strong><\/p>\n<p><strong>O QUE PODE:<\/strong><\/p>\n<p>&#8211; Somente ser\u00e1 permitido o acesso de bebidas em garrafas pl\u00e1sticas e latas;<\/p>\n<p>&#8211; Cooler, Isopor ou Bolsas t\u00e9rmicas;<\/p>\n<p><strong>\u00a0<\/strong><\/p>\n<p><strong>N\u00c3O PODE:<\/strong><\/p>\n<p>&#8211; Garrafas e copos de vidro;<\/p>\n<p>&#8211; Objetos pontiagudos, cortantes ou perfurantes;<\/p>\n<p>&#8211; Fogos de artif\u00edcio;<\/p>\n<p>&#8211; Mesas de pl\u00e1stico ou de madeira;<\/p>\n<p>&#8211; Bebida para menores de 18 anos.<\/p>\n<p><strong>\u00a0<\/strong><\/p>\n<p><strong>SERVI\u00c7O<\/strong><\/p>\n<p><strong>SANTACARNAFOLIA 2020<\/strong><\/p>\n<p><strong>Data:<\/strong> 22, 23, 24 e 25 de fevereiro.<\/p>\n<p><strong>Local:<\/strong> Pra\u00e7a Poeta Mario Mattoso (Esta\u00e7\u00e3o).<\/p>\n<p><strong>Hor\u00e1rio:<\/strong> a partir das 17 horas.<\/p>\n<p>&nbsp;<\/p>\n<p>&nbsp;<\/p>\n<p><em>\u00a0<\/em><\/p>\n<p>&nbsp;<\/p>\n<p>&nbsp;<\/p>\n<p>&nbsp;<\/p>\n<p>&nbsp;<\/p>\n<p>&nbsp;<\/p>\n","protected":false},"excerpt":{"rendered":"<p>Promovido pelo Departamento Municipal de Turismo, evento ir\u00e1 oferecer mais op\u00e7\u00f5es para \u00e0s fam\u00edlias, com conforto e seguran\u00e7a at\u00e9 a<\/p>\n","protected":false},"author":1,"featured_media":3409,"comment_status":"closed","ping_status":"open","sticky":false,"template":"","format":"standard","meta":{"footnotes":""},"categories":[46,52,60],"tags":[],"class_list":["post-3407","post","type-post","status-publish","format-standard","has-post-thumbnail","hentry","category-cultura","category-latest","category-turismo"],"_links":{"self":[{"href":"https:\/\/www.santaritadopassaquatro.sp.gov.br\/portal\/wp-json\/wp\/v2\/posts\/3407","targetHints":{"allow":["GET"]}}],"collection":[{"href":"https:\/\/www.santaritadopassaquatro.sp.gov.br\/portal\/wp-json\/wp\/v2\/posts"}],"about":[{"href":"https:\/\/www.santaritadopassaquatro.sp.gov.br\/portal\/wp-json\/wp\/v2\/types\/post"}],"author":[{"embeddable":true,"href":"https:\/\/www.santaritadopassaquatro.sp.gov.br\/portal\/wp-json\/wp\/v2\/users\/1"}],"replies":[{"embeddable":true,"href":"https:\/\/www.santaritadopassaquatro.sp.gov.br\/portal\/wp-json\/wp\/v2\/comments?post=3407"}],"version-history":[{"count":0,"href":"https:\/\/www.santaritadopassaquatro.sp.gov.br\/portal\/wp-json\/wp\/v2\/posts\/3407\/revisions"}],"wp:featuredmedia":[{"embeddable":true,"href":"https:\/\/www.santaritadopassaquatro.sp.gov.br\/portal\/wp-json\/wp\/v2\/media\/3409"}],"wp:attachment":[{"href":"https:\/\/www.santaritadopassaquatro.sp.gov.br\/portal\/wp-json\/wp\/v2\/media?parent=3407"}],"wp:term":[{"taxonomy":"category","embeddable":true,"href":"https:\/\/www.santaritadopassaquatro.sp.gov.br\/portal\/wp-json\/wp\/v2\/categories?post=3407"},{"taxonomy":"post_tag","embeddable":true,"href":"https:\/\/www.santaritadopassaquatro.sp.gov.br\/portal\/wp-json\/wp\/v2\/tags?post=3407"}],"curies":[{"name":"wp","href":"https:\/\/api.w.org\/{rel}","templated":true}]}}