{"id":3419,"date":"2020-02-21T15:45:07","date_gmt":"2020-02-21T18:45:07","guid":{"rendered":"http:\/\/www.santaritadopassaquatro.sp.gov.br\/portal\/?p=3419"},"modified":"2020-02-21T15:45:07","modified_gmt":"2020-02-21T18:45:07","slug":"santa-rita-recebe-mais-um-onibus-escolar-do-programa-caminho-da-escola","status":"publish","type":"post","link":"https:\/\/www.santaritadopassaquatro.sp.gov.br\/portal\/santa-rita-recebe-mais-um-onibus-escolar-do-programa-caminho-da-escola\/","title":{"rendered":"Santa Rita recebe mais um \u00f4nibus escolar do programa Caminho da Escola"},"content":{"rendered":"<p><strong><em>Conv\u00eanio do Governo Federal atende solicita\u00e7\u00e3o do Prefeito ao deputado federal Guilherme Derrite, ve\u00edculo foi entregue na manh\u00e3 de segunda-feira<\/em><\/strong><\/p>\n<p>&nbsp;<\/p>\n<figure id=\"attachment_3416\" aria-describedby=\"caption-attachment-3416\" style=\"width: 300px\" class=\"wp-caption alignleft\"><img decoding=\"async\" class=\"wp-image-3416 size-medium\" src=\"http:\/\/www.santaritadopassaquatro.sp.gov.br\/portal\/wp-content\/uploads\/2020\/02\/Onibus-300x225.jpeg\" alt=\"\" width=\"300\" height=\"225\" srcset=\"https:\/\/www.santaritadopassaquatro.sp.gov.br\/portal\/wp-content\/uploads\/2020\/02\/Onibus-300x225.jpeg 300w, https:\/\/www.santaritadopassaquatro.sp.gov.br\/portal\/wp-content\/uploads\/2020\/02\/Onibus-768x576.jpeg 768w, https:\/\/www.santaritadopassaquatro.sp.gov.br\/portal\/wp-content\/uploads\/2020\/02\/Onibus.jpeg 1024w\" sizes=\"(max-width: 300px) 100vw, 300px\" \/><figcaption id=\"caption-attachment-3416\" class=\"wp-caption-text\"><span style=\"font-size: 8pt; color: #999999;\"><em><strong>O prefeito com a diretora e a supervisora do Departamento de Educa\u00e7\u00e3o recebendo o \u00f4nibus em SP (Divulga\u00e7\u00e3o)<\/strong><\/em><\/span><\/figcaption><\/figure>\n<p>A rede municipal de ensino de Santa Rita do Passa Quatro recebeu mais uma melhoria esta semana. Depois da reforma de tr\u00eas escolas p\u00fablicas, para o in\u00edcio do ano letivo, o Departamento Municipal de Educa\u00e7\u00e3o recebeu mais um \u00f4nibus para amplia\u00e7\u00e3o e melhoria da frota escolar que diariamente transporta alunos do munic\u00edpio.<\/p>\n<p>Nesta segunda-feira (17\/2) Santa Rita foi contemplada com o repasse direto um novo \u00f4nibus para compor a frota escolar, em mais uma parceria com o Governo Federal, atrav\u00e9s do Programa Caminho da Escola.<\/p>\n<p>O ve\u00edculo foi entregue em cerim\u00f4nia realizada em S\u00e3o Paulo, com a presen\u00e7a do prefeito Leandro Luciano dos Santos, da diretora do Departamento Municipal de Educa\u00e7\u00e3o, Roberta Gracioso Borges Chefer e a supervisora de ensino da educa\u00e7\u00e3o b\u00e1sica, Mirtes A. Miskulin Bernardo.<\/p>\n<figure id=\"attachment_3417\" aria-describedby=\"caption-attachment-3417\" style=\"width: 300px\" class=\"wp-caption alignright\"><img decoding=\"async\" class=\"wp-image-3417 size-medium\" src=\"http:\/\/www.santaritadopassaquatro.sp.gov.br\/portal\/wp-content\/uploads\/2020\/02\/onibus_1-300x200.jpg\" alt=\"\" width=\"300\" height=\"200\" srcset=\"https:\/\/www.santaritadopassaquatro.sp.gov.br\/portal\/wp-content\/uploads\/2020\/02\/onibus_1-300x200.jpg 300w, https:\/\/www.santaritadopassaquatro.sp.gov.br\/portal\/wp-content\/uploads\/2020\/02\/onibus_1-768x512.jpg 768w, https:\/\/www.santaritadopassaquatro.sp.gov.br\/portal\/wp-content\/uploads\/2020\/02\/onibus_1-1024x683.jpg 1024w\" sizes=\"(max-width: 300px) 100vw, 300px\" \/><figcaption id=\"caption-attachment-3417\" class=\"wp-caption-text\"><span style=\"font-size: 8pt; color: #999999;\"><em><strong>O prefeito com a Cabo PM Neves junto ao \u00f4nibus e nova viatura de roda escolar do munic\u00edpio (AssCom\/Divulga\u00e7\u00e3o)<\/strong><\/em><\/span><\/figcaption><\/figure>\n<p>O \u00f4nibus, da marca Mercedes-Benz, tem capacidade para o transporte de at\u00e9 44 crian\u00e7as e estrutura adaptada para atender a alunos com defici\u00eancia e mobilidade reduzida.<\/p>\n<p>Este \u00e9 o 10\u00ba \u00f4nibus que o Departamento Municipal de Educa\u00e7\u00e3o recebe desde 2013. O novo ve\u00edculo foi uma solicita\u00e7\u00e3o do prefeito Leandro ao deputado federal Guilherme Derrite, realizada durante uma reuni\u00e3o em novembro de 2019, em Descalvado, na sede da 3\u00aa Companhia de Pol\u00edcia Militar.<\/p>\n<p>\u201cComo muito orgulho, afirmo que nosso governo investe em educa\u00e7\u00e3o com muito amor e quem investe em educa\u00e7\u00e3o investe no futuro da cidade\u201d, disse o prefeito. \u201cAgrade\u00e7o ao deputado Derrite pela conquista\u201d, completou.<\/p>\n<p>&nbsp;<\/p>\n<p>&nbsp;<\/p>\n<p><strong>O PROGRAMA<\/strong><\/p>\n<p>O programa Caminho da Escola foi criado em 2007 com o objetivo de renovar a frota de ve\u00edculos escolares, garantir seguran\u00e7a e qualidade ao transporte dos estudantes e contribuir para a redu\u00e7\u00e3o da evas\u00e3o escolar, ampliando, por meio do transporte di\u00e1rio, o acesso e a perman\u00eancia na escola dos estudantes matriculados na educa\u00e7\u00e3o b\u00e1sica da zona rural. O Governo Federal, por meio do FNDE (Fundo Nacional de Desenvolvimento da Educa\u00e7\u00e3o) e em parceria com o Inmetro, oferece ve\u00edculos com especifica\u00e7\u00f5es exclusivas \u2014 pr\u00f3prias para o transporte de estudantes \u2014 e adequado \u00e0s condi\u00e7\u00f5es de trafegabilidade das vias das zonas rural e urbana.<\/p>\n<p>&nbsp;<\/p>\n<p>&nbsp;<\/p>\n","protected":false},"excerpt":{"rendered":"<p>Conv\u00eanio do Governo Federal atende solicita\u00e7\u00e3o do Prefeito ao deputado federal Guilherme Derrite, ve\u00edculo foi entregue na manh\u00e3 de segunda-feira<\/p>\n","protected":false},"author":1,"featured_media":3418,"comment_status":"closed","ping_status":"open","sticky":false,"template":"","format":"standard","meta":{"footnotes":""},"categories":[28,52],"tags":[],"class_list":["post-3419","post","type-post","status-publish","format-standard","has-post-thumbnail","hentry","category-educacao","category-latest"],"_links":{"self":[{"href":"https:\/\/www.santaritadopassaquatro.sp.gov.br\/portal\/wp-json\/wp\/v2\/posts\/3419","targetHints":{"allow":["GET"]}}],"collection":[{"href":"https:\/\/www.santaritadopassaquatro.sp.gov.br\/portal\/wp-json\/wp\/v2\/posts"}],"about":[{"href":"https:\/\/www.santaritadopassaquatro.sp.gov.br\/portal\/wp-json\/wp\/v2\/types\/post"}],"author":[{"embeddable":true,"href":"https:\/\/www.santaritadopassaquatro.sp.gov.br\/portal\/wp-json\/wp\/v2\/users\/1"}],"replies":[{"embeddable":true,"href":"https:\/\/www.santaritadopassaquatro.sp.gov.br\/portal\/wp-json\/wp\/v2\/comments?post=3419"}],"version-history":[{"count":1,"href":"https:\/\/www.santaritadopassaquatro.sp.gov.br\/portal\/wp-json\/wp\/v2\/posts\/3419\/revisions"}],"predecessor-version":[{"id":3420,"href":"https:\/\/www.santaritadopassaquatro.sp.gov.br\/portal\/wp-json\/wp\/v2\/posts\/3419\/revisions\/3420"}],"wp:featuredmedia":[{"embeddable":true,"href":"https:\/\/www.santaritadopassaquatro.sp.gov.br\/portal\/wp-json\/wp\/v2\/media\/3418"}],"wp:attachment":[{"href":"https:\/\/www.santaritadopassaquatro.sp.gov.br\/portal\/wp-json\/wp\/v2\/media?parent=3419"}],"wp:term":[{"taxonomy":"category","embeddable":true,"href":"https:\/\/www.santaritadopassaquatro.sp.gov.br\/portal\/wp-json\/wp\/v2\/categories?post=3419"},{"taxonomy":"post_tag","embeddable":true,"href":"https:\/\/www.santaritadopassaquatro.sp.gov.br\/portal\/wp-json\/wp\/v2\/tags?post=3419"}],"curies":[{"name":"wp","href":"https:\/\/api.w.org\/{rel}","templated":true}]}}