{"id":3467,"date":"2020-02-28T15:23:58","date_gmt":"2020-02-28T18:23:58","guid":{"rendered":"http:\/\/www.santaritadopassaquatro.sp.gov.br\/portal\/?p=3467"},"modified":"2020-02-28T15:23:58","modified_gmt":"2020-02-28T18:23:58","slug":"mais-carnaval-confira-os-momentos-mais-marcantes-do-santacarnafolia-2020","status":"publish","type":"post","link":"https:\/\/www.santaritadopassaquatro.sp.gov.br\/portal\/mais-carnaval-confira-os-momentos-mais-marcantes-do-santacarnafolia-2020\/","title":{"rendered":"MAIS CARNAVAL: Confira os momentos mais marcantes do Santacarnafolia 2020"},"content":{"rendered":"<p><strong><em>O fot\u00f3grafo Sydney Junior registou todo o evento na Pra\u00e7a Poeta Mario Mattoso <\/em><\/strong><\/p>\n<div id='gallery-1' class='gallery galleryid-3467 gallery-columns-3 gallery-size-colormag-featured-image'><figure class='gallery-item'>\n\t\t\t<div class='gallery-icon landscape'>\n\t\t\t\t<a href='https:\/\/www.santaritadopassaquatro.sp.gov.br\/portal\/santacarnafolia2020_01\/'><img decoding=\"async\" width=\"800\" height=\"445\" src=\"https:\/\/www.santaritadopassaquatro.sp.gov.br\/portal\/wp-content\/uploads\/2020\/02\/Santacarnafolia2020_01-800x445.jpg\" class=\"attachment-colormag-featured-image size-colormag-featured-image\" alt=\"\" aria-describedby=\"gallery-1-3447\" \/><\/a>\n\t\t\t<\/div>\n\t\t\t\t<figcaption class='wp-caption-text gallery-caption' id='gallery-1-3447'>\n\t\t\t\tP\u00fablico da cidade e turistas tomaram conta da Pra\u00e7a da Esta\u00e7\u00e3o nas quatro noites do Santacarnafolia 2020 (Sidney Junior\/Divulga\u00e7\u00e3o)\n\t\t\t\t<\/figcaption><\/figure><figure class='gallery-item'>\n\t\t\t<div class='gallery-icon landscape'>\n\t\t\t\t<a href='https:\/\/www.santaritadopassaquatro.sp.gov.br\/portal\/santacarnafolia2020_02_musicos\/'><img decoding=\"async\" width=\"800\" height=\"445\" src=\"https:\/\/www.santaritadopassaquatro.sp.gov.br\/portal\/wp-content\/uploads\/2020\/02\/Santacarnafolia2020_02_musicos-800x445.jpg\" class=\"attachment-colormag-featured-image size-colormag-featured-image\" alt=\"\" aria-describedby=\"gallery-1-3448\" \/><\/a>\n\t\t\t<\/div>\n\t\t\t\t<figcaption class='wp-caption-text gallery-caption' id='gallery-1-3448'>\n\t\t\t\tM\u00fasicos da banda e o cantor Manga, que animaram as primeiras horas da folia com as tradicionais marchinhas carnavalescas 2020 (Sidney Junior\/Divulga\u00e7\u00e3o)\n\t\t\t\t<\/figcaption><\/figure><figure class='gallery-item'>\n\t\t\t<div class='gallery-icon landscape'>\n\t\t\t\t<a href='https:\/\/www.santaritadopassaquatro.sp.gov.br\/portal\/santacarnafolia2020_03_musicos_manga\/'><img decoding=\"async\" width=\"800\" height=\"445\" src=\"https:\/\/www.santaritadopassaquatro.sp.gov.br\/portal\/wp-content\/uploads\/2020\/02\/Santacarnafolia2020_03_musicos_manga-800x445.jpg\" class=\"attachment-colormag-featured-image size-colormag-featured-image\" alt=\"\" aria-describedby=\"gallery-1-3449\" \/><\/a>\n\t\t\t<\/div>\n\t\t\t\t<figcaption class='wp-caption-text gallery-caption' id='gallery-1-3449'>\n\t\t\t\tM\u00fasicos da banda e o cantor Manga, que animaram as primeiras horas da folia com as tradicionais marchinhas carnavalescas 2020 (Sidney Junior\/Divulga\u00e7\u00e3o)\n\t\t\t\t<\/figcaption><\/figure><figure class='gallery-item'>\n\t\t\t<div class='gallery-icon landscape'>\n\t\t\t\t<a href='https:\/\/www.santaritadopassaquatro.sp.gov.br\/portal\/santacarnafolia2020_04_musicos_sopro\/'><img decoding=\"async\" width=\"800\" height=\"445\" src=\"https:\/\/www.santaritadopassaquatro.sp.gov.br\/portal\/wp-content\/uploads\/2020\/02\/Santacarnafolia2020_04_musicos_sopro-800x445.jpg\" class=\"attachment-colormag-featured-image size-colormag-featured-image\" alt=\"\" aria-describedby=\"gallery-1-3450\" \/><\/a>\n\t\t\t<\/div>\n\t\t\t\t<figcaption class='wp-caption-text gallery-caption' id='gallery-1-3450'>\n\t\t\t\tM\u00fasicos da banda e o cantor Manga, que animaram as primeiras horas da folia com as tradicionais marchinhas carnavalescas 2020 (Sidney Junior\/Divulga\u00e7\u00e3o)\n\t\t\t\t<\/figcaption><\/figure><figure class='gallery-item'>\n\t\t\t<div class='gallery-icon landscape'>\n\t\t\t\t<a href='https:\/\/www.santaritadopassaquatro.sp.gov.br\/portal\/santacarnafolia2020_05_musicos_cantores\/'><img decoding=\"async\" width=\"800\" height=\"445\" src=\"https:\/\/www.santaritadopassaquatro.sp.gov.br\/portal\/wp-content\/uploads\/2020\/02\/Santacarnafolia2020_05_musicos_cantores-800x445.jpg\" class=\"attachment-colormag-featured-image size-colormag-featured-image\" alt=\"\" aria-describedby=\"gallery-1-3451\" \/><\/a>\n\t\t\t<\/div>\n\t\t\t\t<figcaption class='wp-caption-text gallery-caption' id='gallery-1-3451'>\n\t\t\t\tA banda Canossiasom, m\u00fasicos e dan\u00e7arinas convidados animaram os foli\u00f5es com os hits carnavalescos de todos os tempos (Sidney Junior\/Divulga\u00e7\u00e3o)\n\t\t\t\t<\/figcaption><\/figure><figure class='gallery-item'>\n\t\t\t<div class='gallery-icon landscape'>\n\t\t\t\t<a href='https:\/\/www.santaritadopassaquatro.sp.gov.br\/portal\/santacarnafolia2020_06_musicos_dancarinos\/'><img decoding=\"async\" width=\"800\" height=\"445\" src=\"https:\/\/www.santaritadopassaquatro.sp.gov.br\/portal\/wp-content\/uploads\/2020\/02\/Santacarnafolia2020_06_musicos_dancarinos-800x445.jpg\" class=\"attachment-colormag-featured-image size-colormag-featured-image\" alt=\"\" aria-describedby=\"gallery-1-3452\" \/><\/a>\n\t\t\t<\/div>\n\t\t\t\t<figcaption class='wp-caption-text gallery-caption' id='gallery-1-3452'>\n\t\t\t\tA banda Canossiasom, m\u00fasicos e dan\u00e7arinas convidados animaram os foli\u00f5es com os hits carnavalescos de todos os tempos (Sidney Junior\/Divulga\u00e7\u00e3o)\n\t\t\t\t<\/figcaption><\/figure><figure class='gallery-item'>\n\t\t\t<div class='gallery-icon landscape'>\n\t\t\t\t<a href='https:\/\/www.santaritadopassaquatro.sp.gov.br\/portal\/santacarnafolia2020_07_musicos_dancarinos\/'><img decoding=\"async\" width=\"800\" height=\"445\" src=\"https:\/\/www.santaritadopassaquatro.sp.gov.br\/portal\/wp-content\/uploads\/2020\/02\/Santacarnafolia2020_07_musicos_dancarinos-800x445.jpg\" class=\"attachment-colormag-featured-image size-colormag-featured-image\" alt=\"\" aria-describedby=\"gallery-1-3453\" \/><\/a>\n\t\t\t<\/div>\n\t\t\t\t<figcaption class='wp-caption-text gallery-caption' id='gallery-1-3453'>\n\t\t\t\tA banda Canossiasom, m\u00fasicos e dan\u00e7arinas convidados animaram os foli\u00f5es com os hits carnavalescos de todos os tempos (Sidney Junior\/Divulga\u00e7\u00e3o)\n\t\t\t\t<\/figcaption><\/figure><figure class='gallery-item'>\n\t\t\t<div class='gallery-icon landscape'>\n\t\t\t\t<a href='https:\/\/www.santaritadopassaquatro.sp.gov.br\/portal\/santacarnafolia2020_08_discurso\/'><img decoding=\"async\" width=\"800\" height=\"445\" src=\"https:\/\/www.santaritadopassaquatro.sp.gov.br\/portal\/wp-content\/uploads\/2020\/02\/Santacarnafolia2020_08_discurso-800x445.jpg\" class=\"attachment-colormag-featured-image size-colormag-featured-image\" alt=\"\" aria-describedby=\"gallery-1-3454\" \/><\/a>\n\t\t\t<\/div>\n\t\t\t\t<figcaption class='wp-caption-text gallery-caption' id='gallery-1-3454'>\n\t\t\t\tPrefeito, vice-prefeita e diretor de Turismo e Cultura deram seu recado ao p\u00fablico presente na pra\u00e7a M\u00e1rio Mattoso   (Sidney Junior\/Divulga\u00e7\u00e3o)\n\t\t\t\t<\/figcaption><\/figure><figure class='gallery-item'>\n\t\t\t<div class='gallery-icon landscape'>\n\t\t\t\t<a href='https:\/\/www.santaritadopassaquatro.sp.gov.br\/portal\/santacarnafolia2020_09_discurso\/'><img decoding=\"async\" width=\"800\" height=\"445\" src=\"https:\/\/www.santaritadopassaquatro.sp.gov.br\/portal\/wp-content\/uploads\/2020\/02\/Santacarnafolia2020_09_discurso-800x445.jpg\" class=\"attachment-colormag-featured-image size-colormag-featured-image\" alt=\"\" aria-describedby=\"gallery-1-3455\" \/><\/a>\n\t\t\t<\/div>\n\t\t\t\t<figcaption class='wp-caption-text gallery-caption' id='gallery-1-3455'>\n\t\t\t\tPrefeito, vice-prefeita e diretor de Turismo e Cultura deram seu recado ao p\u00fablico presente na pra\u00e7a M\u00e1rio Mattoso   (Sidney Junior\/Divulga\u00e7\u00e3o)\n\t\t\t\t<\/figcaption><\/figure><figure class='gallery-item'>\n\t\t\t<div class='gallery-icon landscape'>\n\t\t\t\t<a href='https:\/\/www.santaritadopassaquatro.sp.gov.br\/portal\/santacarnafolia2020_10_criancas_publico\/'><img decoding=\"async\" width=\"800\" height=\"445\" src=\"https:\/\/www.santaritadopassaquatro.sp.gov.br\/portal\/wp-content\/uploads\/2020\/02\/Santacarnafolia2020_10_criancas_publico-800x445.jpg\" class=\"attachment-colormag-featured-image size-colormag-featured-image\" alt=\"\" aria-describedby=\"gallery-1-3456\" \/><\/a>\n\t\t\t<\/div>\n\t\t\t\t<figcaption class='wp-caption-text gallery-caption' id='gallery-1-3456'>\n\t\t\t\tMuitas crian\u00e7as presentes, comprovando o t\u00edtulo de \u201cCarnaval da Fam\u00edlia\u201d, no Santacarnafolia  (Sidney Junior\/Divulga\u00e7\u00e3o)\n\t\t\t\t<\/figcaption><\/figure><figure class='gallery-item'>\n\t\t\t<div class='gallery-icon landscape'>\n\t\t\t\t<a href='https:\/\/www.santaritadopassaquatro.sp.gov.br\/portal\/santacarnafolia2020_11_criancas_publico\/'><img decoding=\"async\" width=\"800\" height=\"445\" src=\"https:\/\/www.santaritadopassaquatro.sp.gov.br\/portal\/wp-content\/uploads\/2020\/02\/Santacarnafolia2020_11_criancas_publico-800x445.jpg\" class=\"attachment-colormag-featured-image size-colormag-featured-image\" alt=\"\" aria-describedby=\"gallery-1-3457\" \/><\/a>\n\t\t\t<\/div>\n\t\t\t\t<figcaption class='wp-caption-text gallery-caption' id='gallery-1-3457'>\n\t\t\t\tMuitas crian\u00e7as presentes, comprovando o t\u00edtulo de \u201cCarnaval da Fam\u00edlia\u201d, no Santacarnafolia  (Sidney Junior\/Divulga\u00e7\u00e3o)\n\t\t\t\t<\/figcaption><\/figure><figure class='gallery-item'>\n\t\t\t<div class='gallery-icon landscape'>\n\t\t\t\t<a href='https:\/\/www.santaritadopassaquatro.sp.gov.br\/portal\/santacarnafolia2020_12_criancas_publico\/'><img decoding=\"async\" width=\"800\" height=\"445\" src=\"https:\/\/www.santaritadopassaquatro.sp.gov.br\/portal\/wp-content\/uploads\/2020\/02\/Santacarnafolia2020_12_criancas_publico-800x445.jpg\" class=\"attachment-colormag-featured-image size-colormag-featured-image\" alt=\"\" aria-describedby=\"gallery-1-3458\" \/><\/a>\n\t\t\t<\/div>\n\t\t\t\t<figcaption class='wp-caption-text gallery-caption' id='gallery-1-3458'>\n\t\t\t\tMuitas crian\u00e7as presentes, comprovando o t\u00edtulo de \u201cCarnaval da Fam\u00edlia\u201d, no Santacarnafolia  (Sidney Junior\/Divulga\u00e7\u00e3o)\n\t\t\t\t<\/figcaption><\/figure><figure class='gallery-item'>\n\t\t\t<div class='gallery-icon landscape'>\n\t\t\t\t<a href='https:\/\/www.santaritadopassaquatro.sp.gov.br\/portal\/santacarnafolia2020_13_criancas_publico\/'><img decoding=\"async\" width=\"800\" height=\"445\" src=\"https:\/\/www.santaritadopassaquatro.sp.gov.br\/portal\/wp-content\/uploads\/2020\/02\/Santacarnafolia2020_13_criancas_publico-800x445.jpg\" class=\"attachment-colormag-featured-image size-colormag-featured-image\" alt=\"\" aria-describedby=\"gallery-1-3459\" \/><\/a>\n\t\t\t<\/div>\n\t\t\t\t<figcaption class='wp-caption-text gallery-caption' id='gallery-1-3459'>\n\t\t\t\tMuitas crian\u00e7as presentes, comprovando o t\u00edtulo de \u201cCarnaval da Fam\u00edlia\u201d, no Santacarnafolia  (Sidney Junior\/Divulga\u00e7\u00e3o)\n\t\t\t\t<\/figcaption><\/figure><figure class='gallery-item'>\n\t\t\t<div class='gallery-icon landscape'>\n\t\t\t\t<a href='https:\/\/www.santaritadopassaquatro.sp.gov.br\/portal\/santacarnafolia2020_14_criancas_publico\/'><img decoding=\"async\" width=\"800\" height=\"445\" src=\"https:\/\/www.santaritadopassaquatro.sp.gov.br\/portal\/wp-content\/uploads\/2020\/02\/Santacarnafolia2020_14_criancas_publico-800x445.jpg\" class=\"attachment-colormag-featured-image size-colormag-featured-image\" alt=\"\" aria-describedby=\"gallery-1-3460\" \/><\/a>\n\t\t\t<\/div>\n\t\t\t\t<figcaption class='wp-caption-text gallery-caption' id='gallery-1-3460'>\n\t\t\t\tMuitas crian\u00e7as presentes, comprovando o t\u00edtulo de \u201cCarnaval da Fam\u00edlia\u201d, no Santacarnafolia  (Sidney Junior\/Divulga\u00e7\u00e3o)\n\t\t\t\t<\/figcaption><\/figure><figure class='gallery-item'>\n\t\t\t<div class='gallery-icon landscape'>\n\t\t\t\t<a href='https:\/\/www.santaritadopassaquatro.sp.gov.br\/portal\/santacarnafolia2020_15_criancas_publico\/'><img decoding=\"async\" width=\"800\" height=\"445\" src=\"https:\/\/www.santaritadopassaquatro.sp.gov.br\/portal\/wp-content\/uploads\/2020\/02\/Santacarnafolia2020_15_criancas_publico-800x445.jpg\" class=\"attachment-colormag-featured-image size-colormag-featured-image\" alt=\"\" aria-describedby=\"gallery-1-3461\" \/><\/a>\n\t\t\t<\/div>\n\t\t\t\t<figcaption class='wp-caption-text gallery-caption' id='gallery-1-3461'>\n\t\t\t\tMuitas crian\u00e7as presentes, comprovando o t\u00edtulo de \u201cCarnaval da Fam\u00edlia\u201d, no Santacarnafolia  (Sidney Junior\/Divulga\u00e7\u00e3o)\n\t\t\t\t<\/figcaption><\/figure><figure class='gallery-item'>\n\t\t\t<div class='gallery-icon landscape'>\n\t\t\t\t<a href='https:\/\/www.santaritadopassaquatro.sp.gov.br\/portal\/santacarnafolia2020_16_escola_samba\/'><img decoding=\"async\" width=\"800\" height=\"445\" src=\"https:\/\/www.santaritadopassaquatro.sp.gov.br\/portal\/wp-content\/uploads\/2020\/02\/Santacarnafolia2020_16_escola_samba-800x445.jpg\" class=\"attachment-colormag-featured-image size-colormag-featured-image\" alt=\"\" aria-describedby=\"gallery-1-3462\" \/><\/a>\n\t\t\t<\/div>\n\t\t\t\t<figcaption class='wp-caption-text gallery-caption' id='gallery-1-3462'>\n\t\t\t\tEscola Confraria do Samba, de Santa Cruz das Palmeiras, esteve entre as atra\u00e7\u00f5es do carnaval de Santa Rita (Sidney Junior\/Divulga\u00e7\u00e3o)\n\t\t\t\t<\/figcaption><\/figure><figure class='gallery-item'>\n\t\t\t<div class='gallery-icon landscape'>\n\t\t\t\t<a href='https:\/\/www.santaritadopassaquatro.sp.gov.br\/portal\/santacarnafolia2020_17_escola_samba\/'><img decoding=\"async\" width=\"800\" height=\"445\" src=\"https:\/\/www.santaritadopassaquatro.sp.gov.br\/portal\/wp-content\/uploads\/2020\/02\/Santacarnafolia2020_17_escola_samba-800x445.jpg\" class=\"attachment-colormag-featured-image size-colormag-featured-image\" alt=\"\" aria-describedby=\"gallery-1-3463\" \/><\/a>\n\t\t\t<\/div>\n\t\t\t\t<figcaption class='wp-caption-text gallery-caption' id='gallery-1-3463'>\n\t\t\t\tEscola Confraria do Samba, de Santa Cruz das Palmeiras, esteve entre as atra\u00e7\u00f5es do carnaval de Santa Rita (Sidney Junior\/Divulga\u00e7\u00e3o)\n\t\t\t\t<\/figcaption><\/figure><figure class='gallery-item'>\n\t\t\t<div class='gallery-icon landscape'>\n\t\t\t\t<a href='https:\/\/www.santaritadopassaquatro.sp.gov.br\/portal\/santacarnafolia2020_18_escola_samba\/'><img decoding=\"async\" width=\"800\" height=\"445\" src=\"https:\/\/www.santaritadopassaquatro.sp.gov.br\/portal\/wp-content\/uploads\/2020\/02\/Santacarnafolia2020_18_escola_samba-800x445.jpg\" class=\"attachment-colormag-featured-image size-colormag-featured-image\" alt=\"\" aria-describedby=\"gallery-1-3464\" \/><\/a>\n\t\t\t<\/div>\n\t\t\t\t<figcaption class='wp-caption-text gallery-caption' id='gallery-1-3464'>\n\t\t\t\tEscola Confraria do Samba, de Santa Cruz das Palmeiras, esteve entre as atra\u00e7\u00f5es do carnaval de Santa Rita (Sidney Junior\/Divulga\u00e7\u00e3o)\n\t\t\t\t<\/figcaption><\/figure><figure class='gallery-item'>\n\t\t\t<div class='gallery-icon landscape'>\n\t\t\t\t<a href='https:\/\/www.santaritadopassaquatro.sp.gov.br\/portal\/santacarnafolia2020_19_publico_banda\/'><img decoding=\"async\" width=\"800\" height=\"445\" src=\"https:\/\/www.santaritadopassaquatro.sp.gov.br\/portal\/wp-content\/uploads\/2020\/02\/Santacarnafolia2020_19_publico_banda-800x445.jpg\" class=\"attachment-colormag-featured-image size-colormag-featured-image\" alt=\"\" aria-describedby=\"gallery-1-3465\" \/><\/a>\n\t\t\t<\/div>\n\t\t\t\t<figcaption class='wp-caption-text gallery-caption' id='gallery-1-3465'>\n\t\t\t\t Banda e p\u00fablico deram o tom da festa no Santacarnafolia 2020  (Sidney Junior\/Divulga\u00e7\u00e3o)\n\t\t\t\t<\/figcaption><\/figure><figure class='gallery-item'>\n\t\t\t<div class='gallery-icon landscape'>\n\t\t\t\t<a href='https:\/\/www.santaritadopassaquatro.sp.gov.br\/portal\/santacarnafolia2020_20_publico_banda\/'><img decoding=\"async\" width=\"800\" height=\"445\" src=\"https:\/\/www.santaritadopassaquatro.sp.gov.br\/portal\/wp-content\/uploads\/2020\/02\/Santacarnafolia2020_20_publico_banda-800x445.jpg\" class=\"attachment-colormag-featured-image size-colormag-featured-image\" alt=\"\" aria-describedby=\"gallery-1-3466\" \/><\/a>\n\t\t\t<\/div>\n\t\t\t\t<figcaption class='wp-caption-text gallery-caption' id='gallery-1-3466'>\n\t\t\t\t Banda e p\u00fablico deram o tom da festa no Santacarnafolia 2020  (Sidney Junior\/Divulga\u00e7\u00e3o)\n\t\t\t\t<\/figcaption><\/figure>\n\t\t<\/div>\n\n","protected":false},"excerpt":{"rendered":"<p>O fot\u00f3grafo Sydney Junior registou todo o evento na Pra\u00e7a Poeta Mario Mattoso<\/p>\n","protected":false},"author":1,"featured_media":3466,"comment_status":"closed","ping_status":"open","sticky":false,"template":"","format":"standard","meta":{"footnotes":""},"categories":[46,52,60],"tags":[],"class_list":["post-3467","post","type-post","status-publish","format-standard","has-post-thumbnail","hentry","category-cultura","category-latest","category-turismo"],"_links":{"self":[{"href":"https:\/\/www.santaritadopassaquatro.sp.gov.br\/portal\/wp-json\/wp\/v2\/posts\/3467","targetHints":{"allow":["GET"]}}],"collection":[{"href":"https:\/\/www.santaritadopassaquatro.sp.gov.br\/portal\/wp-json\/wp\/v2\/posts"}],"about":[{"href":"https:\/\/www.santaritadopassaquatro.sp.gov.br\/portal\/wp-json\/wp\/v2\/types\/post"}],"author":[{"embeddable":true,"href":"https:\/\/www.santaritadopassaquatro.sp.gov.br\/portal\/wp-json\/wp\/v2\/users\/1"}],"replies":[{"embeddable":true,"href":"https:\/\/www.santaritadopassaquatro.sp.gov.br\/portal\/wp-json\/wp\/v2\/comments?post=3467"}],"version-history":[{"count":0,"href":"https:\/\/www.santaritadopassaquatro.sp.gov.br\/portal\/wp-json\/wp\/v2\/posts\/3467\/revisions"}],"wp:featuredmedia":[{"embeddable":true,"href":"https:\/\/www.santaritadopassaquatro.sp.gov.br\/portal\/wp-json\/wp\/v2\/media\/3466"}],"wp:attachment":[{"href":"https:\/\/www.santaritadopassaquatro.sp.gov.br\/portal\/wp-json\/wp\/v2\/media?parent=3467"}],"wp:term":[{"taxonomy":"category","embeddable":true,"href":"https:\/\/www.santaritadopassaquatro.sp.gov.br\/portal\/wp-json\/wp\/v2\/categories?post=3467"},{"taxonomy":"post_tag","embeddable":true,"href":"https:\/\/www.santaritadopassaquatro.sp.gov.br\/portal\/wp-json\/wp\/v2\/tags?post=3467"}],"curies":[{"name":"wp","href":"https:\/\/api.w.org\/{rel}","templated":true}]}}