{"id":3469,"date":"2020-02-28T15:27:33","date_gmt":"2020-02-28T18:27:33","guid":{"rendered":"http:\/\/www.santaritadopassaquatro.sp.gov.br\/portal\/?p=3469"},"modified":"2020-02-28T15:27:33","modified_gmt":"2020-02-28T18:27:33","slug":"santacarnafolia-2020-carnaval-da-familia-e-mais-uma-vez-sucesso-na-praca-da-estacao","status":"publish","type":"post","link":"https:\/\/www.santaritadopassaquatro.sp.gov.br\/portal\/santacarnafolia-2020-carnaval-da-familia-e-mais-uma-vez-sucesso-na-praca-da-estacao\/","title":{"rendered":"SANTACARNAFOLIA 2020:\u00a0Carnaval da Fam\u00edlia \u00e9 mais uma vez sucesso na Pra\u00e7a da Esta\u00e7\u00e3o"},"content":{"rendered":"<p><strong><em>Promovido pelo Departamento Municipal de Turismo, evento recebeu grande p\u00fablico da cidade e regi\u00e3o <\/em><\/strong><\/p>\n<p>&nbsp;<\/p>\n<figure id=\"attachment_3471\" aria-describedby=\"caption-attachment-3471\" style=\"width: 300px\" class=\"wp-caption alignleft\"><img decoding=\"async\" class=\"wp-image-3471 size-medium\" src=\"http:\/\/www.santaritadopassaquatro.sp.gov.br\/portal\/wp-content\/uploads\/2020\/02\/Carnaval_01-300x200.jpg\" alt=\"\" width=\"300\" height=\"200\" srcset=\"https:\/\/www.santaritadopassaquatro.sp.gov.br\/portal\/wp-content\/uploads\/2020\/02\/Carnaval_01-300x200.jpg 300w, https:\/\/www.santaritadopassaquatro.sp.gov.br\/portal\/wp-content\/uploads\/2020\/02\/Carnaval_01-768x512.jpg 768w, https:\/\/www.santaritadopassaquatro.sp.gov.br\/portal\/wp-content\/uploads\/2020\/02\/Carnaval_01-1024x683.jpg 1024w\" sizes=\"(max-width: 300px) 100vw, 300px\" \/><figcaption id=\"caption-attachment-3471\" class=\"wp-caption-text\"><span style=\"font-size: 8pt; color: #999999;\"><em><strong>Prefeito, vice-prefeita, com os m\u00fasicos e dan\u00e7arinos que animaram o Santacarnafolia 2020, na Pra\u00e7a da Esta\u00e7\u00e3o (Sidney Junior\/Divulga\u00e7\u00e3o)<\/strong><\/em><\/span><\/figcaption><\/figure>\n<p>\u201cCarnaval da Fam\u00edlia\u201d, assim est\u00e1 sendo chamado o evento realizado mais uma vez com grande sucesso, na Pra\u00e7a Poeta M\u00e1rio Mattoso (Esta\u00e7\u00e3o), em Santa Rita do Passa Quatro. Promovido pelo Departamento de Cultura e Turismo da Prefeitura Municipal, o Santacarnafolia 2020 come\u00e7ou no final da tarde no s\u00e1bado (22\/2) e foi at\u00e9 a ter\u00e7a-feira (25\/2), com muita alegria e descontra\u00e7\u00e3o.<\/p>\n<p>Com resgate das tradicionais marchinhas e m\u00fasicas infantis seguindo de sucessos atuais, o evento recebeu foli\u00f5es da cidade e muitos turistas. A anima\u00e7\u00e3o foi banda Canossiasom e m\u00fasicos convidados, que desfilou seu repert\u00f3rio em todos os estilos. O evento tamb\u00e9m contou com a participa\u00e7\u00e3o dos grupos de dan\u00e7a Fuzu\u00ea, New Dance e Balanc\u00ea, al\u00e9m da Escola de Samba da Associa\u00e7\u00e3o Cultural Confraria do Samba de Santa Cruz das Palmeiras, com a presen\u00e7a dos chamados \u201cbonecos de Olinda\u201d, na noite de segunda-feira.<\/p>\n<figure id=\"attachment_3470\" aria-describedby=\"caption-attachment-3470\" style=\"width: 300px\" class=\"wp-caption alignright\"><img decoding=\"async\" class=\"wp-image-3470 size-medium\" src=\"http:\/\/www.santaritadopassaquatro.sp.gov.br\/portal\/wp-content\/uploads\/2020\/02\/Carnaval_03_area_kids-300x200.jpg\" alt=\"\" width=\"300\" height=\"200\" srcset=\"https:\/\/www.santaritadopassaquatro.sp.gov.br\/portal\/wp-content\/uploads\/2020\/02\/Carnaval_03_area_kids-300x200.jpg 300w, https:\/\/www.santaritadopassaquatro.sp.gov.br\/portal\/wp-content\/uploads\/2020\/02\/Carnaval_03_area_kids-768x512.jpg 768w, https:\/\/www.santaritadopassaquatro.sp.gov.br\/portal\/wp-content\/uploads\/2020\/02\/Carnaval_03_area_kids-1024x682.jpg 1024w, https:\/\/www.santaritadopassaquatro.sp.gov.br\/portal\/wp-content\/uploads\/2020\/02\/Carnaval_03_area_kids.jpg 1976w\" sizes=\"(max-width: 300px) 100vw, 300px\" \/><figcaption id=\"caption-attachment-3470\" class=\"wp-caption-text\"><span style=\"font-size: 8pt; color: #999999;\"><em><strong>Crian\u00e7as brincando na \u00c1rea Kids, onde tamb\u00e9m contou com um frald\u00e1rio, para conforto das fam\u00edlias (AssCom\/Divulga\u00e7\u00e3o)<\/strong><\/em><\/span><\/figcaption><\/figure>\n<p>Toda a programa\u00e7\u00e3o aconteceu com entrada gratuita e, de acordo com a organiza\u00e7\u00e3o, a pra\u00e7a recebeu cerca de 5 mil pessoas por dia de evento. A organiza\u00e7\u00e3o registou foli\u00f5es das cidades vizinhas e at\u00e9 mais distantes, como Araraquara, Porto Ferreira, S\u00e3o Carlos, Tamba\u00fa e S\u00e3o Paulo, entre outros.<\/p>\n<p>Mais uma vez a \u201c\u00c1rea Kids\u201d foi sucesso, com muitas crian\u00e7as se divertindo e total conforto e seguran\u00e7a \u00e0s fam\u00edlias, com espa\u00e7o reservado \u00e0 divers\u00e3o e at\u00e9 um frald\u00e1rio.<\/p>\n<p>A Pol\u00edcia Militar atuou com seu efetivo no aux\u00edlio \u00e0 seguran\u00e7a, atrav\u00e9s do Conv\u00eanio da Atividade Delegada, em parceria com a Prefeitura Municipal. O recinto tamb\u00e9m contou com monitoramento de 26 c\u00e2meras de seguran\u00e7a. O departamento de Sa\u00fade disponibilizou ambul\u00e2ncia al\u00e9m da unidade do SAMU (Servi\u00e7o de Atendimento M\u00f3vel de Urg\u00eancia).<\/p>\n<figure id=\"attachment_3472\" aria-describedby=\"caption-attachment-3472\" style=\"width: 300px\" class=\"wp-caption alignleft\"><img decoding=\"async\" class=\"wp-image-3472 size-medium\" src=\"http:\/\/www.santaritadopassaquatro.sp.gov.br\/portal\/wp-content\/uploads\/2020\/02\/Carnaval_02_monitoramento-300x200.jpg\" alt=\"\" width=\"300\" height=\"200\" srcset=\"https:\/\/www.santaritadopassaquatro.sp.gov.br\/portal\/wp-content\/uploads\/2020\/02\/Carnaval_02_monitoramento-300x200.jpg 300w, https:\/\/www.santaritadopassaquatro.sp.gov.br\/portal\/wp-content\/uploads\/2020\/02\/Carnaval_02_monitoramento-768x512.jpg 768w, https:\/\/www.santaritadopassaquatro.sp.gov.br\/portal\/wp-content\/uploads\/2020\/02\/Carnaval_02_monitoramento-1024x682.jpg 1024w, https:\/\/www.santaritadopassaquatro.sp.gov.br\/portal\/wp-content\/uploads\/2020\/02\/Carnaval_02_monitoramento.jpg 1976w\" sizes=\"(max-width: 300px) 100vw, 300px\" \/><figcaption id=\"caption-attachment-3472\" class=\"wp-caption-text\"><span style=\"font-size: 8pt; color: #999999;\"><em><strong>O Prefeito conferindo a sala de monitoramento, onde as imagens das 26 c\u00e2meras de seguran\u00e7a eram transmitidas e gravadas (AssCom\/Divulga\u00e7\u00e3o)<\/strong><\/em><\/span><\/figcaption><\/figure>\n<p>O prefeito Leandro Luciano dos Santos e a vice-prefeita Maria Rita Mondin de Oliveira participaram da festa, conferindo toda a movimenta\u00e7\u00e3o. \u201cSinto orgulho por encerrar um ciclo, deixando uma marca no evento mais tradicional do Brasil, em nossa Est\u00e2ncia\u201d, disse o prefeito. \u201cAqui, nosso Carnaval \u00e9 a festa da fam\u00edlia, com crian\u00e7as e adultos brincando num ambiente de total harmonia, com toda infraestrutura necess\u00e1ria para garantia do conforto de todos, com isso recebemos muitos turistas vindos de cidades da regi\u00e3o e de outras mais distantes\u201d, completou. \u201cQuero agradecer ao Departamento de Turismo e Cultura pela organiza\u00e7\u00e3o exemplar, a nossa Pol\u00edcia Militar, atrav\u00e9s da Atividade Delegada, pelo apoio, oferecendo total seguran\u00e7a aos foli\u00f5es, e principalmente \u00e0 popula\u00e7\u00e3o santa-ritense, que deu um verdadeiro show de cidadania, brincando todas as noites em completa harmonia\u201d, concluiu.<\/p>\n<p>Para o Setor de Turismo, a realiza\u00e7\u00e3o do Santacarnafolia 2020, al\u00e9m de oferecer entretenimento gratuito \u00e0 popula\u00e7\u00e3o, tamb\u00e9m estimula toda a cadeia produtiva do turismo, j\u00e1 que o evento, ao longo dos anos vem ganhando destaque em toda a regi\u00e3o, colaborando com o desenvolvimento econ\u00f4mico do munic\u00edpio. A programa\u00e7\u00e3o do tamb\u00e9m buscou a sintonia com a realiza\u00e7\u00e3o de eventos pela iniciativa privada, com objetivo de criar mais op\u00e7\u00f5es para a popula\u00e7\u00e3o e turistas. O evento #De Volta Atr\u00e1s do Trio trouxe, al\u00e9m do trio el\u00e9trico, um baile de m\u00e1scaras e blocos e parte da renda revertida \u00e0 Santa Casa local.<\/p>\n<p>&nbsp;<\/p>\n<p>&nbsp;<\/p>\n<p>&nbsp;<\/p>\n<p>&nbsp;<\/p>\n<p>&nbsp;<\/p>\n<p>&nbsp;<\/p>\n","protected":false},"excerpt":{"rendered":"<p>Promovido pelo Departamento Municipal de Turismo, evento recebeu grande p\u00fablico da cidade e regi\u00e3o &nbsp; \u201cCarnaval da Fam\u00edlia\u201d, assim est\u00e1<\/p>\n","protected":false},"author":1,"featured_media":3471,"comment_status":"closed","ping_status":"open","sticky":false,"template":"","format":"standard","meta":{"footnotes":""},"categories":[46,52,60],"tags":[],"class_list":["post-3469","post","type-post","status-publish","format-standard","has-post-thumbnail","hentry","category-cultura","category-latest","category-turismo"],"_links":{"self":[{"href":"https:\/\/www.santaritadopassaquatro.sp.gov.br\/portal\/wp-json\/wp\/v2\/posts\/3469","targetHints":{"allow":["GET"]}}],"collection":[{"href":"https:\/\/www.santaritadopassaquatro.sp.gov.br\/portal\/wp-json\/wp\/v2\/posts"}],"about":[{"href":"https:\/\/www.santaritadopassaquatro.sp.gov.br\/portal\/wp-json\/wp\/v2\/types\/post"}],"author":[{"embeddable":true,"href":"https:\/\/www.santaritadopassaquatro.sp.gov.br\/portal\/wp-json\/wp\/v2\/users\/1"}],"replies":[{"embeddable":true,"href":"https:\/\/www.santaritadopassaquatro.sp.gov.br\/portal\/wp-json\/wp\/v2\/comments?post=3469"}],"version-history":[{"count":0,"href":"https:\/\/www.santaritadopassaquatro.sp.gov.br\/portal\/wp-json\/wp\/v2\/posts\/3469\/revisions"}],"wp:featuredmedia":[{"embeddable":true,"href":"https:\/\/www.santaritadopassaquatro.sp.gov.br\/portal\/wp-json\/wp\/v2\/media\/3471"}],"wp:attachment":[{"href":"https:\/\/www.santaritadopassaquatro.sp.gov.br\/portal\/wp-json\/wp\/v2\/media?parent=3469"}],"wp:term":[{"taxonomy":"category","embeddable":true,"href":"https:\/\/www.santaritadopassaquatro.sp.gov.br\/portal\/wp-json\/wp\/v2\/categories?post=3469"},{"taxonomy":"post_tag","embeddable":true,"href":"https:\/\/www.santaritadopassaquatro.sp.gov.br\/portal\/wp-json\/wp\/v2\/tags?post=3469"}],"curies":[{"name":"wp","href":"https:\/\/api.w.org\/{rel}","templated":true}]}}