{"id":3480,"date":"2020-02-28T16:58:11","date_gmt":"2020-02-28T19:58:11","guid":{"rendered":"http:\/\/www.santaritadopassaquatro.sp.gov.br\/portal\/?p=3480"},"modified":"2020-02-28T16:58:28","modified_gmt":"2020-02-28T19:58:28","slug":"cardapio-marco-2020","status":"publish","type":"post","link":"https:\/\/www.santaritadopassaquatro.sp.gov.br\/portal\/cardapio-marco-2020\/","title":{"rendered":"CARD\u00c1PIO MAR\u00c7O 2020"},"content":{"rendered":"<p><em>(EMEI, ENSINO FUNDAMENTAL E ENSINO M\u00c9DIO)<\/em><\/p>\n<p>&nbsp;<\/p>\n<p><strong>Segunda-feira \u2013 3 de mar\u00e7o:<br \/>\n<\/strong>Arroz, feij\u00e3o preto e farofa primavera.<\/p>\n<p><strong>Ter\u00e7a-feira \u2013 3 de mar\u00e7o:\u00a0 <\/strong><\/p>\n<p>Arroz, feij\u00e3o e pernil em cubos com batata.<\/p>\n<p><strong>Quarta-feira \u2013 4 de mar\u00e7o:<br \/>\n<\/strong>Arroz, feij\u00e3o e polenta ao molho de salsicha.<\/p>\n<p><strong>Quinta-feira \u2013 5 de mar\u00e7o:\u00a0 <\/strong><\/p>\n<p>Arroz, feij\u00e3o e salada de legumes.<\/p>\n<p><strong>Sexta-feira \u2013 6 de mar\u00e7o:\u00a0 <\/strong><\/p>\n<p>Macarr\u00e3o ao molho de atum.<\/p>\n<p><strong>\u00a0<\/strong><\/p>\n<p><strong>Segunda-feira \u2013 9 de mar\u00e7o:<br \/>\n<\/strong>Arroz, feij\u00e3o e strogonoff de carne.<\/p>\n<p><strong>Ter\u00e7a-feira \u2013 10 de mar\u00e7o:\u00a0 <\/strong><\/p>\n<p>Arroz, feij\u00e3o e lingui\u00e7a toscana assada.<\/p>\n<p><strong>Quarta-feira \u2013 11 de mar\u00e7o:<br \/>\n<\/strong>Arroz, feij\u00e3o e frango com legumes.<\/p>\n<p><strong>Quinta-feira \u2013 12 de mar\u00e7o:\u00a0 <\/strong><\/p>\n<p>Arroz, feij\u00e3o e salsicha com batata.<\/p>\n<p><strong>Sexta-feira \u2013 13 de de mar\u00e7o:\u00a0 <\/strong><\/p>\n<p>Macarr\u00e3o ao molho bolonhesa.<\/p>\n<p>&nbsp;<\/p>\n<p><strong>Segunda-feira \u2013 16 de mar\u00e7o:<br \/>\n<\/strong>Risoto de salsicha feij\u00e3o.<\/p>\n<p><strong>Ter\u00e7a-feira \u2013 17 de mar\u00e7o:\u00a0 <\/strong><\/p>\n<p>Arroz, feij\u00e3o e carne mo\u00edda com batata.<\/p>\n<p><strong>Quarta-feira \u2013 18 de mar\u00e7o:<br \/>\n<\/strong>Arroz, feij\u00e3o e frango desfiado com milho, ervilha e tomate.<\/p>\n<p><strong>Quinta-feira \u2013 19 de mar\u00e7o:\u00a0 <\/strong><\/p>\n<p>Arroz, feij\u00e3o e polenta ao molho de lingui\u00e7a calabresa.<\/p>\n<p><strong>Sexta-feira \u2013 20 de mar\u00e7o:\u00a0 <\/strong><\/p>\n<p>Macarr\u00e3o ao molho de carne em cubos.<\/p>\n<p>&nbsp;<\/p>\n<p><strong>Segunda-feira \u2013 23 de mar\u00e7o:<br \/>\n<\/strong>Arroz e feijoada (pernil, carne e lingui\u00e7a).<\/p>\n<p><strong>Ter\u00e7a-feira \u2013 24 de mar\u00e7o:\u00a0 <\/strong><\/p>\n<p>Arroz, feij\u00e3o e polenta ao molho bolonhesa.<\/p>\n<p><strong>Quarta-feira \u2013 25 de mar\u00e7o:<br \/>\n<\/strong>Arroz, feij\u00e3o e carne em cubos com legumes.<\/p>\n<p><strong>Quinta-feira \u2013 26 de mar\u00e7o:\u00a0 <\/strong><\/p>\n<p>Arroz, feij\u00e3o e strogonoff de frango.<\/p>\n<p><strong>Sexta-feira \u2013 27 de mar\u00e7o:\u00a0 <\/strong><\/p>\n<p>Macarr\u00e3o ao molho de mini alm\u00f4ndegas.<\/p>\n<p><strong>\u00a0<\/strong><\/p>\n<p><strong>Segunda-feira \u2013 30 de mar\u00e7o:<br \/>\n<\/strong>Arroz de forno e feij\u00e3o.<\/p>\n<p><strong>Ter\u00e7a-feira \u2013 31 de mar\u00e7o:\u00a0 <\/strong><\/p>\n<p>Arroz, feij\u00e3o e salsicha com cenoura, ervilha e milho.<\/p>\n<p><strong>\u00a0<\/strong><\/p>\n<p><strong>\u00a0<\/strong><\/p>\n<p><strong>1\u00aa semana:<\/strong> folha, alface; legume, br\u00f3colis; fruta, abacaxi e tangerina cravo.<\/p>\n<p><strong>2\u00aa semana:<\/strong> folha, alface; legume, tomate; fruta, mam\u00e3o formosa e ma\u00e7\u00e3.<\/p>\n<p><strong>3\u00aa semana:<\/strong> folha, alface; legume, pepino; fruta, banana nanica e ameixa.<\/p>\n<p><strong>4\u00aa semana:<\/strong> folha, alface; legume, repolho; fruta, goiaba e pera.<\/p>\n<p><strong>5\u00aa semana:<\/strong> folha, alface; legume, abobrinha; fruta, ma\u00e7\u00e3 e p\u00eassego.<strong>\u00a0\u00a0\u00a0\u00a0\u00a0\u00a0\u00a0\u00a0\u00a0\u00a0\u00a0\u00a0\u00a0\u00a0\u00a0\u00a0\u00a0 <\/strong><\/p>\n<p><strong>Observa\u00e7\u00e3o: <\/strong><\/p>\n<p><em>Card\u00e1pio sujeito a altera\u00e7\u00f5es caso necess\u00e1rio\u00a0\u00a0\u00a0\u00a0\u00a0\u00a0\u00a0\u00a0 . <\/em><\/p>\n<p><em>As necessidades nutricionais espec\u00edficas ser\u00e3o atendidas exclusivamente com apresenta\u00e7\u00e3o de laudo m\u00e9dico e adapta\u00e7\u00f5es do card\u00e1pio.\u00a0\u00a0\u00a0\u00a0\u00a0\u00a0\u00a0\u00a0\u00a0\u00a0\u00a0\u00a0\u00a0\u00a0\u00a0\u00a0\u00a0\u00a0\u00a0\u00a0\u00a0\u00a0\u00a0\u00a0\u00a0\u00a0\u00a0\u00a0\u00a0\u00a0\u00a0\u00a0\u00a0\u00a0\u00a0\u00a0\u00a0\u00a0\u00a0\u00a0\u00a0\u00a0\u00a0\u00a0\u00a0\u00a0\u00a0\u00a0\u00a0\u00a0 \u00a0\u00a0\u00a0\u00a0\u00a0\u00a0\u00a0\u00a0\u00a0\u00a0\u00a0\u00a0\u00a0\u00a0\u00a0\u00a0\u00a0\u00a0\u00a0\u00a0\u00a0\u00a0\u00a0 <\/em><\/p>\n<p><strong>Nutricionista respons\u00e1vel t\u00e9cnica: <\/strong><em>S\u00edlvia Regina Lorencetti (CRN 33915)<\/em><strong>\u00a0\u00a0\u00a0\u00a0\u00a0\u00a0\u00a0\u00a0\u00a0\u00a0\u00a0\u00a0\u00a0\u00a0\u00a0\u00a0\u00a0\u00a0\u00a0\u00a0\u00a0\u00a0\u00a0\u00a0\u00a0\u00a0\u00a0\u00a0\u00a0\u00a0\u00a0\u00a0\u00a0\u00a0 <\/strong><\/p>\n<p><strong>\u00a0<\/strong><\/p>\n<p>&nbsp;<\/p>\n<p>&nbsp;<\/p>\n","protected":false},"excerpt":{"rendered":"<p>(EMEI, ENSINO FUNDAMENTAL E ENSINO M\u00c9DIO) &nbsp; Segunda-feira \u2013 3 de mar\u00e7o: Arroz, feij\u00e3o preto e farofa primavera. Ter\u00e7a-feira \u2013<\/p>\n","protected":false},"author":1,"featured_media":3315,"comment_status":"closed","ping_status":"open","sticky":false,"template":"","format":"standard","meta":{"footnotes":""},"categories":[32],"tags":[],"class_list":["post-3480","post","type-post","status-publish","format-standard","has-post-thumbnail","hentry","category-merenda-escolar"],"_links":{"self":[{"href":"https:\/\/www.santaritadopassaquatro.sp.gov.br\/portal\/wp-json\/wp\/v2\/posts\/3480","targetHints":{"allow":["GET"]}}],"collection":[{"href":"https:\/\/www.santaritadopassaquatro.sp.gov.br\/portal\/wp-json\/wp\/v2\/posts"}],"about":[{"href":"https:\/\/www.santaritadopassaquatro.sp.gov.br\/portal\/wp-json\/wp\/v2\/types\/post"}],"author":[{"embeddable":true,"href":"https:\/\/www.santaritadopassaquatro.sp.gov.br\/portal\/wp-json\/wp\/v2\/users\/1"}],"replies":[{"embeddable":true,"href":"https:\/\/www.santaritadopassaquatro.sp.gov.br\/portal\/wp-json\/wp\/v2\/comments?post=3480"}],"version-history":[{"count":2,"href":"https:\/\/www.santaritadopassaquatro.sp.gov.br\/portal\/wp-json\/wp\/v2\/posts\/3480\/revisions"}],"predecessor-version":[{"id":3482,"href":"https:\/\/www.santaritadopassaquatro.sp.gov.br\/portal\/wp-json\/wp\/v2\/posts\/3480\/revisions\/3482"}],"wp:featuredmedia":[{"embeddable":true,"href":"https:\/\/www.santaritadopassaquatro.sp.gov.br\/portal\/wp-json\/wp\/v2\/media\/3315"}],"wp:attachment":[{"href":"https:\/\/www.santaritadopassaquatro.sp.gov.br\/portal\/wp-json\/wp\/v2\/media?parent=3480"}],"wp:term":[{"taxonomy":"category","embeddable":true,"href":"https:\/\/www.santaritadopassaquatro.sp.gov.br\/portal\/wp-json\/wp\/v2\/categories?post=3480"},{"taxonomy":"post_tag","embeddable":true,"href":"https:\/\/www.santaritadopassaquatro.sp.gov.br\/portal\/wp-json\/wp\/v2\/tags?post=3480"}],"curies":[{"name":"wp","href":"https:\/\/api.w.org\/{rel}","templated":true}]}}