{"id":3506,"date":"2020-03-06T14:19:59","date_gmt":"2020-03-06T17:19:59","guid":{"rendered":"http:\/\/www.santaritadopassaquatro.sp.gov.br\/portal\/?p=3506"},"modified":"2020-03-06T14:19:59","modified_gmt":"2020-03-06T17:19:59","slug":"estancia-sertaneja-esta-de-volta-neste-mes-de-marco","status":"publish","type":"post","link":"https:\/\/www.santaritadopassaquatro.sp.gov.br\/portal\/estancia-sertaneja-esta-de-volta-neste-mes-de-marco\/","title":{"rendered":"Est\u00e2ncia Sertaneja est\u00e1 de volta neste m\u00eas de mar\u00e7o"},"content":{"rendered":"<p><strong><em>Evento acontece no Pavilh\u00e3o Cultural, no pr\u00f3ximo dia 28\/3, com <\/em><\/strong><strong><em>apoio do Departamento de Cultura e Turismo <\/em><\/strong><\/p>\n<p>&nbsp;<\/p>\n<figure id=\"attachment_3513\" aria-describedby=\"caption-attachment-3513\" style=\"width: 300px\" class=\"wp-caption alignleft\"><img decoding=\"async\" class=\"wp-image-3513 size-medium\" src=\"http:\/\/www.santaritadopassaquatro.sp.gov.br\/portal\/wp-content\/uploads\/2020\/03\/2o_Estancia_Sertaneja_p\u00fablico-300x200.jpg\" alt=\"\" width=\"300\" height=\"200\" srcset=\"https:\/\/www.santaritadopassaquatro.sp.gov.br\/portal\/wp-content\/uploads\/2020\/03\/2o_Estancia_Sertaneja_p\u00fablico-300x200.jpg 300w, https:\/\/www.santaritadopassaquatro.sp.gov.br\/portal\/wp-content\/uploads\/2020\/03\/2o_Estancia_Sertaneja_p\u00fablico-768x512.jpg 768w, https:\/\/www.santaritadopassaquatro.sp.gov.br\/portal\/wp-content\/uploads\/2020\/03\/2o_Estancia_Sertaneja_p\u00fablico-1024x683.jpg 1024w\" sizes=\"(max-width: 300px) 100vw, 300px\" \/><figcaption id=\"caption-attachment-3513\" class=\"wp-caption-text\"><span style=\"font-size: 8pt; color: #999999;\"><em><strong>O p\u00fablico durante a segunda edi\u00e7\u00e3o do programa Est\u00e2ncia Sertaneja, em janeiro (Arquivo\/AssCom\/Divulga\u00e7\u00e3o)<\/strong><\/em><\/span><\/figcaption><\/figure>\n<p>A programa\u00e7\u00e3o cultural do m\u00eas mar\u00e7o em Santa Rita do Passa Quatro tem mais uma atra\u00e7\u00e3o no pr\u00f3ximo dia 28, s\u00e1bado, com a terceira edi\u00e7\u00e3o do Programa Est\u00e2ncia Sertaneja.\u00a0 A aut\u00eantica m\u00fasica sertaneja de raiz ser\u00e1 representada mais uma vez, a partir das 19h30, no Pavilh\u00e3o Cultural Municipal, com mais sete atra\u00e7\u00f5es.<\/p>\n<p>Com objetivo de valorizar a cultura caipira e divulgar duplas da cidade e regi\u00e3o, o Programa Est\u00e2ncia Sertaneja nesta edi\u00e7\u00e3o ter\u00e1 shows com as duplas Tunic\u00e3o do Carro &amp; Ti\u00e3o do Vale, Felipe Viola &amp; Rony, Humberto Viola &amp; Luiz Fernando, Irm\u00e3os Mion, al\u00e9m da cantora J\u00e9ssica Silva e os cantores Vitor Violeiro e Jo\u00e3o Vitor. O evento tamb\u00e9m ir\u00e1 contar com a participa\u00e7\u00e3o do ator Reinaldo Facchini, interpretando o palha\u00e7o Jeca.<\/p>\n<p>A realiza\u00e7\u00e3o e apresenta\u00e7\u00e3o \u00e9 de Juliano Modena, com apoio do Departamento de Turismo e Cultura, da Prefeitura Municipal. O Pavilh\u00e3o Cultural fica na Pra\u00e7a Poeta M\u00e1rio Mattoso (Esta\u00e7\u00e3o). O evento \u00e9 gratuito.<\/p>\n<p>Esta ser\u00e1 a terceira edi\u00e7\u00e3o do evento em Santa Rita. A primeira aconteceu em novembro de 2019 e contou com as atra\u00e7\u00f5es Irm\u00e3os Ouro Verde, Luciano Violeiro &amp; Juliano Damas e Silvio &amp; Spoliaric, Henrique Ara\u00fajo, o trio Pedro Carreiro, Salles Viola e Jean Henrique, al\u00e9m da participa\u00e7\u00e3o do palha\u00e7o Jeca. A segunda aconteceu em janeiro com shows das duplas Angeluci &amp; Angelito, Neuza &amp; Canhoto, Brunelinho &amp; Everton e Nelo &amp; Djalma, o cantor Marquinhos Lamas, e a participa\u00e7\u00e3o do poeta Ad\u00e3o Nildo.<\/p>\n<p>&nbsp;<\/p>\n<p>&nbsp;<\/p>\n<p>&nbsp;<\/p>\n<p><strong>\u00a0<\/strong><\/p>\n<p><strong>\u00a0<\/strong><\/p>\n<p>&nbsp;<\/p>\n<p>&nbsp;<\/p>\n<p>&nbsp;<\/p>\n","protected":false},"excerpt":{"rendered":"<p>Evento acontece no Pavilh\u00e3o Cultural, no pr\u00f3ximo dia 28\/3, com apoio do Departamento de Cultura e Turismo &nbsp; A programa\u00e7\u00e3o<\/p>\n","protected":false},"author":1,"featured_media":3097,"comment_status":"closed","ping_status":"open","sticky":false,"template":"","format":"standard","meta":{"footnotes":""},"categories":[46,60],"tags":[],"class_list":["post-3506","post","type-post","status-publish","format-standard","has-post-thumbnail","hentry","category-cultura","category-turismo"],"_links":{"self":[{"href":"https:\/\/www.santaritadopassaquatro.sp.gov.br\/portal\/wp-json\/wp\/v2\/posts\/3506","targetHints":{"allow":["GET"]}}],"collection":[{"href":"https:\/\/www.santaritadopassaquatro.sp.gov.br\/portal\/wp-json\/wp\/v2\/posts"}],"about":[{"href":"https:\/\/www.santaritadopassaquatro.sp.gov.br\/portal\/wp-json\/wp\/v2\/types\/post"}],"author":[{"embeddable":true,"href":"https:\/\/www.santaritadopassaquatro.sp.gov.br\/portal\/wp-json\/wp\/v2\/users\/1"}],"replies":[{"embeddable":true,"href":"https:\/\/www.santaritadopassaquatro.sp.gov.br\/portal\/wp-json\/wp\/v2\/comments?post=3506"}],"version-history":[{"count":0,"href":"https:\/\/www.santaritadopassaquatro.sp.gov.br\/portal\/wp-json\/wp\/v2\/posts\/3506\/revisions"}],"wp:featuredmedia":[{"embeddable":true,"href":"https:\/\/www.santaritadopassaquatro.sp.gov.br\/portal\/wp-json\/wp\/v2\/media\/3097"}],"wp:attachment":[{"href":"https:\/\/www.santaritadopassaquatro.sp.gov.br\/portal\/wp-json\/wp\/v2\/media?parent=3506"}],"wp:term":[{"taxonomy":"category","embeddable":true,"href":"https:\/\/www.santaritadopassaquatro.sp.gov.br\/portal\/wp-json\/wp\/v2\/categories?post=3506"},{"taxonomy":"post_tag","embeddable":true,"href":"https:\/\/www.santaritadopassaquatro.sp.gov.br\/portal\/wp-json\/wp\/v2\/tags?post=3506"}],"curies":[{"name":"wp","href":"https:\/\/api.w.org\/{rel}","templated":true}]}}