{"id":3515,"date":"2020-03-06T14:21:23","date_gmt":"2020-03-06T17:21:23","guid":{"rendered":"http:\/\/www.santaritadopassaquatro.sp.gov.br\/portal\/?p=3515"},"modified":"2020-03-06T14:21:23","modified_gmt":"2020-03-06T17:21:23","slug":"santa-rita-volta-receber-o-programa-viagem-literaria","status":"publish","type":"post","link":"https:\/\/www.santaritadopassaquatro.sp.gov.br\/portal\/santa-rita-volta-receber-o-programa-viagem-literaria\/","title":{"rendered":"Santa Rita volta receber o programa Viagem Liter\u00e1ria"},"content":{"rendered":"<p><strong><em>Parceria entre da Secretaria de Estado da Cultura e Departamento Municipal de Cultura e Turismo j\u00e1 foi apresentado em 2017<\/em><\/strong><\/p>\n<p>&nbsp;<\/p>\n<figure id=\"attachment_3512\" aria-describedby=\"caption-attachment-3512\" style=\"width: 300px\" class=\"wp-caption alignleft\"><img decoding=\"async\" class=\"wp-image-3512 size-medium\" src=\"http:\/\/www.santaritadopassaquatro.sp.gov.br\/portal\/wp-content\/uploads\/2020\/03\/viagem_literaria_mario_covas3-300x225.jpg\" alt=\"\" width=\"300\" height=\"225\" srcset=\"https:\/\/www.santaritadopassaquatro.sp.gov.br\/portal\/wp-content\/uploads\/2020\/03\/viagem_literaria_mario_covas3-300x225.jpg 300w, https:\/\/www.santaritadopassaquatro.sp.gov.br\/portal\/wp-content\/uploads\/2020\/03\/viagem_literaria_mario_covas3-768x576.jpg 768w, https:\/\/www.santaritadopassaquatro.sp.gov.br\/portal\/wp-content\/uploads\/2020\/03\/viagem_literaria_mario_covas3-1024x768.jpg 1024w\" sizes=\"(max-width: 300px) 100vw, 300px\" \/><figcaption id=\"caption-attachment-3512\" class=\"wp-caption-text\"><span style=\"font-size: 8pt; color: #999999;\"><em><strong>O grupo Tricotando Palavras e Can\u00e7\u00f5es foi uma das atra\u00e7\u00f5es do programa Viagem Liter\u00e1ria (Arquivo\/Divulga\u00e7\u00e3o)<\/strong><\/em><\/span><\/figcaption><\/figure>\n<p>O Departamento Municipal de Cultura e Turismo da prefeitura Santa Rita do Passa Quatro e firmou mais uma parceria com a Secretaria de Estado da Cultura de S\u00e3o Paulo, e o munic\u00edpio volta a receber este ano um dos maiores eventos liter\u00e1rios do Estado.<\/p>\n<p>O programa Viagem Liter\u00e1ria, apresentado no munic\u00edpio em 2017, est\u00e1 de volta este ano oferecendo oportunidade do p\u00fablico interagir com os principais escritores e escritoras no Brasil, al\u00e9m shows diversos infantis e infanto-juvenis.<\/p>\n<p>O projeto, a Secretaria de Cultura leva escritores para palestras e bate-papos em bibliotecas municipais, visando o incentivo \u00e0 leitura e encontra ampla receptividade entre o p\u00fablico, autores e dirigentes da \u00e1rea cultural.<\/p>\n<p>Dirigidos a leitores infanto-juvenis e adultos, os escritores falam sobre suas obras, m\u00e9todos de trabalho, seus autores preferidos, suas influ\u00eancias liter\u00e1rias, seus interesses e muitos outros assuntos do universo liter\u00e1rio.<\/p>\n<p>Em 2017, o programa trouxe para Santa Rita os renomados escritores Luis Eduardo Matta e Luiz Rufatto, al\u00e9m do grupo Tricotando Palavras e Can\u00e7\u00f5es, com o espet\u00e1culo \u201cContos de Todos os Cantos\u201d.<\/p>\n<p>A programa\u00e7\u00e3o de 2020 est\u00e1 sendo elaborado para ser divulgado em breve.<\/p>\n<p>&nbsp;<\/p>\n<p>&nbsp;<\/p>\n<p>&nbsp;<\/p>\n<p>&nbsp;<\/p>\n<p>&nbsp;<\/p>\n","protected":false},"excerpt":{"rendered":"<p>Parceria entre da Secretaria de Estado da Cultura e Departamento Municipal de Cultura e Turismo j\u00e1 foi apresentado em 2017<\/p>\n","protected":false},"author":1,"featured_media":3511,"comment_status":"closed","ping_status":"open","sticky":false,"template":"","format":"standard","meta":{"footnotes":""},"categories":[46,52,60],"tags":[],"class_list":["post-3515","post","type-post","status-publish","format-standard","has-post-thumbnail","hentry","category-cultura","category-latest","category-turismo"],"_links":{"self":[{"href":"https:\/\/www.santaritadopassaquatro.sp.gov.br\/portal\/wp-json\/wp\/v2\/posts\/3515","targetHints":{"allow":["GET"]}}],"collection":[{"href":"https:\/\/www.santaritadopassaquatro.sp.gov.br\/portal\/wp-json\/wp\/v2\/posts"}],"about":[{"href":"https:\/\/www.santaritadopassaquatro.sp.gov.br\/portal\/wp-json\/wp\/v2\/types\/post"}],"author":[{"embeddable":true,"href":"https:\/\/www.santaritadopassaquatro.sp.gov.br\/portal\/wp-json\/wp\/v2\/users\/1"}],"replies":[{"embeddable":true,"href":"https:\/\/www.santaritadopassaquatro.sp.gov.br\/portal\/wp-json\/wp\/v2\/comments?post=3515"}],"version-history":[{"count":0,"href":"https:\/\/www.santaritadopassaquatro.sp.gov.br\/portal\/wp-json\/wp\/v2\/posts\/3515\/revisions"}],"wp:featuredmedia":[{"embeddable":true,"href":"https:\/\/www.santaritadopassaquatro.sp.gov.br\/portal\/wp-json\/wp\/v2\/media\/3511"}],"wp:attachment":[{"href":"https:\/\/www.santaritadopassaquatro.sp.gov.br\/portal\/wp-json\/wp\/v2\/media?parent=3515"}],"wp:term":[{"taxonomy":"category","embeddable":true,"href":"https:\/\/www.santaritadopassaquatro.sp.gov.br\/portal\/wp-json\/wp\/v2\/categories?post=3515"},{"taxonomy":"post_tag","embeddable":true,"href":"https:\/\/www.santaritadopassaquatro.sp.gov.br\/portal\/wp-json\/wp\/v2\/tags?post=3515"}],"curies":[{"name":"wp","href":"https:\/\/api.w.org\/{rel}","templated":true}]}}