{"id":3517,"date":"2020-03-06T14:22:43","date_gmt":"2020-03-06T17:22:43","guid":{"rendered":"http:\/\/www.santaritadopassaquatro.sp.gov.br\/portal\/?p=3517"},"modified":"2020-03-06T14:22:43","modified_gmt":"2020-03-06T17:22:43","slug":"teatro-espaco-nucleo-traz-de-volta-o-espetaculo-caravelas-da-ilusao","status":"publish","type":"post","link":"https:\/\/www.santaritadopassaquatro.sp.gov.br\/portal\/teatro-espaco-nucleo-traz-de-volta-o-espetaculo-caravelas-da-ilusao\/","title":{"rendered":"TEATRO\u00a0Espa\u00e7o N\u00facleo traz de volta o espet\u00e1culo \u201cCaravelas da Ilus\u00e3o\u201d  \u00a0"},"content":{"rendered":"<p>&nbsp;<\/p>\n<p><strong><em>Pe\u00e7a ser\u00e1 atra\u00e7\u00e3o no pr\u00f3ximo dia 21 de mar\u00e7o, no Centro Cultural M\u00e1rio Covas <\/em><\/strong><\/p>\n<p>&nbsp;<\/p>\n<figure id=\"attachment_3509\" aria-describedby=\"caption-attachment-3509\" style=\"width: 300px\" class=\"wp-caption alignleft\"><img decoding=\"async\" class=\"wp-image-3509 size-medium\" src=\"http:\/\/www.santaritadopassaquatro.sp.gov.br\/portal\/wp-content\/uploads\/2020\/03\/teatro_caravela_ilusao03-300x225.jpg\" alt=\"\" width=\"300\" height=\"225\" srcset=\"https:\/\/www.santaritadopassaquatro.sp.gov.br\/portal\/wp-content\/uploads\/2020\/03\/teatro_caravela_ilusao03-300x225.jpg 300w, https:\/\/www.santaritadopassaquatro.sp.gov.br\/portal\/wp-content\/uploads\/2020\/03\/teatro_caravela_ilusao03-768x576.jpg 768w, https:\/\/www.santaritadopassaquatro.sp.gov.br\/portal\/wp-content\/uploads\/2020\/03\/teatro_caravela_ilusao03-1024x768.jpg 1024w, https:\/\/www.santaritadopassaquatro.sp.gov.br\/portal\/wp-content\/uploads\/2020\/03\/teatro_caravela_ilusao03.jpg 1280w\" sizes=\"(max-width: 300px) 100vw, 300px\" \/><figcaption id=\"caption-attachment-3509\" class=\"wp-caption-text\"><span style=\"font-size: 8pt; color: #999999;\"><em><strong>A pe\u00e7a Caravelas da Ilus\u00e3o, do Espa\u00e7o N\u00facleo, apresentada em Santa Rita em maio de 2018 (Arquivo\/Divulga\u00e7\u00e3o)<\/strong><\/em><\/span><\/figcaption><\/figure>\n<p>O m\u00eas de mar\u00e7o est\u00e1 chegando e o Departamento de Cultura e Turismo da Prefeitura Municipal de Santa Rita do Passa Quatro preparou uma programa\u00e7\u00e3o cultural mais do que especial. No pr\u00f3ximo dia 21 de mar\u00e7o, s\u00e1bado, a Escola de Artes Espa\u00e7o N\u00facleo, de Limeira, volta a cidade com a premiada pe\u00e7a teatral &#8220;Caravela da Ilus\u00e3o&#8221;<\/p>\n<p>Atra\u00e7\u00e3o acontece no Centro Cultural M\u00e1rio Covas, \u00e0 partir das 19h30, com entrada gratuita e classifica\u00e7\u00e3o livre para todas as idades.<\/p>\n<p>O espet\u00e1culo aborda de uma maneira atemporal conflitos muito presentes em nosso \u00e2mbito cultural, pol\u00edtico e religioso. Recheado de com\u00e9dia e cantigas populares, o espet\u00e1culo \u201cCaravela da Ilus\u00e3o\u201d conta a saga de uma fam\u00edlia que se v\u00ea perdida em uma ilha ap\u00f3s um terr\u00edvel naufr\u00e1gio.<\/p>\n<p>Esta \u00e9 a segunda vez que o espet\u00e1culo \u00e9 apresentado na cidade. Em 2018, a atra\u00e7\u00e3o fez parte da programa\u00e7\u00e3o de anivers\u00e1rio da cidade, em maio, recebendo grande p\u00fablico.<\/p>\n<p>&nbsp;<\/p>\n<p><em>\u00a0<\/em><\/p>\n<p><em>\u00a0<\/em><\/p>\n<p>&nbsp;<\/p>\n","protected":false},"excerpt":{"rendered":"<p>&nbsp; Pe\u00e7a ser\u00e1 atra\u00e7\u00e3o no pr\u00f3ximo dia 21 de mar\u00e7o, no Centro Cultural M\u00e1rio Covas &nbsp; O m\u00eas de mar\u00e7o<\/p>\n","protected":false},"author":1,"featured_media":3508,"comment_status":"closed","ping_status":"open","sticky":false,"template":"","format":"standard","meta":{"footnotes":""},"categories":[46,60],"tags":[],"class_list":["post-3517","post","type-post","status-publish","format-standard","has-post-thumbnail","hentry","category-cultura","category-turismo"],"_links":{"self":[{"href":"https:\/\/www.santaritadopassaquatro.sp.gov.br\/portal\/wp-json\/wp\/v2\/posts\/3517","targetHints":{"allow":["GET"]}}],"collection":[{"href":"https:\/\/www.santaritadopassaquatro.sp.gov.br\/portal\/wp-json\/wp\/v2\/posts"}],"about":[{"href":"https:\/\/www.santaritadopassaquatro.sp.gov.br\/portal\/wp-json\/wp\/v2\/types\/post"}],"author":[{"embeddable":true,"href":"https:\/\/www.santaritadopassaquatro.sp.gov.br\/portal\/wp-json\/wp\/v2\/users\/1"}],"replies":[{"embeddable":true,"href":"https:\/\/www.santaritadopassaquatro.sp.gov.br\/portal\/wp-json\/wp\/v2\/comments?post=3517"}],"version-history":[{"count":0,"href":"https:\/\/www.santaritadopassaquatro.sp.gov.br\/portal\/wp-json\/wp\/v2\/posts\/3517\/revisions"}],"wp:featuredmedia":[{"embeddable":true,"href":"https:\/\/www.santaritadopassaquatro.sp.gov.br\/portal\/wp-json\/wp\/v2\/media\/3508"}],"wp:attachment":[{"href":"https:\/\/www.santaritadopassaquatro.sp.gov.br\/portal\/wp-json\/wp\/v2\/media?parent=3517"}],"wp:term":[{"taxonomy":"category","embeddable":true,"href":"https:\/\/www.santaritadopassaquatro.sp.gov.br\/portal\/wp-json\/wp\/v2\/categories?post=3517"},{"taxonomy":"post_tag","embeddable":true,"href":"https:\/\/www.santaritadopassaquatro.sp.gov.br\/portal\/wp-json\/wp\/v2\/tags?post=3517"}],"curies":[{"name":"wp","href":"https:\/\/api.w.org\/{rel}","templated":true}]}}