{"id":3519,"date":"2020-03-06T14:23:50","date_gmt":"2020-03-06T17:23:50","guid":{"rendered":"http:\/\/www.santaritadopassaquatro.sp.gov.br\/portal\/?p=3519"},"modified":"2020-03-06T14:23:50","modified_gmt":"2020-03-06T17:23:50","slug":"vacinacao-contra-o-sarampo-ate-a-proxima-sexta-feira","status":"publish","type":"post","link":"https:\/\/www.santaritadopassaquatro.sp.gov.br\/portal\/vacinacao-contra-o-sarampo-ate-a-proxima-sexta-feira\/","title":{"rendered":"Vacina\u00e7\u00e3o contra o sarampo at\u00e9 a pr\u00f3xima sexta-feira"},"content":{"rendered":"<p><strong><em>Crian\u00e7as e jovens com idade entre 5 e 19 anos <\/em><\/strong><strong><em>devem procurar o Centro de Sa\u00fade ou CAIC; campanha contra gripe ser\u00e1 antecipada<\/em><\/strong><\/p>\n<p><strong><em>\u00a0<\/em><\/strong><\/p>\n<p>Crian\u00e7as e jovens dos 5 aos 19 anos de idade, que nunca tomaram nenhuma dose, t\u00eam registrado apenas uma, perderam o cart\u00e3o ou n\u00e3o lembram se est\u00e3o com esquema vacinal completo, t\u00eam at\u00e9 a pr\u00f3xima sexta-feira (13\/3) para tomarem a vacina contra o sarampo.<\/p>\n<p>Em Santa Rita do Passa Quatro a vacina\u00e7\u00e3o acontece no Centro de Sa\u00fade II, de segunda a sexta-feira, das 7h \u00e0s 15 horas, e os PAS CAIC, \u00e0s ter\u00e7as e quintas-feiras, das 8h \u00e0s 10h30 e das 13h \u00e0s 14h30. \u00c9 fundamental apresenta\u00e7\u00e3o da carteirinha de vacina\u00e7\u00e3o.<\/p>\n<p>Esta \u00e9 a primeira fase da campanha contra o sarampo no calend\u00e1rio 2020, que come\u00e7ou no \u00faltimo dia 10 de fevereiro, segunda-feira. De acordo com o Minist\u00e9rio da Sa\u00fade, a segunda fase da Campanha est\u00e1 programada para come\u00e7ar no segundo semestre e ter\u00e1 como foco pessoas dos 30 aos 59 anos.<\/p>\n<p>A transmiss\u00e3o do sarampo ocorre a partir de got\u00edculas de pessoas doentes ao espirrar, tossir, falar ou respirar pr\u00f3ximo de pessoas sem imunidade contra o v\u00edrus. \u00c9 uma doen\u00e7a altamente contagiosa.<\/p>\n<p><strong>\u00a0<\/strong><\/p>\n<p><strong>GRIPE<\/strong><\/p>\n<p>O Minist\u00e9rio da Sa\u00fade anunciou esta semana que, em fun\u00e7\u00e3o da confirma\u00e7\u00e3o do primeiro caso de coronav\u00edrus no pa\u00eds, a campanha de vacina\u00e7\u00e3o contra a gripe ser\u00e1 antecipada. Incialmente prevista para abril, a campanha deste ano ter\u00e1 in\u00edcio no pr\u00f3ximo dia 23 de mar\u00e7o.<\/p>\n<p>A vacina\u00e7\u00e3o contra gripe dever\u00e1 privilegiar gestantes, pu\u00e9rperas, crian\u00e7as de at\u00e9 seis anos de idade, idosos e, possivelmente, outros grupos de pessoas que trabalham na \u00e1rea de seguran\u00e7a e popula\u00e7\u00e3o carcer\u00e1ria.<\/p>\n<p><strong>SERVI\u00c7O<br \/>\nCAMPANHA DE VACINA\u00c7\u00c3O CONTRA SARAMPO (1\u00aa Etapa)<br \/>\nQUANDO: <\/strong>at\u00e9 sexta-feira, 13 de mar\u00e7o de 2020.<strong><br \/>\nONDE: <\/strong>Centro de Sa\u00fade II e PAS CAIC. <strong><br \/>\nHORARIOS:<\/strong>\u00a0 das 8h \u00e0s 15 horas (Centro Sa\u00fade) e no das 8h \u00e0s 10h30 e das 13h (CAIC), de segunda a sexta-feira.<br \/>\n<strong>P\u00daBLICO ALVO: <\/strong>pessoas com idade entre 5 e 19 anos.<strong><br \/>\nLevar carteira de vacina\u00e7\u00e3o.<\/strong><\/p>\n<p>&nbsp;<\/p>\n","protected":false},"excerpt":{"rendered":"<p>Crian\u00e7as e jovens com idade entre 5 e 19 anos devem procurar o Centro de Sa\u00fade ou CAIC; campanha contra<\/p>\n","protected":false},"author":1,"featured_media":3289,"comment_status":"closed","ping_status":"open","sticky":false,"template":"","format":"standard","meta":{"footnotes":""},"categories":[44,48,52,58],"tags":[],"class_list":["post-3519","post","type-post","status-publish","format-standard","has-post-thumbnail","hentry","category-cidades","category-featured","category-latest","category-health"],"_links":{"self":[{"href":"https:\/\/www.santaritadopassaquatro.sp.gov.br\/portal\/wp-json\/wp\/v2\/posts\/3519","targetHints":{"allow":["GET"]}}],"collection":[{"href":"https:\/\/www.santaritadopassaquatro.sp.gov.br\/portal\/wp-json\/wp\/v2\/posts"}],"about":[{"href":"https:\/\/www.santaritadopassaquatro.sp.gov.br\/portal\/wp-json\/wp\/v2\/types\/post"}],"author":[{"embeddable":true,"href":"https:\/\/www.santaritadopassaquatro.sp.gov.br\/portal\/wp-json\/wp\/v2\/users\/1"}],"replies":[{"embeddable":true,"href":"https:\/\/www.santaritadopassaquatro.sp.gov.br\/portal\/wp-json\/wp\/v2\/comments?post=3519"}],"version-history":[{"count":0,"href":"https:\/\/www.santaritadopassaquatro.sp.gov.br\/portal\/wp-json\/wp\/v2\/posts\/3519\/revisions"}],"wp:featuredmedia":[{"embeddable":true,"href":"https:\/\/www.santaritadopassaquatro.sp.gov.br\/portal\/wp-json\/wp\/v2\/media\/3289"}],"wp:attachment":[{"href":"https:\/\/www.santaritadopassaquatro.sp.gov.br\/portal\/wp-json\/wp\/v2\/media?parent=3519"}],"wp:term":[{"taxonomy":"category","embeddable":true,"href":"https:\/\/www.santaritadopassaquatro.sp.gov.br\/portal\/wp-json\/wp\/v2\/categories?post=3519"},{"taxonomy":"post_tag","embeddable":true,"href":"https:\/\/www.santaritadopassaquatro.sp.gov.br\/portal\/wp-json\/wp\/v2\/tags?post=3519"}],"curies":[{"name":"wp","href":"https:\/\/api.w.org\/{rel}","templated":true}]}}