{"id":3546,"date":"2020-03-13T14:56:18","date_gmt":"2020-03-13T17:56:18","guid":{"rendered":"http:\/\/www.santaritadopassaquatro.sp.gov.br\/portal\/?p=3546"},"modified":"2020-03-13T14:56:18","modified_gmt":"2020-03-13T17:56:18","slug":"santa-rita-se-prepara-para-a-disputa-mais-uma-taca-eptv-de-futsal-2","status":"publish","type":"post","link":"https:\/\/www.santaritadopassaquatro.sp.gov.br\/portal\/santa-rita-se-prepara-para-a-disputa-mais-uma-taca-eptv-de-futsal-2\/","title":{"rendered":"Santa Rita se prepara para a disputa mais uma Ta\u00e7a EPTV de Futsal"},"content":{"rendered":"<p><strong><em>Evento come\u00e7a no pr\u00f3ximo dia 21 de mar\u00e7o, s\u00e1bado, com solenidade de abertura no munic\u00edpio de Caconde <\/em><\/strong><\/p>\n<p>&nbsp;<\/p>\n<p><img decoding=\"async\" class=\"alignnone size-medium wp-image-3544 alignleft\" src=\"http:\/\/www.santaritadopassaquatro.sp.gov.br\/portal\/wp-content\/uploads\/2020\/03\/taca_eptv_titulo2014-300x200.jpg\" alt=\"\" width=\"300\" height=\"200\" srcset=\"https:\/\/www.santaritadopassaquatro.sp.gov.br\/portal\/wp-content\/uploads\/2020\/03\/taca_eptv_titulo2014-300x200.jpg 300w, https:\/\/www.santaritadopassaquatro.sp.gov.br\/portal\/wp-content\/uploads\/2020\/03\/taca_eptv_titulo2014.jpg 720w\" sizes=\"(max-width: 300px) 100vw, 300px\" \/>O Departamento Municipal de Esportes de Santa Rita do Passa Quatro garantiu sua inscri\u00e7\u00e3o para disputa mais uma Ta\u00e7a EPTV Central de futsal. A 24\u00aa edi\u00e7\u00e3o da competi\u00e7\u00e3o come\u00e7a no pr\u00f3ximo dia 21 de mar\u00e7o, com abertura no munic\u00edpio de Caconde. A solenidade acontece a partir das 14 horas, no Gin\u00e1sio Municipal de Esportes Marcelo Ribeiro.<\/p>\n<p>O Congresso T\u00e9cnico da 24\u00aa edi\u00e7\u00e3o da Ta\u00e7a EPTV Central foi realizado nesta quinta-feira (12\/3), em S\u00e3o Carlos, quando foi definido o chaveamento. Ao todo, 41 equipes est\u00e3o inscritas na competi\u00e7\u00e3o. De acordo com a organiza\u00e7\u00e3o, est\u00e3o na disputa: \u00c1gua Vermelha, Agua\u00ed, \u00c1guas da Prata, Am\u00e9rico Brasiliense, Anal\u00e2ndia, Araraquara, Araras, Boa Esperan\u00e7a do Sul, Brotas, Bueno de Andrada, Cachoeira de Emas, Caconde, Descalvado, Dourado, Gavi\u00e3o Peixoto, Ibat\u00e9, Itaqueri da Serra, Itirapina, Leme, Mat\u00e3o, Mococa, Motuca, Patrim\u00f4nio de S\u00e3o Sebasti\u00e3o da Serra, Pirassununga, Porto Ferreira, Ribeir\u00e3o Bonito, Rinc\u00e3o, Rio Claro, Santa Cruz da Concei\u00e7\u00e3o, Santa Cruz das Palmeiras, Santa Eud\u00f3xia, Santa L\u00facia, Santa Rita do Passa Quatro, S\u00e3o Benedito das Areias, S\u00e3o Carlos, S\u00e3o Jo\u00e3o Boa Vista, S\u00e3o Jos\u00e9 do Rio Pardo, S\u00e3o Sebasti\u00e3o da Grama, Tamba\u00fa, Trabiju e Vargem Grande do Sul.<\/p>\n<p>Santa Rita disputa o grupo 12 e ir\u00e1 enfrentar as equipes de S\u00e3o Benedito da Areia, Pirassununga e S\u00e3o Jose do Rio Pardo.<\/p>\n<p>Segundo o calend\u00e1rio da competi\u00e7\u00e3o, os jogos s\u00e3o disputados \u00e0s segundas e quintas-feiras, de 26 de mar\u00e7o a 21 de maio, na etapa de classifica\u00e7\u00e3o. A fase final da competi\u00e7\u00e3o ocorre de 21 a 30 de maio, quando acontece a disputa pelo t\u00edtulo de 2020.<\/p>\n<p>No retrospecto, Santa Rita conquistou o t\u00edtulo de campe\u00e3o da Ta\u00e7a EPTV, em 2014, e o o vice-campeonato em 2015.<\/p>\n<p><strong>\u00a0<\/strong><\/p>\n<p><strong>\u00a0<\/strong><\/p>\n<p>&nbsp;<\/p>\n","protected":false},"excerpt":{"rendered":"<p>Evento come\u00e7a no pr\u00f3ximo dia 21 de mar\u00e7o, s\u00e1bado, com solenidade de abertura no munic\u00edpio de Caconde &nbsp; O Departamento<\/p>\n","protected":false},"author":1,"featured_media":3544,"comment_status":"closed","ping_status":"open","sticky":false,"template":"","format":"standard","meta":{"footnotes":""},"categories":[48,51],"tags":[],"class_list":["post-3546","post","type-post","status-publish","format-standard","has-post-thumbnail","hentry","category-featured","category-sports"],"_links":{"self":[{"href":"https:\/\/www.santaritadopassaquatro.sp.gov.br\/portal\/wp-json\/wp\/v2\/posts\/3546","targetHints":{"allow":["GET"]}}],"collection":[{"href":"https:\/\/www.santaritadopassaquatro.sp.gov.br\/portal\/wp-json\/wp\/v2\/posts"}],"about":[{"href":"https:\/\/www.santaritadopassaquatro.sp.gov.br\/portal\/wp-json\/wp\/v2\/types\/post"}],"author":[{"embeddable":true,"href":"https:\/\/www.santaritadopassaquatro.sp.gov.br\/portal\/wp-json\/wp\/v2\/users\/1"}],"replies":[{"embeddable":true,"href":"https:\/\/www.santaritadopassaquatro.sp.gov.br\/portal\/wp-json\/wp\/v2\/comments?post=3546"}],"version-history":[{"count":0,"href":"https:\/\/www.santaritadopassaquatro.sp.gov.br\/portal\/wp-json\/wp\/v2\/posts\/3546\/revisions"}],"wp:featuredmedia":[{"embeddable":true,"href":"https:\/\/www.santaritadopassaquatro.sp.gov.br\/portal\/wp-json\/wp\/v2\/media\/3544"}],"wp:attachment":[{"href":"https:\/\/www.santaritadopassaquatro.sp.gov.br\/portal\/wp-json\/wp\/v2\/media?parent=3546"}],"wp:term":[{"taxonomy":"category","embeddable":true,"href":"https:\/\/www.santaritadopassaquatro.sp.gov.br\/portal\/wp-json\/wp\/v2\/categories?post=3546"},{"taxonomy":"post_tag","embeddable":true,"href":"https:\/\/www.santaritadopassaquatro.sp.gov.br\/portal\/wp-json\/wp\/v2\/tags?post=3546"}],"curies":[{"name":"wp","href":"https:\/\/api.w.org\/{rel}","templated":true}]}}