{"id":3548,"date":"2020-03-13T14:59:05","date_gmt":"2020-03-13T17:59:05","guid":{"rendered":"http:\/\/www.santaritadopassaquatro.sp.gov.br\/portal\/?p=3548"},"modified":"2020-03-13T14:59:05","modified_gmt":"2020-03-13T17:59:05","slug":"estancia-sertaneja-tera-mais-uma-edicao-no-proximo-dia-28-de-marco","status":"publish","type":"post","link":"https:\/\/www.santaritadopassaquatro.sp.gov.br\/portal\/estancia-sertaneja-tera-mais-uma-edicao-no-proximo-dia-28-de-marco\/","title":{"rendered":"Est\u00e2ncia Sertaneja ter\u00e1 mais uma edi\u00e7\u00e3o no pr\u00f3ximo dia 28 de mar\u00e7o"},"content":{"rendered":"<p><strong><em>Desta vez o evento ser\u00e1 realizado na Concha Ac\u00fastica, com <\/em><\/strong><strong><em>apoio do Departamento Municipal de Cultura e Turismo, com participa\u00e7\u00e3o do palha\u00e7o Jeca <\/em><\/strong><\/p>\n<p>&nbsp;<\/p>\n<p><img decoding=\"async\" class=\"wp-image-3513 size-medium\" src=\"http:\/\/www.santaritadopassaquatro.sp.gov.br\/portal\/wp-content\/uploads\/2020\/03\/2o_Estancia_Sertaneja_p\u00fablico-300x200.jpg\" alt=\"\" width=\"300\" height=\"200\" srcset=\"https:\/\/www.santaritadopassaquatro.sp.gov.br\/portal\/wp-content\/uploads\/2020\/03\/2o_Estancia_Sertaneja_p\u00fablico-300x200.jpg 300w, https:\/\/www.santaritadopassaquatro.sp.gov.br\/portal\/wp-content\/uploads\/2020\/03\/2o_Estancia_Sertaneja_p\u00fablico-768x512.jpg 768w, https:\/\/www.santaritadopassaquatro.sp.gov.br\/portal\/wp-content\/uploads\/2020\/03\/2o_Estancia_Sertaneja_p\u00fablico-1024x683.jpg 1024w\" sizes=\"(max-width: 300px) 100vw, 300px\" \/><\/p>\n<p>Santa Rita do Passa Quatro recebe mais edi\u00e7\u00e3o do Programa Est\u00e2ncia Sertaneja, no pr\u00f3ximo dia 28 de mar\u00e7o, s\u00e1bado, a partir das 19h30, na Concha Ac\u00fastica, da Pra\u00e7a Zequinha de Abreu. A terceira edi\u00e7\u00e3o do evento celebra a aut\u00eantica m\u00fasica sertaneja de raiz com mais sete atra\u00e7\u00f5es.<\/p>\n<p>Com objetivo de valorizar a cultura caipira e divulgar duplas da cidade e regi\u00e3o, o Programa Est\u00e2ncia Sertaneja nesta edi\u00e7\u00e3o ter\u00e1 shows com as duplas Tunic\u00e3o do Carro &amp; Ti\u00e3o do Vale, Felipe Viola &amp; Rony, Humberto Viola &amp; Luiz Fernando, Irm\u00e3os Mion, al\u00e9m da cantora J\u00e9ssica Silva e os cantores Vitor Violeiro e Jo\u00e3o Vitor. O evento tamb\u00e9m ir\u00e1 contar com a participa\u00e7\u00e3o do ator Reinaldo Facchini, interpretando o palha\u00e7o Jeca.<\/p>\n<p>A realiza\u00e7\u00e3o e apresenta\u00e7\u00e3o \u00e9 de Juliano Modena, com apoio do Departamento de Turismo e Cultura, da Prefeitura Municipal. O Pavilh\u00e3o Cultural fica na Pra\u00e7a Poeta M\u00e1rio Mattoso (Esta\u00e7\u00e3o). O evento \u00e9 gratuito.<\/p>\n<p>Esta ser\u00e1 a terceira edi\u00e7\u00e3o do evento em Santa Rita. A primeira aconteceu em novembro de 2019 e contou com as atra\u00e7\u00f5es Irm\u00e3os Ouro Verde, Luciano Violeiro &amp; Juliano Damas e Silvio &amp; Spoliaric, Henrique Ara\u00fajo, o trio Pedro Carreiro, Salles Viola e Jean Henrique, al\u00e9m da participa\u00e7\u00e3o do palha\u00e7o Jeca. A segunda aconteceu em janeiro com shows das duplas Angeluci &amp; Angelito, Neuza &amp; Canhoto, Brunelinho &amp; Everton e Nelo &amp; Djalma, o cantor Marquinhos Lamas, e a participa\u00e7\u00e3o do poeta Ad\u00e3o Nildo.<\/p>\n<p>&nbsp;<\/p>\n<p>&nbsp;<\/p>\n<p>&nbsp;<\/p>\n<p><strong>\u00a0<\/strong><\/p>\n<p><strong>\u00a0<\/strong><\/p>\n<p>&nbsp;<\/p>\n<p>&nbsp;<\/p>\n<p>&nbsp;<\/p>\n","protected":false},"excerpt":{"rendered":"<p>Desta vez o evento ser\u00e1 realizado na Concha Ac\u00fastica, com apoio do Departamento Municipal de Cultura e Turismo, com participa\u00e7\u00e3o<\/p>\n","protected":false},"author":1,"featured_media":3549,"comment_status":"closed","ping_status":"open","sticky":false,"template":"","format":"standard","meta":{"footnotes":""},"categories":[46,60],"tags":[],"class_list":["post-3548","post","type-post","status-publish","format-standard","has-post-thumbnail","hentry","category-cultura","category-turismo"],"_links":{"self":[{"href":"https:\/\/www.santaritadopassaquatro.sp.gov.br\/portal\/wp-json\/wp\/v2\/posts\/3548","targetHints":{"allow":["GET"]}}],"collection":[{"href":"https:\/\/www.santaritadopassaquatro.sp.gov.br\/portal\/wp-json\/wp\/v2\/posts"}],"about":[{"href":"https:\/\/www.santaritadopassaquatro.sp.gov.br\/portal\/wp-json\/wp\/v2\/types\/post"}],"author":[{"embeddable":true,"href":"https:\/\/www.santaritadopassaquatro.sp.gov.br\/portal\/wp-json\/wp\/v2\/users\/1"}],"replies":[{"embeddable":true,"href":"https:\/\/www.santaritadopassaquatro.sp.gov.br\/portal\/wp-json\/wp\/v2\/comments?post=3548"}],"version-history":[{"count":0,"href":"https:\/\/www.santaritadopassaquatro.sp.gov.br\/portal\/wp-json\/wp\/v2\/posts\/3548\/revisions"}],"wp:featuredmedia":[{"embeddable":true,"href":"https:\/\/www.santaritadopassaquatro.sp.gov.br\/portal\/wp-json\/wp\/v2\/media\/3549"}],"wp:attachment":[{"href":"https:\/\/www.santaritadopassaquatro.sp.gov.br\/portal\/wp-json\/wp\/v2\/media?parent=3548"}],"wp:term":[{"taxonomy":"category","embeddable":true,"href":"https:\/\/www.santaritadopassaquatro.sp.gov.br\/portal\/wp-json\/wp\/v2\/categories?post=3548"},{"taxonomy":"post_tag","embeddable":true,"href":"https:\/\/www.santaritadopassaquatro.sp.gov.br\/portal\/wp-json\/wp\/v2\/tags?post=3548"}],"curies":[{"name":"wp","href":"https:\/\/api.w.org\/{rel}","templated":true}]}}