{"id":3551,"date":"2020-03-13T15:00:50","date_gmt":"2020-03-13T18:00:50","guid":{"rendered":"http:\/\/www.santaritadopassaquatro.sp.gov.br\/portal\/?p=3551"},"modified":"2020-03-13T15:00:50","modified_gmt":"2020-03-13T18:00:50","slug":"teatro-espetaculo-caravelas-da-ilusao-sera-atracao-no-proximo-dia-21-sabado","status":"publish","type":"post","link":"https:\/\/www.santaritadopassaquatro.sp.gov.br\/portal\/teatro-espetaculo-caravelas-da-ilusao-sera-atracao-no-proximo-dia-21-sabado\/","title":{"rendered":"TEATRO\u00a0Espet\u00e1culo \u201cCaravelas da Ilus\u00e3o\u201d ser\u00e1 atra\u00e7\u00e3o no pr\u00f3ximo dia 21, s\u00e1bado"},"content":{"rendered":"<p><strong><em>Pe\u00e7a do Espa\u00e7o N\u00facleo de Teatro ser\u00e1 exibida no Centro Cultural M\u00e1rio Covas, com entrada gratuita, em promo\u00e7\u00e3o do Departamento Municipal de Cultura e Turismo <\/em><\/strong><\/p>\n<p>&nbsp;<\/p>\n<p><img decoding=\"async\" class=\"alignnone size-medium wp-image-3552 alignleft\" src=\"http:\/\/www.santaritadopassaquatro.sp.gov.br\/portal\/wp-content\/uploads\/2020\/03\/teatro_caravela_ilusao01-1-300x200.jpg\" alt=\"\" width=\"300\" height=\"200\" srcset=\"https:\/\/www.santaritadopassaquatro.sp.gov.br\/portal\/wp-content\/uploads\/2020\/03\/teatro_caravela_ilusao01-1-300x200.jpg 300w, https:\/\/www.santaritadopassaquatro.sp.gov.br\/portal\/wp-content\/uploads\/2020\/03\/teatro_caravela_ilusao01-1-768x512.jpg 768w, https:\/\/www.santaritadopassaquatro.sp.gov.br\/portal\/wp-content\/uploads\/2020\/03\/teatro_caravela_ilusao01-1-1024x682.jpg 1024w, https:\/\/www.santaritadopassaquatro.sp.gov.br\/portal\/wp-content\/uploads\/2020\/03\/teatro_caravela_ilusao01-1.jpg 1280w\" sizes=\"(max-width: 300px) 100vw, 300px\" \/>No pr\u00f3ximo dia 21 de mar\u00e7o, s\u00e1bado, a Escola de Artes Espa\u00e7o N\u00facleo, de Limeira, estar\u00e1 de volta \u00e0 Santa Rita do Passa Quatro com a premiada pe\u00e7a teatral &#8220;Caravela da Ilus\u00e3o&#8221; A promo\u00e7\u00e3o \u00e9 do Departamento de Cultura e Turismo da Prefeitura Municipal e a atra\u00e7\u00e3o acontece no Centro Cultural M\u00e1rio Covas, \u00e0 partir das 19h30, com entrada gratuita e classifica\u00e7\u00e3o livre para todas as idades.<\/p>\n<p>O espet\u00e1culo aborda de uma maneira atemporal conflitos muito presentes em nosso \u00e2mbito cultural, pol\u00edtico e religioso. Recheado de com\u00e9dia e cantigas populares, o espet\u00e1culo \u201cCaravela da Ilus\u00e3o\u201d conta a saga de uma fam\u00edlia que se v\u00ea perdida em uma ilha ap\u00f3s um terr\u00edvel naufr\u00e1gio.<\/p>\n<p>Esta \u00e9 a segunda vez que o espet\u00e1culo \u00e9 apresentado na cidade. Em 2018, a atra\u00e7\u00e3o fez parte da programa\u00e7\u00e3o de anivers\u00e1rio da cidade, em maio, recebendo grande p\u00fablico. O Espa\u00e7o N\u00facleo, de Limeira, j\u00e1 esteve em Santa Rita com outros dois espet\u00e1culos. Al\u00e9m de \u201cCaravela da Ilus\u00e3o\u201d, grupo teatral tamb\u00e9m apresentou \u201cJo\u00e3o e o P\u00e9 de Feij\u00e3o\u201d e \u201cPeter Pan\u201d.<\/p>\n<p>&nbsp;<\/p>\n<p><em>\u00a0<\/em><\/p>\n<p><em>\u00a0<\/em><\/p>\n<p><em>\u00a0<\/em><\/p>\n","protected":false},"excerpt":{"rendered":"<p>Pe\u00e7a do Espa\u00e7o N\u00facleo de Teatro ser\u00e1 exibida no Centro Cultural M\u00e1rio Covas, com entrada gratuita, em promo\u00e7\u00e3o do Departamento<\/p>\n","protected":false},"author":1,"featured_media":3508,"comment_status":"closed","ping_status":"open","sticky":false,"template":"","format":"standard","meta":{"footnotes":""},"categories":[46,60],"tags":[],"class_list":["post-3551","post","type-post","status-publish","format-standard","has-post-thumbnail","hentry","category-cultura","category-turismo"],"_links":{"self":[{"href":"https:\/\/www.santaritadopassaquatro.sp.gov.br\/portal\/wp-json\/wp\/v2\/posts\/3551","targetHints":{"allow":["GET"]}}],"collection":[{"href":"https:\/\/www.santaritadopassaquatro.sp.gov.br\/portal\/wp-json\/wp\/v2\/posts"}],"about":[{"href":"https:\/\/www.santaritadopassaquatro.sp.gov.br\/portal\/wp-json\/wp\/v2\/types\/post"}],"author":[{"embeddable":true,"href":"https:\/\/www.santaritadopassaquatro.sp.gov.br\/portal\/wp-json\/wp\/v2\/users\/1"}],"replies":[{"embeddable":true,"href":"https:\/\/www.santaritadopassaquatro.sp.gov.br\/portal\/wp-json\/wp\/v2\/comments?post=3551"}],"version-history":[{"count":0,"href":"https:\/\/www.santaritadopassaquatro.sp.gov.br\/portal\/wp-json\/wp\/v2\/posts\/3551\/revisions"}],"wp:featuredmedia":[{"embeddable":true,"href":"https:\/\/www.santaritadopassaquatro.sp.gov.br\/portal\/wp-json\/wp\/v2\/media\/3508"}],"wp:attachment":[{"href":"https:\/\/www.santaritadopassaquatro.sp.gov.br\/portal\/wp-json\/wp\/v2\/media?parent=3551"}],"wp:term":[{"taxonomy":"category","embeddable":true,"href":"https:\/\/www.santaritadopassaquatro.sp.gov.br\/portal\/wp-json\/wp\/v2\/categories?post=3551"},{"taxonomy":"post_tag","embeddable":true,"href":"https:\/\/www.santaritadopassaquatro.sp.gov.br\/portal\/wp-json\/wp\/v2\/tags?post=3551"}],"curies":[{"name":"wp","href":"https:\/\/api.w.org\/{rel}","templated":true}]}}