{"id":3554,"date":"2020-03-13T15:01:54","date_gmt":"2020-03-13T18:01:54","guid":{"rendered":"http:\/\/www.santaritadopassaquatro.sp.gov.br\/portal\/?p=3554"},"modified":"2020-03-13T15:01:54","modified_gmt":"2020-03-13T18:01:54","slug":"sabado-tem-banda-zequinha-de-abreu-na-concha-acustica","status":"publish","type":"post","link":"https:\/\/www.santaritadopassaquatro.sp.gov.br\/portal\/sabado-tem-banda-zequinha-de-abreu-na-concha-acustica\/","title":{"rendered":"S\u00e1bado tem Banda Zequinha de Abreu na Concha Ac\u00fastica"},"content":{"rendered":"<p><strong><em>Promovido pelo Departamento de Cultura e Turismo da Prefeitura Municipal, evento tem como objetivo oferecer lazer a cultura para a popula\u00e7\u00e3o e turistas<\/em><\/strong><\/p>\n<p><strong><em>\u00a0<\/em><\/strong><\/p>\n<p><img decoding=\"async\" class=\"alignnone size-medium wp-image-3555 alignleft\" src=\"http:\/\/www.santaritadopassaquatro.sp.gov.br\/portal\/wp-content\/uploads\/2020\/03\/banda_zequinha-300x200.jpg\" alt=\"\" width=\"300\" height=\"200\" srcset=\"https:\/\/www.santaritadopassaquatro.sp.gov.br\/portal\/wp-content\/uploads\/2020\/03\/banda_zequinha-300x200.jpg 300w, https:\/\/www.santaritadopassaquatro.sp.gov.br\/portal\/wp-content\/uploads\/2020\/03\/banda_zequinha-768x512.jpg 768w, https:\/\/www.santaritadopassaquatro.sp.gov.br\/portal\/wp-content\/uploads\/2020\/03\/banda_zequinha-1024x683.jpg 1024w\" sizes=\"(max-width: 300px) 100vw, 300px\" \/>A Banda Musical Zequinha de Abreu volta a se apresentar ao p\u00fablico de Santa Rita do Passa Quatro, neste s\u00e1bado (14\/3), a partir das 20 horas, na Concha Ac\u00fastica da Pra\u00e7a Zequinha de Abreu (Matriz).<\/p>\n<p>O evento promovido pela Prefeitura Municipal, atrav\u00e9s do Departamento de Cultura e Turismo, tem como objetivo oferecer mais uma op\u00e7\u00e3o cultural para a fam\u00edlia santa-ritense e turistas, na pra\u00e7a que foi revitalizada e tem de volta os peixinhos no entorno da Concha Ac\u00fastica.<\/p>\n<p>Al\u00e9m de executarem obras de Zequinha de Abreu, a Banda possui um repert\u00f3rio bem variado, com m\u00fasica cl\u00e1ssica, popular, rock dos anos 80, incluindo nacionais e internacionais.<\/p>\n<p>&nbsp;<\/p>\n<p><strong>SERVI\u00c7O<br \/>\nBANDA ZEQUINHA DE ABREU<br \/>\nDATA: <\/strong>s\u00e1bado, dia 14 de mar\u00e7o.<strong><br \/>\nHOR\u00c1RIO: <\/strong>20 horas.<br \/>\n<strong>LOCAL: <\/strong>Pra\u00e7a Zequinha de Abreu (Concha Ac\u00fastica).<\/p>\n<p>&nbsp;<\/p>\n<p>&nbsp;<\/p>\n","protected":false},"excerpt":{"rendered":"<p>Promovido pelo Departamento de Cultura e Turismo da Prefeitura Municipal, evento tem como objetivo oferecer lazer a cultura para a<\/p>\n","protected":false},"author":1,"featured_media":3555,"comment_status":"closed","ping_status":"open","sticky":false,"template":"","format":"standard","meta":{"footnotes":""},"categories":[46,60],"tags":[],"class_list":["post-3554","post","type-post","status-publish","format-standard","has-post-thumbnail","hentry","category-cultura","category-turismo"],"_links":{"self":[{"href":"https:\/\/www.santaritadopassaquatro.sp.gov.br\/portal\/wp-json\/wp\/v2\/posts\/3554","targetHints":{"allow":["GET"]}}],"collection":[{"href":"https:\/\/www.santaritadopassaquatro.sp.gov.br\/portal\/wp-json\/wp\/v2\/posts"}],"about":[{"href":"https:\/\/www.santaritadopassaquatro.sp.gov.br\/portal\/wp-json\/wp\/v2\/types\/post"}],"author":[{"embeddable":true,"href":"https:\/\/www.santaritadopassaquatro.sp.gov.br\/portal\/wp-json\/wp\/v2\/users\/1"}],"replies":[{"embeddable":true,"href":"https:\/\/www.santaritadopassaquatro.sp.gov.br\/portal\/wp-json\/wp\/v2\/comments?post=3554"}],"version-history":[{"count":0,"href":"https:\/\/www.santaritadopassaquatro.sp.gov.br\/portal\/wp-json\/wp\/v2\/posts\/3554\/revisions"}],"wp:featuredmedia":[{"embeddable":true,"href":"https:\/\/www.santaritadopassaquatro.sp.gov.br\/portal\/wp-json\/wp\/v2\/media\/3555"}],"wp:attachment":[{"href":"https:\/\/www.santaritadopassaquatro.sp.gov.br\/portal\/wp-json\/wp\/v2\/media?parent=3554"}],"wp:term":[{"taxonomy":"category","embeddable":true,"href":"https:\/\/www.santaritadopassaquatro.sp.gov.br\/portal\/wp-json\/wp\/v2\/categories?post=3554"},{"taxonomy":"post_tag","embeddable":true,"href":"https:\/\/www.santaritadopassaquatro.sp.gov.br\/portal\/wp-json\/wp\/v2\/tags?post=3554"}],"curies":[{"name":"wp","href":"https:\/\/api.w.org\/{rel}","templated":true}]}}