{"id":3562,"date":"2020-03-13T15:08:50","date_gmt":"2020-03-13T18:08:50","guid":{"rendered":"http:\/\/www.santaritadopassaquatro.sp.gov.br\/portal\/?p=3562"},"modified":"2020-03-13T15:08:50","modified_gmt":"2020-03-13T18:08:50","slug":"proximo-sabado-tem-mais-uma-campanha-de-doacao-de-sangue-em-santa-rita","status":"publish","type":"post","link":"https:\/\/www.santaritadopassaquatro.sp.gov.br\/portal\/proximo-sabado-tem-mais-uma-campanha-de-doacao-de-sangue-em-santa-rita\/","title":{"rendered":"Pr\u00f3ximo s\u00e1bado tem mais uma Campanha de doa\u00e7\u00e3o de sangue em Santa Rita"},"content":{"rendered":"<p><strong><em>A\u00e7\u00e3o ser\u00e1 realizada em parceria entre Hemocentro Ribeir\u00e3o Preto e Departamento Municipal de Sa\u00fade, na EMEF Madre Carmelita <\/em><\/strong><\/p>\n<p><strong><em>\u00a0<\/em><\/strong><\/p>\n<p><img decoding=\"async\" class=\"alignnone size-medium wp-image-3564 alignleft\" src=\"http:\/\/www.santaritadopassaquatro.sp.gov.br\/portal\/wp-content\/uploads\/2020\/03\/campanha_doacao_sangue-225x300.jpg\" alt=\"\" width=\"225\" height=\"300\" srcset=\"https:\/\/www.santaritadopassaquatro.sp.gov.br\/portal\/wp-content\/uploads\/2020\/03\/campanha_doacao_sangue-225x300.jpg 225w, https:\/\/www.santaritadopassaquatro.sp.gov.br\/portal\/wp-content\/uploads\/2020\/03\/campanha_doacao_sangue-768x1024.jpg 768w, https:\/\/www.santaritadopassaquatro.sp.gov.br\/portal\/wp-content\/uploads\/2020\/03\/campanha_doacao_sangue.jpg 1944w\" sizes=\"(max-width: 225px) 100vw, 225px\" \/>Santa Rita do Passa Quatro recebe no pr\u00f3ximo s\u00e1bado (21\/3) mais campanha de doa\u00e7\u00e3o de sangue e cadastro de medula \u00f3ssea. A a\u00e7\u00e3o ser\u00e1 realizada em parceria entre Hemocentro Ribeir\u00e3o Preto e Prefeitura Municipal, atrav\u00e9s do Departamento de Sa\u00fade. A campanha acontece \u00e0 partir das 7 horas, na EMEF Madre Carmelita.<\/p>\n<p>Para ser doador \u00e9 preciso ter idade entre 18 e 67 anos, estar com boa sa\u00fade, pesar no m\u00ednimo 50kg (homens) ou 51kg (mulheres). Volunt\u00e1rios com idade entre 16 e 18 anos tamb\u00e9m podem doar, desde que autorizados pelos pais ou respons\u00e1veis. \u00c9 obrigat\u00f3rio apresentar documento oficial com foto.<\/p>\n<p>As recomenda\u00e7\u00f5es aos volunt\u00e1rios podem ser conferidas na internet no link http:\/\/pegasus.fmrp.usp.br\/projeto\/guiadoad.htm. Segundo o Hemocentro, cada doador pode salvar at\u00e9 tr\u00eas vidas.<\/p>\n<p>Santa Rita est\u00e1 entre os 210 munic\u00edpios atendidos pelo Hemocentro Ribeir\u00e3o Preto. Ao todo s\u00e3o 33% do Estado de S\u00e3o Paulo. Para suprir esta demanda, s\u00e3o realizadas campanhas em tr\u00eas finais de semana por m\u00eas, nas v\u00e1rias cidades da regi\u00e3o de abrang\u00eancia.<\/p>\n<p>Promovida pelos menos duas vezes ao ano na cidade, todas com presen\u00e7a expressiva da popula\u00e7\u00e3o local.\u00a0 A \u00faltima campanha em Santa Rita aconteceu no \u00faltimo m\u00eas de setembro de 2019.<\/p>\n<p><strong>\u00a0<\/strong><\/p>\n<p>&nbsp;<\/p>\n<p>&nbsp;<\/p>\n<p>&nbsp;<\/p>\n","protected":false},"excerpt":{"rendered":"<p>A\u00e7\u00e3o ser\u00e1 realizada em parceria entre Hemocentro Ribeir\u00e3o Preto e Departamento Municipal de Sa\u00fade, na EMEF Madre Carmelita \u00a0 Santa<\/p>\n","protected":false},"author":1,"featured_media":3563,"comment_status":"closed","ping_status":"open","sticky":false,"template":"","format":"standard","meta":{"footnotes":""},"categories":[44,52,58],"tags":[],"class_list":["post-3562","post","type-post","status-publish","format-standard","has-post-thumbnail","hentry","category-cidades","category-latest","category-health"],"_links":{"self":[{"href":"https:\/\/www.santaritadopassaquatro.sp.gov.br\/portal\/wp-json\/wp\/v2\/posts\/3562","targetHints":{"allow":["GET"]}}],"collection":[{"href":"https:\/\/www.santaritadopassaquatro.sp.gov.br\/portal\/wp-json\/wp\/v2\/posts"}],"about":[{"href":"https:\/\/www.santaritadopassaquatro.sp.gov.br\/portal\/wp-json\/wp\/v2\/types\/post"}],"author":[{"embeddable":true,"href":"https:\/\/www.santaritadopassaquatro.sp.gov.br\/portal\/wp-json\/wp\/v2\/users\/1"}],"replies":[{"embeddable":true,"href":"https:\/\/www.santaritadopassaquatro.sp.gov.br\/portal\/wp-json\/wp\/v2\/comments?post=3562"}],"version-history":[{"count":0,"href":"https:\/\/www.santaritadopassaquatro.sp.gov.br\/portal\/wp-json\/wp\/v2\/posts\/3562\/revisions"}],"wp:featuredmedia":[{"embeddable":true,"href":"https:\/\/www.santaritadopassaquatro.sp.gov.br\/portal\/wp-json\/wp\/v2\/media\/3563"}],"wp:attachment":[{"href":"https:\/\/www.santaritadopassaquatro.sp.gov.br\/portal\/wp-json\/wp\/v2\/media?parent=3562"}],"wp:term":[{"taxonomy":"category","embeddable":true,"href":"https:\/\/www.santaritadopassaquatro.sp.gov.br\/portal\/wp-json\/wp\/v2\/categories?post=3562"},{"taxonomy":"post_tag","embeddable":true,"href":"https:\/\/www.santaritadopassaquatro.sp.gov.br\/portal\/wp-json\/wp\/v2\/tags?post=3562"}],"curies":[{"name":"wp","href":"https:\/\/api.w.org\/{rel}","templated":true}]}}