{"id":3575,"date":"2020-03-13T15:19:08","date_gmt":"2020-03-13T18:19:08","guid":{"rendered":"http:\/\/www.santaritadopassaquatro.sp.gov.br\/portal\/?p=3575"},"modified":"2020-03-13T15:19:08","modified_gmt":"2020-03-13T18:19:08","slug":"presidente-da-aprecesp-prefeito-participa-de-reuniao-com-organizadores-da-sao-paulo-oktoberfest","status":"publish","type":"post","link":"https:\/\/www.santaritadopassaquatro.sp.gov.br\/portal\/presidente-da-aprecesp-prefeito-participa-de-reuniao-com-organizadores-da-sao-paulo-oktoberfest\/","title":{"rendered":"Presidente da Aprecesp, prefeito participa de reuni\u00e3o com organizadores da S\u00e3o Paulo Oktoberfest"},"content":{"rendered":"<p><strong><em>Objetivo foi tratar da cria\u00e7\u00e3o de um evento similar no interior, envolvendo as Est\u00e2ncias e fabricantes de cervejas artesanais do Estado <\/em><\/strong><\/p>\n<p><strong><em>\u00a0<\/em><\/strong><\/p>\n<p><img decoding=\"async\" class=\"alignnone size-medium wp-image-3576 alignleft\" src=\"http:\/\/www.santaritadopassaquatro.sp.gov.br\/portal\/wp-content\/uploads\/2020\/03\/Reuniao_oktuber_fest_Setur-300x200.jpeg\" alt=\"\" width=\"300\" height=\"200\" srcset=\"https:\/\/www.santaritadopassaquatro.sp.gov.br\/portal\/wp-content\/uploads\/2020\/03\/Reuniao_oktuber_fest_Setur-300x200.jpeg 300w, https:\/\/www.santaritadopassaquatro.sp.gov.br\/portal\/wp-content\/uploads\/2020\/03\/Reuniao_oktuber_fest_Setur-768x512.jpeg 768w, https:\/\/www.santaritadopassaquatro.sp.gov.br\/portal\/wp-content\/uploads\/2020\/03\/Reuniao_oktuber_fest_Setur-1024x682.jpeg 1024w, https:\/\/www.santaritadopassaquatro.sp.gov.br\/portal\/wp-content\/uploads\/2020\/03\/Reuniao_oktuber_fest_Setur.jpeg 1280w\" sizes=\"(max-width: 300px) 100vw, 300px\" \/>Presidente reeleito da Aprecesp (Associa\u00e7\u00e3o das Prefeituras das Cidades Est\u00e2ncia do Estado de S\u00e3o Paulo), o prefeito de Santa Rita do Passa Quatro, Leandro Luciano dos Santos, participou de duas reuni\u00f5es com os respons\u00e1veis pela organiza\u00e7\u00e3o da S\u00e3o Paulo Oktoberfest, os empres\u00e1rios S\u00e9rgio Kacas e Walter Cavalheiro.<\/p>\n<p>A primeira reuni\u00e3o aconteceu na sede Secret\u00e1ria de Turismo do Estado de S\u00e3o Paulo (Setur SP), na Capital Paulista, no \u00faltimo dia 3 de mar\u00e7o, ter\u00e7a-feira, com a participa\u00e7\u00e3o tamb\u00e9m dos prefeitos de Campos do Jord\u00e3o, Fred Guidoni, e de Holambra, Fernando Fiori de Godoy, al\u00e9m do secret\u00e1rio executivo e chefe de gabinete da (Setur SP), Marcelo Costa e Guilherme Miranda. O segundo encontro aconteceu nesta quarta-feira (11\/3), desta vez recebemos na sede da Aprecesp.<\/p>\n<p>Em ambas as reuni\u00f5es foram tratados sobre a realiza\u00e7\u00e3o da 4\u00aa S\u00e3o Paulo Oktoberfest, entre os meses de setembro e outubro, na Capital Paulista. Foram tamb\u00e9m tratados assuntos como a possibilidade do evento ser estendi para o interior do estado, envolvendo \u00e0s est\u00e2ncias paulistas, al\u00e9m da participa\u00e7\u00e3o das cervejarias artesanais, em busca de fomentar o turismo e estimular a economia.<\/p>\n<p>Tamb\u00e9m foi tratado da inclus\u00e3o das est\u00e2ncias em um espa\u00e7o para a apresenta\u00e7\u00e3o dos destinos tur\u00edsticos de S\u00e3o Paulo, atrav\u00e9s da Aparecesp, apresentando os roteiros paulistas destacando sua diversidade de produtos e experi\u00eancias. \u201cAssim seguimos em busca de parcerias pela promo\u00e7\u00e3o e desenvolvimento do turismo paulista\u201d, disse o prefeito.<\/p>\n<p>&nbsp;<\/p>\n<p><strong>O EVENTO<\/strong><\/p>\n<p>A da 4\u00aa S\u00e3o Paulo Oktoberfest, vers\u00e3o paulistana da tradicional festa da cerveja promovida em Santa Catarina, acontece de 17 de setembro e 4 de outubro, em S\u00e3o Paulo. A vers\u00e3o 2020 da festa ser\u00e1 promovida em na avenida Chucri Zaidan, na zona sul da cidade, onde ser\u00e1 constru\u00edda uma vila alem\u00e3 cenogr\u00e1fica.<\/p>\n<p>A edi\u00e7\u00e3o 2019 do evento, realizada no Jockey Club, recebeu mais de 100 mil pessoas, que consumiram 109 mil litros de chope. A festa movimentou mais de R$ 40 milh\u00f5es. As duas primeiras edi\u00e7\u00f5es do evento, em 2017 e 2018, somaram um p\u00fablico de 150 mil visitantes.<\/p>\n<p><strong>\u00a0<\/strong><\/p>\n<p>&nbsp;<\/p>\n<p>&nbsp;<\/p>\n<p>&nbsp;<\/p>\n","protected":false},"excerpt":{"rendered":"<p>Objetivo foi tratar da cria\u00e7\u00e3o de um evento similar no interior, envolvendo as Est\u00e2ncias e fabricantes de cervejas artesanais do<\/p>\n","protected":false},"author":1,"featured_media":3577,"comment_status":"closed","ping_status":"open","sticky":false,"template":"","format":"standard","meta":{"footnotes":""},"categories":[44,60],"tags":[],"class_list":["post-3575","post","type-post","status-publish","format-standard","has-post-thumbnail","hentry","category-cidades","category-turismo"],"_links":{"self":[{"href":"https:\/\/www.santaritadopassaquatro.sp.gov.br\/portal\/wp-json\/wp\/v2\/posts\/3575","targetHints":{"allow":["GET"]}}],"collection":[{"href":"https:\/\/www.santaritadopassaquatro.sp.gov.br\/portal\/wp-json\/wp\/v2\/posts"}],"about":[{"href":"https:\/\/www.santaritadopassaquatro.sp.gov.br\/portal\/wp-json\/wp\/v2\/types\/post"}],"author":[{"embeddable":true,"href":"https:\/\/www.santaritadopassaquatro.sp.gov.br\/portal\/wp-json\/wp\/v2\/users\/1"}],"replies":[{"embeddable":true,"href":"https:\/\/www.santaritadopassaquatro.sp.gov.br\/portal\/wp-json\/wp\/v2\/comments?post=3575"}],"version-history":[{"count":0,"href":"https:\/\/www.santaritadopassaquatro.sp.gov.br\/portal\/wp-json\/wp\/v2\/posts\/3575\/revisions"}],"wp:featuredmedia":[{"embeddable":true,"href":"https:\/\/www.santaritadopassaquatro.sp.gov.br\/portal\/wp-json\/wp\/v2\/media\/3577"}],"wp:attachment":[{"href":"https:\/\/www.santaritadopassaquatro.sp.gov.br\/portal\/wp-json\/wp\/v2\/media?parent=3575"}],"wp:term":[{"taxonomy":"category","embeddable":true,"href":"https:\/\/www.santaritadopassaquatro.sp.gov.br\/portal\/wp-json\/wp\/v2\/categories?post=3575"},{"taxonomy":"post_tag","embeddable":true,"href":"https:\/\/www.santaritadopassaquatro.sp.gov.br\/portal\/wp-json\/wp\/v2\/tags?post=3575"}],"curies":[{"name":"wp","href":"https:\/\/api.w.org\/{rel}","templated":true}]}}