{"id":3591,"date":"2020-03-20T14:13:10","date_gmt":"2020-03-20T17:13:10","guid":{"rendered":"http:\/\/www.santaritadopassaquatro.sp.gov.br\/portal\/?p=3591"},"modified":"2020-03-20T14:21:49","modified_gmt":"2020-03-20T17:21:49","slug":"campeonato-municipal-de-futsal-e-suspenso-temporariamente","status":"publish","type":"post","link":"https:\/\/www.santaritadopassaquatro.sp.gov.br\/portal\/campeonato-municipal-de-futsal-e-suspenso-temporariamente\/","title":{"rendered":"Campeonato Municipal de Futsal \u00e9 suspenso temporariamente"},"content":{"rendered":"<p><strong><em>Determina\u00e7\u00e3o visa evitar aglomera\u00e7\u00e3o em fun\u00e7\u00e3o da pandemia de Covid-19 (coronav\u00edrus); previs\u00e3o \u00e9 de retorno no pr\u00f3ximo dia 30\/3<\/em><\/strong><\/p>\n<p>&nbsp;<\/p>\n<p>O Departamento Municipal de Esportes suspendeu o Campeonato Municipal de Futsal 2020 At\u00edlio Aparecido Juliati, o \u201cBol\u00e3o\u201d, de Santa Rita do Passa Quatro. A competi\u00e7\u00e3o na Quadra Municipal Professor Oscar de Oliveira Alves foi interrompida na \u00faltima ter\u00e7a-feira (17\/3) e a previs\u00e3o de retorno \u00e9 dia 30 de mar\u00e7o, segunda-feira.<\/p>\n<p>A suspens\u00e3o segue as orienta\u00e7\u00f5es do Minist\u00e9rio da Sa\u00fade para enfrentamento ao covid-19 (coronav\u00edrus), para que as aglomera\u00e7\u00f5es sejam evitadas e as pessoas permane\u00e7am em suas casas.<\/p>\n<p>A determina\u00e7\u00e3o tamb\u00e9m est\u00e1 de acordo com o Decreto Municipal N\u00ba 2.908, publicado no Di\u00e1rio Oficial Eletr\u00f4nico da Prefeitura Municipal na manh\u00e3 desta quinta-feira (19\/3), que disp\u00f5e sobre a ado\u00e7\u00e3o, no \u00e2mbito da Administra\u00e7\u00e3o P\u00fablica Municipal, de medidas tempor\u00e1rias e emergenciais de preven\u00e7\u00e3o de cont\u00e1gio pelo covid-19 (novo coronavirus), bem como sobre recomenda\u00e7\u00f5es ao setor privado.<\/p>\n<p><strong>\u00a0<\/strong><\/p>\n<p><strong>A COMPETI\u00c7\u00c3O<\/strong><\/p>\n<p>Iniciado no \u00faltimo dia 10\/2, segunda-feira, o campeonato deste ano foi dividido nas categorias masculina e feminina livre. No masculino, na primeira fase, todos os times jogaram entre si, em cada chave, e os dois primeiros colocados disputam serie A (primeira divis\u00e3o) e 3\u00ba e 4\u00ba colocados disputam a s\u00e9rie B (segunda divis\u00e3o) nesta fase.<\/p>\n<p>Na S\u00e9rie A est\u00e3o: Copasa, G.E. Estrelense, Z.P.P. F.C., Bem Amigos, Ajax City F.C., Dentfix\/Imapro, Disk Limp e HGM Chapecomitos. Disputam a S\u00e9rie B: Futebol Nota 10, Karkanelas F.C., A.B.C., Desportivo Estrelense, Center Pack, Imperial Futsal, V.R. Esportes F.C. e Irmandade F.C. Na categoria feminina est\u00e3o: Karkanelas, Real Madruga, Caxota e Nada Consta.<\/p>\n<p><strong>\u00a0<\/strong><\/p>\n<p><strong>TA\u00c7A EPTV<\/strong><\/p>\n<p>Santa Rita tamb\u00e9m est\u00e1 inscrita na Ta\u00e7a EPTV Central de Futsal, que come\u00e7aria neste s\u00e1bado (21\/3) com solenidade de abertura na cidade de Caconde. Entretanto, a organiza\u00e7\u00e3o j\u00e1 anunciou o adiamento da competi\u00e7\u00e3o para o m\u00eas de julho.<\/p>\n<p><strong>\u00a0<\/strong><\/p>\n<p>&nbsp;<\/p>\n","protected":false},"excerpt":{"rendered":"<p>Determina\u00e7\u00e3o visa evitar aglomera\u00e7\u00e3o em fun\u00e7\u00e3o da pandemia de Covid-19 (coronav\u00edrus); previs\u00e3o \u00e9 de retorno no pr\u00f3ximo dia 30\/3 &nbsp;<\/p>\n","protected":false},"author":1,"featured_media":3592,"comment_status":"closed","ping_status":"open","sticky":false,"template":"","format":"standard","meta":{"footnotes":""},"categories":[40,51],"tags":[],"class_list":["post-3591","post","type-post","status-publish","format-standard","has-post-thumbnail","hentry","category-covid-19","category-sports"],"_links":{"self":[{"href":"https:\/\/www.santaritadopassaquatro.sp.gov.br\/portal\/wp-json\/wp\/v2\/posts\/3591","targetHints":{"allow":["GET"]}}],"collection":[{"href":"https:\/\/www.santaritadopassaquatro.sp.gov.br\/portal\/wp-json\/wp\/v2\/posts"}],"about":[{"href":"https:\/\/www.santaritadopassaquatro.sp.gov.br\/portal\/wp-json\/wp\/v2\/types\/post"}],"author":[{"embeddable":true,"href":"https:\/\/www.santaritadopassaquatro.sp.gov.br\/portal\/wp-json\/wp\/v2\/users\/1"}],"replies":[{"embeddable":true,"href":"https:\/\/www.santaritadopassaquatro.sp.gov.br\/portal\/wp-json\/wp\/v2\/comments?post=3591"}],"version-history":[{"count":1,"href":"https:\/\/www.santaritadopassaquatro.sp.gov.br\/portal\/wp-json\/wp\/v2\/posts\/3591\/revisions"}],"predecessor-version":[{"id":3593,"href":"https:\/\/www.santaritadopassaquatro.sp.gov.br\/portal\/wp-json\/wp\/v2\/posts\/3591\/revisions\/3593"}],"wp:featuredmedia":[{"embeddable":true,"href":"https:\/\/www.santaritadopassaquatro.sp.gov.br\/portal\/wp-json\/wp\/v2\/media\/3592"}],"wp:attachment":[{"href":"https:\/\/www.santaritadopassaquatro.sp.gov.br\/portal\/wp-json\/wp\/v2\/media?parent=3591"}],"wp:term":[{"taxonomy":"category","embeddable":true,"href":"https:\/\/www.santaritadopassaquatro.sp.gov.br\/portal\/wp-json\/wp\/v2\/categories?post=3591"},{"taxonomy":"post_tag","embeddable":true,"href":"https:\/\/www.santaritadopassaquatro.sp.gov.br\/portal\/wp-json\/wp\/v2\/tags?post=3591"}],"curies":[{"name":"wp","href":"https:\/\/api.w.org\/{rel}","templated":true}]}}