{"id":3594,"date":"2020-03-20T14:17:25","date_gmt":"2020-03-20T17:17:25","guid":{"rendered":"http:\/\/www.santaritadopassaquatro.sp.gov.br\/portal\/?p=3594"},"modified":"2020-03-20T15:22:25","modified_gmt":"2020-03-20T18:22:25","slug":"departamento-de-cultura-e-turismo-determina-cancelamento-de-eventos","status":"publish","type":"post","link":"https:\/\/www.santaritadopassaquatro.sp.gov.br\/portal\/departamento-de-cultura-e-turismo-determina-cancelamento-de-eventos\/","title":{"rendered":"Departamento de Cultura e Turismo determina cancelamento de eventos"},"content":{"rendered":"<p><strong><em>Pe\u00e7a teatral Caravelas da Ilus\u00e3o e Programa Est\u00e2ncia Sertaneja foram suspensos para evitar aglomera\u00e7\u00e3o em fun\u00e7\u00e3o da pandemia de Covid-19 (coronav\u00edrus)<\/em><\/strong><\/p>\n<p>&nbsp;<\/p>\n<p>O Departamento de Cultura e Turismo da Prefeitura Municipal Santa Rita do Passa Quatro cancelou a programa\u00e7\u00e3o cultural do m\u00eas de mar\u00e7o no munic\u00edpio. Os eventos programados e cancelados s\u00e3o o espet\u00e1culo teatral \u201cCaravela da Ilus\u00e3o\u201d, Escola de Artes Espa\u00e7o N\u00facleo, que aconteceria neste s\u00e1bado (21\/03), e o Programa Est\u00e2ncia Sertaneja, que seria realizado no pr\u00f3ximo s\u00e1bado (28\/3), na Pra\u00e7a Zequinha de Abreu.<\/p>\n<p>Os cancelamentos seguem as orienta\u00e7\u00f5es do Minist\u00e9rio da Sa\u00fade para enfrentamento ao covid-19 (coronav\u00edrus), para que as aglomera\u00e7\u00f5es sejam evitadas e as pessoas permane\u00e7am em suas casas.<\/p>\n<p>A determina\u00e7\u00e3o tamb\u00e9m est\u00e1 de acordo com o Decreto Municipal N\u00ba 2.908, publicado no Di\u00e1rio Oficial Eletr\u00f4nico da Prefeitura Municipal na manh\u00e3 desta quinta-feira (19\/3), que disp\u00f5e sobre a ado\u00e7\u00e3o, no \u00e2mbito da Administra\u00e7\u00e3o P\u00fablica Municipal, de medidas tempor\u00e1rias e emergenciais de preven\u00e7\u00e3o de cont\u00e1gio pelo covid-19 (novo coronavirus), bem como sobre recomenda\u00e7\u00f5es ao setor privado.<\/p>\n<p>A medida segue por tempo indeterminado, at\u00e9 que a situa\u00e7\u00e3o se normalize e a decis\u00e3o sobre os eventos dos pr\u00f3ximos meses ainda ser\u00e3o definidas.<\/p>\n<p>&nbsp;<\/p>\n<p>&nbsp;<\/p>\n","protected":false},"excerpt":{"rendered":"<p>Pe\u00e7a teatral Caravelas da Ilus\u00e3o e Programa Est\u00e2ncia Sertaneja foram suspensos para evitar aglomera\u00e7\u00e3o em fun\u00e7\u00e3o da pandemia de Covid-19<\/p>\n","protected":false},"author":1,"featured_media":3601,"comment_status":"closed","ping_status":"open","sticky":false,"template":"","format":"standard","meta":{"footnotes":""},"categories":[40,46,60],"tags":[],"class_list":["post-3594","post","type-post","status-publish","format-standard","has-post-thumbnail","hentry","category-covid-19","category-cultura","category-turismo"],"_links":{"self":[{"href":"https:\/\/www.santaritadopassaquatro.sp.gov.br\/portal\/wp-json\/wp\/v2\/posts\/3594","targetHints":{"allow":["GET"]}}],"collection":[{"href":"https:\/\/www.santaritadopassaquatro.sp.gov.br\/portal\/wp-json\/wp\/v2\/posts"}],"about":[{"href":"https:\/\/www.santaritadopassaquatro.sp.gov.br\/portal\/wp-json\/wp\/v2\/types\/post"}],"author":[{"embeddable":true,"href":"https:\/\/www.santaritadopassaquatro.sp.gov.br\/portal\/wp-json\/wp\/v2\/users\/1"}],"replies":[{"embeddable":true,"href":"https:\/\/www.santaritadopassaquatro.sp.gov.br\/portal\/wp-json\/wp\/v2\/comments?post=3594"}],"version-history":[{"count":1,"href":"https:\/\/www.santaritadopassaquatro.sp.gov.br\/portal\/wp-json\/wp\/v2\/posts\/3594\/revisions"}],"predecessor-version":[{"id":3595,"href":"https:\/\/www.santaritadopassaquatro.sp.gov.br\/portal\/wp-json\/wp\/v2\/posts\/3594\/revisions\/3595"}],"wp:featuredmedia":[{"embeddable":true,"href":"https:\/\/www.santaritadopassaquatro.sp.gov.br\/portal\/wp-json\/wp\/v2\/media\/3601"}],"wp:attachment":[{"href":"https:\/\/www.santaritadopassaquatro.sp.gov.br\/portal\/wp-json\/wp\/v2\/media?parent=3594"}],"wp:term":[{"taxonomy":"category","embeddable":true,"href":"https:\/\/www.santaritadopassaquatro.sp.gov.br\/portal\/wp-json\/wp\/v2\/categories?post=3594"},{"taxonomy":"post_tag","embeddable":true,"href":"https:\/\/www.santaritadopassaquatro.sp.gov.br\/portal\/wp-json\/wp\/v2\/tags?post=3594"}],"curies":[{"name":"wp","href":"https:\/\/api.w.org\/{rel}","templated":true}]}}