{"id":3602,"date":"2020-03-20T14:25:06","date_gmt":"2020-03-20T17:25:06","guid":{"rendered":"http:\/\/www.santaritadopassaquatro.sp.gov.br\/portal\/?p=3602"},"modified":"2020-03-20T14:25:06","modified_gmt":"2020-03-20T17:25:06","slug":"santa-casa-conquista-mais-de-r-500-mil-para-reforma","status":"publish","type":"post","link":"https:\/\/www.santaritadopassaquatro.sp.gov.br\/portal\/santa-casa-conquista-mais-de-r-500-mil-para-reforma\/","title":{"rendered":"Santa Casa conquista mais de R$ 500 mil para reforma"},"content":{"rendered":"<p><strong><em>Verba do Governo Federal, solicitada em conjunto pelo prefeito e vereadores, foi confirmada e projeto foi lan\u00e7ado no sistema do Minist\u00e9rio da Sa\u00fade<\/em><\/strong><\/p>\n<p><strong><em>\u00a0<\/em><\/strong><\/p>\n<figure id=\"attachment_3603\" aria-describedby=\"caption-attachment-3603\" style=\"width: 344px\" class=\"wp-caption alignleft\"><img decoding=\"async\" class=\"wp-image-3603\" src=\"http:\/\/www.santaritadopassaquatro.sp.gov.br\/portal\/wp-content\/uploads\/2020\/03\/verba_santa_casa_prefeito_sistema-300x200.jpg\" alt=\"\" width=\"344\" height=\"229\" srcset=\"https:\/\/www.santaritadopassaquatro.sp.gov.br\/portal\/wp-content\/uploads\/2020\/03\/verba_santa_casa_prefeito_sistema-300x200.jpg 300w, https:\/\/www.santaritadopassaquatro.sp.gov.br\/portal\/wp-content\/uploads\/2020\/03\/verba_santa_casa_prefeito_sistema-768x512.jpg 768w, https:\/\/www.santaritadopassaquatro.sp.gov.br\/portal\/wp-content\/uploads\/2020\/03\/verba_santa_casa_prefeito_sistema-1024x683.jpg 1024w\" sizes=\"(max-width: 344px) 100vw, 344px\" \/><figcaption id=\"caption-attachment-3603\" class=\"wp-caption-text\"><span style=\"font-size: 8pt; color: #999999;\"><em><strong>Prefeito, diretor financeira da prefeitura, coordenador e diretor administrativo da Santa Casa conferindo os dados lan\u00e7ados no sistema do Minist\u00e9rio da Sa\u00fade (AssCom\/Divulga\u00e7\u00e3o)<\/strong><\/em><\/span><\/figcaption><\/figure>\n<p>A Santa Casa de Miseric\u00f3rdia de Santa Rita do Passa Quatro ir\u00e1 passar por uma grande reforma e a primeira etapa do projeto teve um avan\u00e7o na \u00faltima semana. Um recurso totalizando R$ 550 mil, proveniente do Governo Federal, conquistados atrav\u00e9s do Deputado Federal Carlos Sampaio (PSDB).<\/p>\n<p>No \u00faltimo dia 13 de mar\u00e7o, sexta-feira, o prefeito Leandro Luciano dos Santos, acompanhado do diretor do diretor administrativo da entidade, Rafael Vinicius Romantini, do m\u00e9dico coordenador do Pronto Socorro Dr. Luiz Octavio Baldin, e o diretor do Departamento Financeiro da Prefeitura, Eduardo Gioielli Gracioso, acompanharam o lan\u00e7amento dos dados do projeto no sistema do Minist\u00e9rio da Sa\u00fade, pelo setor municipal de Conv\u00eanios.<\/p>\n<figure id=\"attachment_3605\" aria-describedby=\"caption-attachment-3605\" style=\"width: 300px\" class=\"wp-caption alignright\"><img decoding=\"async\" class=\"wp-image-3605 size-medium\" src=\"http:\/\/www.santaritadopassaquatro.sp.gov.br\/portal\/wp-content\/uploads\/2020\/03\/verba_santa_casa_deputado-300x215.jpeg\" alt=\"\" width=\"300\" height=\"215\" srcset=\"https:\/\/www.santaritadopassaquatro.sp.gov.br\/portal\/wp-content\/uploads\/2020\/03\/verba_santa_casa_deputado-300x215.jpeg 300w, https:\/\/www.santaritadopassaquatro.sp.gov.br\/portal\/wp-content\/uploads\/2020\/03\/verba_santa_casa_deputado-768x550.jpeg 768w, https:\/\/www.santaritadopassaquatro.sp.gov.br\/portal\/wp-content\/uploads\/2020\/03\/verba_santa_casa_deputado.jpeg 1024w\" sizes=\"(max-width: 300px) 100vw, 300px\" \/><figcaption id=\"caption-attachment-3605\" class=\"wp-caption-text\"><span style=\"font-size: 8pt; color: #999999;\"><em><strong>O prefeito com vereadores e o deputado respons\u00e1vel pela conquista do recurso para a reforma da Santa Casa, em Bras\u00edlia (Divulga\u00e7\u00e3o)<\/strong><\/em><\/span><\/figcaption><\/figure>\n<p>De acordo com o prefeito, este recurso ser\u00e1 utilizado especificamente na reforma do Pronto Socorro. Trata-se da primeira etapa de um projeto de cerca de R$ 1,5 milh\u00e3o, que dever\u00e1 ser executado em tr\u00eas etapas. \u201cTenho orgulho de quem trabalha sempre pela nossa Est\u00e2ncia, trazendo muitos recursos ao longo dos anos, como ve\u00edculos, verbas para obras de infraestrutura e muito mais\u201d, disse o prefeito, referindo ao deputado Carlos Sampaio, em agradecimento pelo recurso. \u201cAgora, com seu empenho, a Santa Casa ir\u00e1 receber uma obra muito desejada h\u00e1 anos, em um momento em que vem crescendo e melhorando cada vez mais seu atendimento e conquistando a credibilidade que merece\u201d, concluiu.<\/p>\n<p>O recurso foi solicitado ao deputado em um trabalho conjunto entre o prefeito e os vereadores Paulo Missiatto, Kleber Borotto, Lucas Comin, Paulo Linares, Juliana Garcia Lorencetti, Hermelinda Rani e Luiz C. Bariotto.<\/p>\n<p>A obra ainda n\u00e3o tem prazo para in\u00edcio, mas acredita-se que at\u00e9 junho, comecem os trabalhos. \u201cMesmo com toda a preocupa\u00e7\u00e3o diante da crise mundial com o coronav\u00edrus, continuamos trabalhando por melhorias para a sa\u00fade do munic\u00edpio\u201d, enfatizou o prefeito.<\/p>\n<p>&nbsp;<\/p>\n<p>&nbsp;<\/p>\n<p>&nbsp;<\/p>\n","protected":false},"excerpt":{"rendered":"<p>Verba do Governo Federal, solicitada em conjunto pelo prefeito e vereadores, foi confirmada e projeto foi lan\u00e7ado no sistema do<\/p>\n","protected":false},"author":1,"featured_media":3604,"comment_status":"closed","ping_status":"open","sticky":false,"template":"","format":"standard","meta":{"footnotes":""},"categories":[44,48,58],"tags":[],"class_list":["post-3602","post","type-post","status-publish","format-standard","has-post-thumbnail","hentry","category-cidades","category-featured","category-health"],"_links":{"self":[{"href":"https:\/\/www.santaritadopassaquatro.sp.gov.br\/portal\/wp-json\/wp\/v2\/posts\/3602","targetHints":{"allow":["GET"]}}],"collection":[{"href":"https:\/\/www.santaritadopassaquatro.sp.gov.br\/portal\/wp-json\/wp\/v2\/posts"}],"about":[{"href":"https:\/\/www.santaritadopassaquatro.sp.gov.br\/portal\/wp-json\/wp\/v2\/types\/post"}],"author":[{"embeddable":true,"href":"https:\/\/www.santaritadopassaquatro.sp.gov.br\/portal\/wp-json\/wp\/v2\/users\/1"}],"replies":[{"embeddable":true,"href":"https:\/\/www.santaritadopassaquatro.sp.gov.br\/portal\/wp-json\/wp\/v2\/comments?post=3602"}],"version-history":[{"count":0,"href":"https:\/\/www.santaritadopassaquatro.sp.gov.br\/portal\/wp-json\/wp\/v2\/posts\/3602\/revisions"}],"wp:featuredmedia":[{"embeddable":true,"href":"https:\/\/www.santaritadopassaquatro.sp.gov.br\/portal\/wp-json\/wp\/v2\/media\/3604"}],"wp:attachment":[{"href":"https:\/\/www.santaritadopassaquatro.sp.gov.br\/portal\/wp-json\/wp\/v2\/media?parent=3602"}],"wp:term":[{"taxonomy":"category","embeddable":true,"href":"https:\/\/www.santaritadopassaquatro.sp.gov.br\/portal\/wp-json\/wp\/v2\/categories?post=3602"},{"taxonomy":"post_tag","embeddable":true,"href":"https:\/\/www.santaritadopassaquatro.sp.gov.br\/portal\/wp-json\/wp\/v2\/tags?post=3602"}],"curies":[{"name":"wp","href":"https:\/\/api.w.org\/{rel}","templated":true}]}}