{"id":3607,"date":"2020-03-20T14:26:14","date_gmt":"2020-03-20T17:26:14","guid":{"rendered":"http:\/\/www.santaritadopassaquatro.sp.gov.br\/portal\/?p=3607"},"modified":"2020-03-20T14:26:14","modified_gmt":"2020-03-20T17:26:14","slug":"doacao-de-sangue-em-santa-rita-esta-mantida-com-protocolo-de-seguranca","status":"publish","type":"post","link":"https:\/\/www.santaritadopassaquatro.sp.gov.br\/portal\/doacao-de-sangue-em-santa-rita-esta-mantida-com-protocolo-de-seguranca\/","title":{"rendered":"Doa\u00e7\u00e3o de sangue em Santa Rita est\u00e1 mantida com protocolo de seguran\u00e7a"},"content":{"rendered":"<p><strong><em>A\u00e7\u00e3o ser\u00e1 realizada em parceria entre Hemocentro Ribeir\u00e3o Preto e Departamento Municipal de Sa\u00fade, neste s\u00e1bado, na EMEF Madre Carmelita <\/em><\/strong><\/p>\n<p><strong><em>\u00a0<\/em><\/strong><\/p>\n<p>Com as devidas precau\u00e7\u00f5es para que n\u00e3o haja aglomera\u00e7\u00e3o de pessoas, garantindo, assim a preven\u00e7\u00e3o da dissemina\u00e7\u00e3o do novo coronav\u00edrus, o Hemocentro Ribeir\u00e3o Preto mant\u00e9m para este s\u00e1bado (21\/3) a mais campanha de doa\u00e7\u00e3o de sangue e cadastro de medula \u00f3ssea, em Santa Rita do Passa Quatro. Em parceria com Prefeitura Municipal, atrav\u00e9s do Departamento de Sa\u00fade, a campanha acontece \u00e0 partir das 7 horas, na EMEF Madre Carmelita.<\/p>\n<p>Como medidas seguran\u00e7a adotadas, os doadores ser\u00e3o mantidos na parte externa da escola (p\u00e1tio ou quadra coberta) e a solicita\u00e7\u00e3o que \u00e9 fiquem espalhados em dist\u00e2ncia segura um do outro de pelo menos um metro. As instru\u00e7\u00f5es ou restri\u00e7\u00f5es para doa\u00e7\u00e3o ser\u00e3o informados por meio de cartazes, para que o candidato \u00e0 doa\u00e7\u00e3o, caso n\u00e3o se encaixa nas normas ou requisitos, possa desistir ou permanecer para dar continuidade ao fluxo.<\/p>\n<p>A entrada ser\u00e1 limitada em 15 doadores por vez, para passarem pela recep\u00e7\u00e3o (cadastro), em seguida, individualmente, os volunt\u00e1rios ir\u00e3o passar pelo captador para cadastro e orienta\u00e7\u00f5es. Assim que os doadores passarem pela pr\u00e9-triagem e estiverem seguindo para a entrevista, ser\u00e1 chamado outro grupo de 15 doadores para o mesmo processo.<\/p>\n<p>No corredor principal que dar\u00e1 acesso \u00e0s salas de pr\u00e9-triagem, entrevista e salas de coleta ser\u00e3o mantidas 30 cadeiras, espa\u00e7adas umas das outras, no limite de seguran\u00e7a. Tamb\u00e9m ser\u00e1 destinada mais uma sala desocupada para a coleta do sangue.<\/p>\n<p>&nbsp;<\/p>\n<p><strong>QUEM PODE DOAR<\/strong><\/p>\n<p>Para ser doador \u00e9 preciso ter idade entre 18 e 67 anos, estar com boa sa\u00fade, pesar no m\u00ednimo 50kg (homens) ou 51kg (mulheres). Volunt\u00e1rios com idade entre 16 e 18 anos tamb\u00e9m podem doar, desde que autorizados pelos pais ou respons\u00e1veis. \u00c9 obrigat\u00f3rio apresentar documento oficial com foto.<\/p>\n<p>Santa Rita est\u00e1 entre os 210 munic\u00edpios atendidos pelo Hemocentro Ribeir\u00e3o Preto. Ao todo s\u00e3o 33% do Estado de S\u00e3o Paulo. Para suprir esta demanda, s\u00e3o realizadas campanhas em tr\u00eas finais de semana por m\u00eas, nas v\u00e1rias cidades da regi\u00e3o de abrang\u00eancia.<\/p>\n<p>Promovida pelos menos duas vezes ao ano na cidade, todas com presen\u00e7a expressiva da popula\u00e7\u00e3o local.\u00a0 A \u00faltima campanha em Santa Rita aconteceu no \u00faltimo m\u00eas de setembro de 2019.<\/p>\n<p><strong>\u00a0<\/strong><\/p>\n<p>&nbsp;<\/p>\n<p>&nbsp;<\/p>\n<p>&nbsp;<\/p>\n","protected":false},"excerpt":{"rendered":"<p>A\u00e7\u00e3o ser\u00e1 realizada em parceria entre Hemocentro Ribeir\u00e3o Preto e Departamento Municipal de Sa\u00fade, neste s\u00e1bado, na EMEF Madre Carmelita<\/p>\n","protected":false},"author":1,"featured_media":3563,"comment_status":"closed","ping_status":"open","sticky":false,"template":"","format":"standard","meta":{"footnotes":""},"categories":[48,52,58],"tags":[],"class_list":["post-3607","post","type-post","status-publish","format-standard","has-post-thumbnail","hentry","category-featured","category-latest","category-health"],"_links":{"self":[{"href":"https:\/\/www.santaritadopassaquatro.sp.gov.br\/portal\/wp-json\/wp\/v2\/posts\/3607","targetHints":{"allow":["GET"]}}],"collection":[{"href":"https:\/\/www.santaritadopassaquatro.sp.gov.br\/portal\/wp-json\/wp\/v2\/posts"}],"about":[{"href":"https:\/\/www.santaritadopassaquatro.sp.gov.br\/portal\/wp-json\/wp\/v2\/types\/post"}],"author":[{"embeddable":true,"href":"https:\/\/www.santaritadopassaquatro.sp.gov.br\/portal\/wp-json\/wp\/v2\/users\/1"}],"replies":[{"embeddable":true,"href":"https:\/\/www.santaritadopassaquatro.sp.gov.br\/portal\/wp-json\/wp\/v2\/comments?post=3607"}],"version-history":[{"count":0,"href":"https:\/\/www.santaritadopassaquatro.sp.gov.br\/portal\/wp-json\/wp\/v2\/posts\/3607\/revisions"}],"wp:featuredmedia":[{"embeddable":true,"href":"https:\/\/www.santaritadopassaquatro.sp.gov.br\/portal\/wp-json\/wp\/v2\/media\/3563"}],"wp:attachment":[{"href":"https:\/\/www.santaritadopassaquatro.sp.gov.br\/portal\/wp-json\/wp\/v2\/media?parent=3607"}],"wp:term":[{"taxonomy":"category","embeddable":true,"href":"https:\/\/www.santaritadopassaquatro.sp.gov.br\/portal\/wp-json\/wp\/v2\/categories?post=3607"},{"taxonomy":"post_tag","embeddable":true,"href":"https:\/\/www.santaritadopassaquatro.sp.gov.br\/portal\/wp-json\/wp\/v2\/tags?post=3607"}],"curies":[{"name":"wp","href":"https:\/\/api.w.org\/{rel}","templated":true}]}}