{"id":3610,"date":"2020-03-20T14:30:53","date_gmt":"2020-03-20T17:30:53","guid":{"rendered":"http:\/\/www.santaritadopassaquatro.sp.gov.br\/portal\/?p=3610"},"modified":"2020-03-20T14:30:53","modified_gmt":"2020-03-20T17:30:53","slug":"prefeitura-municipal-toma-medidas-para-enfrentamento-do-coronavirus","status":"publish","type":"post","link":"https:\/\/www.santaritadopassaquatro.sp.gov.br\/portal\/prefeitura-municipal-toma-medidas-para-enfrentamento-do-coronavirus\/","title":{"rendered":"Prefeitura Municipal toma medidas para enfrentamento do coronav\u00edrus"},"content":{"rendered":"<p><strong><em>Suspens\u00e3o de aulas, cancelamento de eventos e atendimento preferencial por telefone ou internet s\u00e3o as principais a\u00e7\u00f5es<\/em><\/strong><\/p>\n<p>&nbsp;<\/p>\n<p>A Prefeitura Municipal de Santa Rita do Passa Quatro est\u00e1 tomando medidas necess\u00e1rias para enfrentar a pandemia da covid-19 (coronav\u00edrus) em todo os seus departamentos e setores. As medidas seguem orienta\u00e7\u00f5es do Minist\u00e9rio da Sa\u00fade e o principal objetivo \u00e9 evitar aglomera\u00e7\u00f5es e a circula\u00e7\u00e3o de pessoas neste per\u00edodo.<\/p>\n<p>Muitas medidas est\u00e3o previstas no Decreto n\u00ba 2.908, publicado no Di\u00e1rio Oficial Eletr\u00f4nico do Munic\u00edpio, na manh\u00e3 desta quinta-feira (19\/3), que disp\u00f5e sobre a ado\u00e7\u00e3o, no \u00e2mbito da Administra\u00e7\u00e3o P\u00fablica Municipal, de medidas tempor\u00e1rias e emergenciais de preven\u00e7\u00e3o de cont\u00e1gio pelo covid-19 (Novo Coronavirus), bem como sobre recomenda\u00e7\u00f5es ao setor privado.<\/p>\n<p>At\u00e9 esta quinta-feira (19\/3), Santa Rita registrou dois suspeitos, mas nenhuma confirma\u00e7\u00e3o da doen\u00e7a. Todos aguardando resultado em isolamento nas pr\u00f3prias casas.<\/p>\n<p><strong>\u00a0<\/strong><\/p>\n<p><strong>SA\u00daDE<\/strong><\/p>\n<p>O Departamento Municipal de Sa\u00fade orienta os pacientes da rede para que adiem consultas ou exames de rotina e procurem a Santa Casa ou as Unidades de Sa\u00fade (Postos) apenas em casos de urg\u00eancia e emerg\u00eancia. \u00c9 fundamental que as pessoas evitem o m\u00e1ximo poss\u00edvel as aglomera\u00e7\u00f5es, em qualquer circunst\u00e2ncia.<\/p>\n<p>Quem est\u00e1 em atendimento ambulatorial, o retorno agendado dever\u00e1 ser adiado sem risco para o seu tratamento. Caso o seu retorno n\u00e3o possa ser desmarcado, ele ser\u00e1 mantido sem preju\u00edzo, mas com seguran\u00e7a. Para remarcar o retorno, o paciente deve entrar em contato com a unidade de sa\u00fade em que est\u00e1 sendo atendido.<\/p>\n<p>Em caso de sintomas sugestivos de coronav\u00edrus (febre, gripe forte e ter entrado em contato com pessoa com suspeita da doen\u00e7a), procure imediatamente o Pronto Atendimento da Santa Casa. Mas aten\u00e7\u00e3o, apenas procure o Pronto Socorro em casos de urg\u00eancia e emerg\u00eancia.<\/p>\n<p>Todo procedimento eletivo (sem urg\u00eancia), quando n\u00e3o houver preju\u00edzo ao paciente, como algumas cirurgias, tamb\u00e9m ser\u00e3o adiados.<\/p>\n<p>Todo agendamento de transporte para outras cidades poder\u00e1 ser realizado atrav\u00e9s do telefone 3584-8247, n\u00e3o sendo mais obrigat\u00f3rio o comparecimento ao Departamento de Sa\u00fade.<\/p>\n<p><strong>\u00a0<\/strong><\/p>\n<p><strong>EDUCA\u00c7\u00c3O<\/strong><\/p>\n<p>O Departamento de Educa\u00e7\u00e3o suspendeu as aulas nas EMEIs, EMEFs e atividades nas creches. A a\u00e7\u00e3o foi gradual durante esta semana e ser\u00e1 total a partir de segunda-feira (23\/3). A decis\u00e3o segue orienta\u00e7\u00e3o da Secretaria de Estado da Educa\u00e7\u00e3o. Nesta semana as escolas municipais promoveram atividades de orienta\u00e7\u00f5es conscientiza\u00e7\u00e3o, e n\u00e3o foram registradas faltas para os alunos que n\u00e3o foram a escola, por decis\u00e3o da fam\u00edlia.<\/p>\n<p><strong>\u00a0<\/strong><\/p>\n<p><strong>TRANSPORTE P\u00daBLICO, CEMIT\u00c9RIO E BANHEIROS P\u00daBLICOS<\/strong><\/p>\n<p>A Prefeitura Municipal determinou a interrup\u00e7\u00e3o da circula\u00e7\u00e3o do \u00f4nibus coletivo a partir desta sexta-feira (20\/03) por tempo indeterminado. \u00a0Tamb\u00e9m ser\u00e3o fechados os todos os banheiros p\u00fablicos, at\u00e9 que a situa\u00e7\u00e3o normalize.<\/p>\n<p>Cemit\u00e9rio e Vel\u00f3rio Municipal tamb\u00e9m permanecer\u00e3o fechados e os sepultamentos dever\u00e3o acontecer sem vel\u00f3rio prolongado.<\/p>\n<p><strong>\u00a0<\/strong><\/p>\n<p><strong>PROMO\u00c7\u00c3O SOCIAL<\/strong><\/p>\n<p>O Departamento Municipal de Promo\u00e7\u00e3o Social suspendeu eventos e atividades com a Melhor Idade, nos CCIs (Centro de Conviv\u00eancia do Idoso), CRAS e CREAS. Os cursos de capacita\u00e7\u00e3o do Fundo Social de Solidariedade, no Centro Profissionalizante (antigo Sesi), tamb\u00e9m est\u00e3o suspensos, acompanhando o calend\u00e1rio da Rede Municipal de Educa\u00e7\u00e3o.<\/p>\n<p><strong>\u00a0<\/strong><\/p>\n<p><strong>ESPORTES, CULTURA E TURISMO<\/strong><\/p>\n<p>O Departamento Municipal de Esportes, Lazer, Cultura e Turismo suspendeu todos os eventos culturais e esportivos programados para o m\u00eas de mar\u00e7o. Est\u00e3o suspensos o espet\u00e1culo teatral \u201cCaravela da Ilus\u00e3o\u201d, que aconteceria neste s\u00e1bado (21\/3), o Programa Est\u00e2ncia Sertaneja, programado para o pr\u00f3ximo s\u00e1bado (28\/3) e os jogos do Campeonato Municipal de Futsal \u201cAt\u00edlio Aparecido Juliati\u201d, na Quadra Municipal Professor Oscar de Oliveira Alves.<\/p>\n<p><strong>\u00a0<\/strong><\/p>\n<p><strong>AGRICULTURA E MEIO AMBIENTE<\/strong><\/p>\n<p>O Departamento Municipal de Agricultura e Meio Ambiente, est\u00e1 suspendendo \u00e0s atividades da Feira do Produtor na Pra\u00e7a do Ros\u00e1rio, aos s\u00e1bados, e Pra\u00e7a Poeta Mario Mattoso (Esta\u00e7\u00e3o) \u00e0s quintas-feiras, \u00e0 partir desse s\u00e1bado (21\/03).<\/p>\n<p>&nbsp;<\/p>\n<p><strong>OUTROS MEDIDAS<\/strong><\/p>\n<p>O Decreto tamb\u00e9m veda a expedi\u00e7\u00e3o de novos alvar\u00e1s de autoriza\u00e7\u00e3o para eventos p\u00fablicos e tempor\u00e1rios, bem como \u00e9 determinada a revoga\u00e7\u00e3o daqueles j\u00e1 expedidos.<\/p>\n<p>Poder\u00e3o ser adotadas novas medidas mais restritivas, conforme a evolu\u00e7\u00e3o da contamina\u00e7\u00e3o pelo coronav\u00edrus, e n\u00e3o est\u00e1 descartada a declara\u00e7\u00e3o de estado de emerg\u00eancia no munic\u00edpio, caso necess\u00e1rio.<\/p>\n<p>O governo municipal, por meio de seus \u00f3rg\u00e3os competentes, manter\u00e1 contato com os empres\u00e1rios e comerciantes do munic\u00edpio, a fim de que sejam debatidas medidas restritivas visando \u00e0 redu\u00e7\u00e3o da aglomera\u00e7\u00e3o de pessoas nos respectivos estabelecimentos.<\/p>\n","protected":false},"excerpt":{"rendered":"<p>Suspens\u00e3o de aulas, cancelamento de eventos e atendimento preferencial por telefone ou internet s\u00e3o as principais a\u00e7\u00f5es &nbsp; A Prefeitura<\/p>\n","protected":false},"author":1,"featured_media":3611,"comment_status":"closed","ping_status":"open","sticky":false,"template":"","format":"standard","meta":{"footnotes":""},"categories":[40,52,58],"tags":[],"class_list":["post-3610","post","type-post","status-publish","format-standard","has-post-thumbnail","hentry","category-covid-19","category-latest","category-health"],"_links":{"self":[{"href":"https:\/\/www.santaritadopassaquatro.sp.gov.br\/portal\/wp-json\/wp\/v2\/posts\/3610","targetHints":{"allow":["GET"]}}],"collection":[{"href":"https:\/\/www.santaritadopassaquatro.sp.gov.br\/portal\/wp-json\/wp\/v2\/posts"}],"about":[{"href":"https:\/\/www.santaritadopassaquatro.sp.gov.br\/portal\/wp-json\/wp\/v2\/types\/post"}],"author":[{"embeddable":true,"href":"https:\/\/www.santaritadopassaquatro.sp.gov.br\/portal\/wp-json\/wp\/v2\/users\/1"}],"replies":[{"embeddable":true,"href":"https:\/\/www.santaritadopassaquatro.sp.gov.br\/portal\/wp-json\/wp\/v2\/comments?post=3610"}],"version-history":[{"count":1,"href":"https:\/\/www.santaritadopassaquatro.sp.gov.br\/portal\/wp-json\/wp\/v2\/posts\/3610\/revisions"}],"predecessor-version":[{"id":3612,"href":"https:\/\/www.santaritadopassaquatro.sp.gov.br\/portal\/wp-json\/wp\/v2\/posts\/3610\/revisions\/3612"}],"wp:featuredmedia":[{"embeddable":true,"href":"https:\/\/www.santaritadopassaquatro.sp.gov.br\/portal\/wp-json\/wp\/v2\/media\/3611"}],"wp:attachment":[{"href":"https:\/\/www.santaritadopassaquatro.sp.gov.br\/portal\/wp-json\/wp\/v2\/media?parent=3610"}],"wp:term":[{"taxonomy":"category","embeddable":true,"href":"https:\/\/www.santaritadopassaquatro.sp.gov.br\/portal\/wp-json\/wp\/v2\/categories?post=3610"},{"taxonomy":"post_tag","embeddable":true,"href":"https:\/\/www.santaritadopassaquatro.sp.gov.br\/portal\/wp-json\/wp\/v2\/tags?post=3610"}],"curies":[{"name":"wp","href":"https:\/\/api.w.org\/{rel}","templated":true}]}}