{"id":3613,"date":"2020-03-20T14:36:34","date_gmt":"2020-03-20T17:36:34","guid":{"rendered":"http:\/\/www.santaritadopassaquatro.sp.gov.br\/portal\/?p=3613"},"modified":"2020-03-20T14:36:34","modified_gmt":"2020-03-20T17:36:34","slug":"vacinacao-contra-a-gripe-comeca-nesta-segunda-feira-veja-como-vai-ser","status":"publish","type":"post","link":"https:\/\/www.santaritadopassaquatro.sp.gov.br\/portal\/vacinacao-contra-a-gripe-comeca-nesta-segunda-feira-veja-como-vai-ser\/","title":{"rendered":"Vacina\u00e7\u00e3o contra a gripe come\u00e7a nesta segunda-feira, veja como vai ser"},"content":{"rendered":"<p><strong><em>Em Santa Rita, idosos e profissionais de sa\u00fade ser\u00e3o vacinados na EMEI Galdina Lima Segatto <\/em><\/strong><\/p>\n<p>&nbsp;<\/p>\n<p><img decoding=\"async\" class=\"alignnone size-medium wp-image-3571 alignleft\" src=\"http:\/\/www.santaritadopassaquatro.sp.gov.br\/portal\/wp-content\/uploads\/2020\/03\/vacina_gripe-300x178.jpg\" alt=\"\" width=\"300\" height=\"178\" srcset=\"https:\/\/www.santaritadopassaquatro.sp.gov.br\/portal\/wp-content\/uploads\/2020\/03\/vacina_gripe-300x178.jpg 300w, https:\/\/www.santaritadopassaquatro.sp.gov.br\/portal\/wp-content\/uploads\/2020\/03\/vacina_gripe.jpg 760w\" sizes=\"(max-width: 300px) 100vw, 300px\" \/>Campanha Nacional de Vacina\u00e7\u00e3o Contra a Gripe tem in\u00edcio na pr\u00f3xima segunda-feira (23\/3). Idosos (acima de 60 anos) e os profissionais de sa\u00fade ser\u00e3o os grupos a serem vacinados. Em Santa Rita do Passa Quatro a vacina\u00e7\u00e3o para idosos ir\u00e1 acontecer na EMEI Profa. Galdina Lima Segatto (ao lado da EMEF Madre Carmelita), no distrito de Santa Cruz da Estrela, e nas resid\u00eancias dos bairros de abrang\u00eancia do PSF Miguel Bello, no Jardim S\u00e3o Luiz. Para os profissionais de sa\u00fade, a campanha ser\u00e1 mantida no Centro de Sa\u00fade II.<\/p>\n<p>Idosos residentes na \u00e1rea de cobertura do PSF Miguel Bello, Jd. S\u00e3o Luiz, Jd. Boa Vista I, II e III e Jd. Santa Maria, ser\u00e3o vacinados em suas pr\u00f3prias resid\u00eancias pelos agentes de sa\u00fade, do Programa Sa\u00fade da Fam\u00edlia. Os moradores dos outros bairros, ser\u00e3o vacinados na EMEF Profa. Galdina Lima Segatto e no PSF Dulce Rodrigues de Campos (Estrela), no hor\u00e1rio das 7h \u00e0s 13h30.<\/p>\n<p>A mudan\u00e7a segue os protocolos de seguran\u00e7a contra o covid-10 (novo coronav\u00edrus), e o local diferenciado visa evitar a aglomera\u00e7\u00e3o de pessoas no Centro de Sa\u00fade ou PAS CAIC, locais onde deveriam ser realizados a campanha.<\/p>\n<p>&nbsp;<\/p>\n<p><strong>ATENCIAP\u00c7\u00c3O<\/strong><\/p>\n<p>Prevista para iniciar na segunda quinzena de abril, campanha foi antecipada pelo Minist\u00e9rio da Sa\u00fade, em fun\u00e7\u00e3o do coronav\u00edrus. De acordo com o governo federal, a antecipa\u00e7\u00e3o tem dois principais motivos: facilitar e acelerar o diagn\u00f3stico da s\u00edndrome respirat\u00f3ria covid-19, causada pelo novo coronav\u00edrus, e evitar que o sistema de sa\u00fade fique sobrecarregado.<\/p>\n<p>A vacina contra a gripe n\u00e3o protege contra o novo coronav\u00edrus, mas, sim, contra tipos de influenza (fam\u00edlia \u00e0 qual pertence o H1N1). E justamente por isso pode ajudar no diagn\u00f3stico por elimina\u00e7\u00e3o dos profissionais de sa\u00fade com suspeita de covid-19.<\/p>\n<p>Isso porque essas doen\u00e7as contempladas pela vacina ser\u00e3o descartadas na triagem de pacientes que chegarem \u00e0s unidades de sa\u00fade com sintomas gripais e informarem j\u00e1 ter sido imunizados.<\/p>\n<p>O segundo aspecto diz respeito ao fato de que o n\u00famero de pessoas com s\u00edndromes gripais seria muito maior se n\u00e3o fosse promovida a campanha de vacina\u00e7\u00e3o. Haveria, portanto, muito mais gente ocupando o sistema de sa\u00fade.<\/p>\n<p>Antes, a campanha previa primeiro imunizar as gestantes, crian\u00e7as com at\u00e9 seis anos, mulheres at\u00e9 45 dias ap\u00f3s o parto e idosos. A mudan\u00e7a ocorreu para refor\u00e7ar a preven\u00e7\u00e3o de doen\u00e7as respirat\u00f3rias no p\u00fablico que mais tem sido afetado pelo novo coronav\u00edrus, que \u00e9 formado pelos idosos.<\/p>\n<p>&nbsp;<\/p>\n<p><strong>CALEND\u00c1RIO DA CAMPANHA<\/strong><\/p>\n<p>A partir de 23 de mar\u00e7o: Idosos com mais de 60 anos ou trabalhadores de sa\u00fade podem tomar a vacina. No dia 16 de abril a campanha come\u00e7a a atender professores e profissionais de seguran\u00e7a e salvamento. De 9 de maio em diante ser\u00e1 a vez das crian\u00e7as de 6 meses a menores de 6 anos, doentes cr\u00f4nicos, pessoas com 55 anos ou mais, gr\u00e1vidas, m\u00e3es no p\u00f3s parto, popula\u00e7\u00e3o ind\u00edgena e portadores de condi\u00e7\u00f5es especiais.<\/p>\n<p>&nbsp;<\/p>\n","protected":false},"excerpt":{"rendered":"<p>Em Santa Rita, idosos e profissionais de sa\u00fade ser\u00e3o vacinados na EMEI Galdina Lima Segatto &nbsp; Campanha Nacional de Vacina\u00e7\u00e3o<\/p>\n","protected":false},"author":1,"featured_media":3614,"comment_status":"closed","ping_status":"open","sticky":false,"template":"","format":"standard","meta":{"footnotes":""},"categories":[40,52,58],"tags":[],"class_list":["post-3613","post","type-post","status-publish","format-standard","has-post-thumbnail","hentry","category-covid-19","category-latest","category-health"],"_links":{"self":[{"href":"https:\/\/www.santaritadopassaquatro.sp.gov.br\/portal\/wp-json\/wp\/v2\/posts\/3613","targetHints":{"allow":["GET"]}}],"collection":[{"href":"https:\/\/www.santaritadopassaquatro.sp.gov.br\/portal\/wp-json\/wp\/v2\/posts"}],"about":[{"href":"https:\/\/www.santaritadopassaquatro.sp.gov.br\/portal\/wp-json\/wp\/v2\/types\/post"}],"author":[{"embeddable":true,"href":"https:\/\/www.santaritadopassaquatro.sp.gov.br\/portal\/wp-json\/wp\/v2\/users\/1"}],"replies":[{"embeddable":true,"href":"https:\/\/www.santaritadopassaquatro.sp.gov.br\/portal\/wp-json\/wp\/v2\/comments?post=3613"}],"version-history":[{"count":1,"href":"https:\/\/www.santaritadopassaquatro.sp.gov.br\/portal\/wp-json\/wp\/v2\/posts\/3613\/revisions"}],"predecessor-version":[{"id":3615,"href":"https:\/\/www.santaritadopassaquatro.sp.gov.br\/portal\/wp-json\/wp\/v2\/posts\/3613\/revisions\/3615"}],"wp:featuredmedia":[{"embeddable":true,"href":"https:\/\/www.santaritadopassaquatro.sp.gov.br\/portal\/wp-json\/wp\/v2\/media\/3614"}],"wp:attachment":[{"href":"https:\/\/www.santaritadopassaquatro.sp.gov.br\/portal\/wp-json\/wp\/v2\/media?parent=3613"}],"wp:term":[{"taxonomy":"category","embeddable":true,"href":"https:\/\/www.santaritadopassaquatro.sp.gov.br\/portal\/wp-json\/wp\/v2\/categories?post=3613"},{"taxonomy":"post_tag","embeddable":true,"href":"https:\/\/www.santaritadopassaquatro.sp.gov.br\/portal\/wp-json\/wp\/v2\/tags?post=3613"}],"curies":[{"name":"wp","href":"https:\/\/api.w.org\/{rel}","templated":true}]}}