{"id":3620,"date":"2020-03-23T10:00:34","date_gmt":"2020-03-23T13:00:34","guid":{"rendered":"http:\/\/www.santaritadopassaquatro.sp.gov.br\/portal\/?p=3620"},"modified":"2020-03-23T13:18:09","modified_gmt":"2020-03-23T16:18:09","slug":"3620-2","status":"publish","type":"post","link":"https:\/\/www.santaritadopassaquatro.sp.gov.br\/portal\/3620-2\/","title":{"rendered":"COVID-19:\u00a0Decreto declara estado de calamidade p\u00fablica em Santa Rita  \u00a0"},"content":{"rendered":"<p>&nbsp;<\/p>\n<p><strong><em>Publicado neste s\u00e1bado (21\/3) no Di\u00e1rio Oficial Eletr\u00f4nico do Munic\u00edpio estabelece medidas restritivas de funcionamento de estabelecimentos comerciais <\/em><\/strong><\/p>\n<p><strong><em>\u00a0<\/em><\/strong><\/p>\n<figure id=\"attachment_3622\" aria-describedby=\"caption-attachment-3622\" style=\"width: 300px\" class=\"wp-caption alignleft\"><img decoding=\"async\" class=\"wp-image-3622 size-medium\" src=\"http:\/\/www.santaritadopassaquatro.sp.gov.br\/portal\/wp-content\/uploads\/2020\/03\/IMG_6325-300x200.jpg\" alt=\"\" width=\"300\" height=\"200\" srcset=\"https:\/\/www.santaritadopassaquatro.sp.gov.br\/portal\/wp-content\/uploads\/2020\/03\/IMG_6325-300x200.jpg 300w, https:\/\/www.santaritadopassaquatro.sp.gov.br\/portal\/wp-content\/uploads\/2020\/03\/IMG_6325-768x512.jpg 768w, https:\/\/www.santaritadopassaquatro.sp.gov.br\/portal\/wp-content\/uploads\/2020\/03\/IMG_6325-1024x683.jpg 1024w\" sizes=\"(max-width: 300px) 100vw, 300px\" \/><figcaption id=\"caption-attachment-3622\" class=\"wp-caption-text\"><span style=\"font-size: 8pt; color: #999999;\"><em><strong>Prefeito e representantes da ACE, comerciantes, Santa Casa e PM realizada no \u00faltimo s\u00e1bado (AssCom\/Divulga\u00e7\u00e3o)<\/strong><\/em><\/span><\/figcaption><\/figure>\n<p>O prefeito de Santa Rita do Passa Quatro Leandro Luciano dos Santos decretou \u201cestado de calamidade p\u00fablica no munic\u00edpio determinando medidas restritivas de funcionamento de estabelecimentos comerciais no munic\u00edpio. As medidas visam conter o avan\u00e7o do novo coronav\u00edrus, causador da doen\u00e7a Covid-19. O munic\u00edpio n\u00e3o tem casos confirmados da doen\u00e7a, de acordo com a Vigil\u00e2ncia Epidemiol\u00f3gica Estadual, at\u00e9 o final deste domingo (22\/3).<\/p>\n<p>As medidas foram definidas em reuni\u00e3o realizada &#8212; em \u00e1rea aberta \u2013 na tarde do \u00faltimo s\u00e1bado (21\/3), com a Associa\u00e7\u00e3o Comercial de Empresarial (ACE), comerciantes de diversos setores, m\u00e9dicos, Santa Casa e Pol\u00edcia Militar.<\/p>\n<p><img decoding=\"async\" class=\"alignnone size-medium wp-image-3621 alignright\" src=\"http:\/\/www.santaritadopassaquatro.sp.gov.br\/portal\/wp-content\/uploads\/2020\/03\/IMG_6322-300x200.jpg\" alt=\"\" width=\"300\" height=\"200\" srcset=\"https:\/\/www.santaritadopassaquatro.sp.gov.br\/portal\/wp-content\/uploads\/2020\/03\/IMG_6322-300x200.jpg 300w, https:\/\/www.santaritadopassaquatro.sp.gov.br\/portal\/wp-content\/uploads\/2020\/03\/IMG_6322-768x512.jpg 768w, https:\/\/www.santaritadopassaquatro.sp.gov.br\/portal\/wp-content\/uploads\/2020\/03\/IMG_6322-1024x683.jpg 1024w\" sizes=\"(max-width: 300px) 100vw, 300px\" \/>Entre as medidas previstas suspens\u00e3o de todos os eventos p\u00fablicos e privados; visita\u00e7\u00e3o em hospitais a pacientes internados e presen\u00e7a de acompanhantes nos pronto atendimentos, exceto em emerg\u00eancias; todas as atividades em feiras; todas as atividades em clubes, academias, cl\u00ednicas e centros de est\u00e9tica, instituto de beleza, casas e bares noturno, museus, centros culturais, bibliotecas e lojas; atividades de sa\u00fade bucal odontol\u00f3gica p\u00fablica ou privada, exceto aquelas relacionadas ao atendimento de urg\u00eancias e emerg\u00eancias.<\/p>\n<p>A suspens\u00e3o excetua estabelecimentos m\u00e9dicos, farmac\u00eauticos, psicol\u00f3gicos, laborat\u00f3rios de an\u00e1lises cl\u00ednicas, cl\u00ednicas de fisioterapias, cl\u00ednicas de vacina\u00e7\u00e3o, estabelecimentos que n\u00e3o tenham atendimento ao p\u00fablico, postos de combust\u00edveis, servi\u00e7o de entrega em domic\u00edlio, supermercados, padarias, a\u00e7ougues e lojas de conveni\u00eancia (condicionado que fique proibido o consumo no local).<\/p>\n<p>&nbsp;<\/p>\n<p>Para evitar aglomera\u00e7\u00e3o, somente poder\u00e3o ingressar no estabelecimento clientes em n\u00famero inferior a 50% do limite m\u00e1ximo de pessoas previsto no alvar\u00e1 de funcionamento, se houver, devendo os demais clientes aguardarem do lado de fora em fila que respeite dist\u00e2ncia m\u00ednima de um metro entre os consumidores.<\/p>\n<p>Aos restaurantes, bares, lanchonetes e estabelecimentos cong\u00eaneres fica recomendado o seu fechamento.<\/p>\n<p>Tamb\u00e9m est\u00e1 vedado o funcionamento de brinquedotecas, espa\u00e7os <em>kids<\/em>, playgrounds e \u00e1rea de jogos. Tamb\u00e9m est\u00e3o proibidos a realiza\u00e7\u00e3o de vel\u00f3rios, ficando fechado ao p\u00fablico o cemit\u00e9rio municipal.<\/p>\n<p>Os locais p\u00fablicos ou privados de atendimento ao p\u00fablico dever\u00e3o fazer a utiliza\u00e7\u00e3o, se necess\u00e1rio, do uso de senhas ou outro sistema eficaz, a fim de evitar a aglomera\u00e7\u00e3o.<\/p>\n<p><strong>\u00a0<\/strong><\/p>\n<p><strong>CONFIRA O DECRETO NA \u00cdNTEGRA<\/strong><\/p>\n<h4>DECRETO N\u00ba 2.909, DE 21 DE MAR\u00c7O DE 2020.<\/h4>\n<p style=\"text-align: right;\"><span style=\"font-size: 12pt;\"><em>Declara estado de calamidade p\u00fablica no Munic\u00edpio de Santa Rita do Passa Quatro, estabelece medidas restritivas de funcionamento de estabelecimentos comerciais e d\u00e1 outras provid\u00eancias.<\/em><\/span><\/p>\n<p>LEANDRO LUCIANO DOS SANTOS, Prefeito Municipal de Santa Rita do Passa Quatro, Estado de S\u00e3o Paulo, no uso das atribui\u00e7\u00f5es que lhe s\u00e3o conferidas pela <a href=\"http:\/\/www.santaritadopassaquatro.sp.gov.br\/portal\/wp-content\/uploads\/2019\/01\/lei-organica.pdf\">Lei Org\u00e2nica<\/a> do Munic\u00edpio,<\/p>\n<p>CONSIDERANDO o disposto na Lei Federal n\u00ba 13.079, de 06 de fevereiro de 2020, que disp\u00f5e sobre as medidas para enfrentamento da emerg\u00eancia de sa\u00fade p\u00fablica de import\u00e2ncia internacional decorrente do coronav\u00edrus respons\u00e1vel pelo surto de 2019;<\/p>\n<p>CONSIDERANDO o disposto no Decreto Estadual n\u00ba 64.879, de 20 de mar\u00e7o de 2020,<\/p>\n<p>&nbsp;<\/p>\n<p>DECRETA:<\/p>\n<p>Art. 1\u00ba. Fica declarado estado de calamidade p\u00fablica no Munic\u00edpio de Santa Rita do Passa Quatro, pelo prazo de 120 (cento e vinte) dias, tendo em vista a declara\u00e7\u00e3o de Emerg\u00eancia em Sa\u00fade P\u00fablica de Import\u00e2ncia Nacional (ESPIN), decorrente da Infec\u00e7\u00e3o Humana pelo Novo Coronav\u00edrus (2019-nCoV), nos termos da Lei n\u00ba 13.979, de 6 de fevereiro de 2020.<\/p>\n<p>Art. 2\u00ba. Para o enfrentamento da situa\u00e7\u00e3o de calamidade, ora declarada, ficam estabelecidas as seguintes medidas:<\/p>\n<p>I &#8211; poder\u00e3o ser requisitados bens e servi\u00e7os de pessoas naturais e jur\u00eddicas, hip\u00f3tese em que ser\u00e1 garantido o pagamento posterior de indeniza\u00e7\u00e3o justa;<\/p>\n<p>II &#8211; nos termos do art. 24, IV, da Lei n\u00ba 8.666, de 21 de junho de 1993, fica autorizada a dispensa de licita\u00e7\u00e3o para aquisi\u00e7\u00e3o de bens e servi\u00e7os destinados ao enfrentamento da emerg\u00eancia;<\/p>\n<p>III &#8211; determina\u00e7\u00e3o, nos termos do art. 3\u00ba, inciso III e \u00a7 7\u00ba, III da Lei n\u00ba 13.979, de 6 de fevereiro de 2020, da realiza\u00e7\u00e3o compuls\u00f3ria de:<\/p>\n<p>a)\u00a0exames m\u00e9dicos;<br \/>\nb)\u00a0testes laboratoriais;<br \/>\nc)\u00a0coleta de amostras cl\u00ednicas;<br \/>\nd)\u00a0vacina\u00e7\u00e3o e outras medidas profil\u00e1ticas; ou<br \/>\ne)\u00a0tratamentos m\u00e9dicos espec\u00edficos;<\/p>\n<p>IV &#8211; contrata\u00e7\u00e3o por prazo determinado de pessoal para atendimento de necessidade tempor\u00e1ria de excepcional interesse p\u00fablico conforme legisla\u00e7\u00e3o em vigor.<\/p>\n<p>Art. 3\u00ba Para o enfrentamento inicial da calamidade p\u00fablica decorrente do Coronav\u00edrus, ficam suspensos, independentemente da aglomera\u00e7\u00e3o de pessoas, pelo per\u00edodo de 21 de mar\u00e7o de 2020 a 22 de abril de 2020, a saber:<\/p>\n<p>I \u2013 todos os eventos p\u00fablicos e privados de quaisquer natureza;<\/p>\n<p>II \u2013 visita\u00e7\u00e3o em hospitais a pacientes internados e presen\u00e7a de acompanhante(s) nos pronto atendimentos, exceto nos casos previstos em lei;<\/p>\n<p>III \u2013 todas as atividades em feiras;<\/p>\n<p>IV \u2013 todas as atividades em clubes, academias, cl\u00ednicas e centros de est\u00e9tica, instituto de beleza, casas e bares noturno, museus, centros culturais, bibliotecas e lojas;<\/p>\n<p>V \u2013 atividades de sa\u00fade bucal\/odontol\u00f3gica p\u00fablica ou privada, exceto aquelas relacionadas ao atendimento de urg\u00eancias e emerg\u00eancias.<\/p>\n<ul>\n<li>1\u00ba. Excetuam-se \u00e0s restri\u00e7\u00f5es deste artigo os estabelecimentos m\u00e9dicos, farmac\u00eauticos, psicol\u00f3gicos, laborat\u00f3rios de an\u00e1lises cl\u00ednicas, cl\u00ednicas de fisioterapias, cl\u00ednicas de vacina\u00e7\u00e3o, estabelecimentos que n\u00e3o tenham atendimento ao p\u00fablico, postos de combust\u00edveis, servi\u00e7o de entrega em domic\u00edlio, supermercados, padarias, a\u00e7ougues e lojas de conveni\u00eancia (condicionado que fique proibido o consumo no local).<\/li>\n<li>2\u00ba. Somente poder\u00e3o ingressar no estabelecimento clientes em n\u00famero que n\u00e3o importe em aglomera\u00e7\u00e3o assim considerada presen\u00e7a superior a 50% do limite m\u00e1ximo de pessoas previsto no alvar\u00e1 de funcionamento, se houver, devendo os demais clientes aguardarem do lado de fora em fila que respeite dist\u00e2ncia m\u00ednima de 01 (um) metro linear entre os consumidores.<\/li>\n<\/ul>\n<p>Art. 4\u00ba.\u00a0 Aos restaurantes, bares, lanchonetes e estabelecimentos cong\u00eaneres fica recomendado o seu fechamento.<\/p>\n<p>Par\u00e1grafo \u00fanico. Para que possam ter funcionamento, os estabelecimentos referidos no <em>caput <\/em>dever\u00e3o manter suas atividades unicamente em sistema <em>delivery<\/em> ou em sistema de retirada da mercadoria na porta do estabelecimento pelos clientes, observando-se obrigatoriamente:<\/p>\n<p>I &#8211; higienizar, ap\u00f3s cada uso, durante o per\u00edodo de funcionamento e sempre quando do in\u00edcio das atividades, as superf\u00edcies de toque (cadeiras, ma\u00e7anetas, card\u00e1pios, mesas e bancadas), preferencialmente com \u00e1lcool 70% (setenta por cento), bem como \u00e1gua sanit\u00e1ria;<br \/>\nII &#8211; higienizar, preferencialmente ap\u00f3s cada utiliza\u00e7\u00e3o ou, no m\u00ednimo, a cada 3 (tr\u00eas) horas, durante o per\u00edodo de funcionamento e sempre quando do in\u00edcio das atividades, os pisos, paredes, forro e banheiro, preferencialmente com \u00e1gua sanit\u00e1ria;<\/p>\n<p>III &#8211; manter \u00e0 disposi\u00e7\u00e3o, na entrada no estabelecimento e em lugar estrat\u00e9gico,<br \/>\n\u00e1lcool em gel 70% (setenta por cento), para utiliza\u00e7\u00e3o dos clientes e funcion\u00e1rios do local;<br \/>\nIV &#8211; dispor de protetor salivar (m\u00e1scara facial) eficiente nos servi\u00e7os que trabalham com buffet;<br \/>\nV &#8211; manter locais de circula\u00e7\u00e3o e \u00e1reas comuns com os sistemas de ar condicionados limpos (filtros e dutos) e, obrigatoriamente, manter pelo menos uma janela externa aberta ou qualquer outra abertura, contribuindo para a renova\u00e7\u00e3o de ar;<\/p>\n<p>VI &#8211; manter dispon\u00edvel kit completo de higiene de m\u00e3os nos sanit\u00e1rios de clientes<br \/>\ne funcion\u00e1rios, utilizando sabonete l\u00edquido, \u00e1lcool em gel 70% (setenta por cento) e toalhas de papel n\u00e3o reciclado;<\/p>\n<p>VII &#8211; fazer a utiliza\u00e7\u00e3o, se necess\u00e1rio, do uso de senhas ou outro sistema eficaz, a fim de evitar a aglomera\u00e7\u00e3o de pessoas do lado de fora do estabelecimento, devendo respeitarem dist\u00e2ncia m\u00ednima de 01 (um) metro linear entre os consumidores.<\/p>\n<p>Art. 5\u00ba.\u00a0 O funcionamento de ag\u00eancias banc\u00e1rias e lot\u00e9ricas deve ser realizado de forma a controlar o fluxo e evitar a aglomera\u00e7\u00e3o de pessoas, devendo adotar as seguintes medidas cumulativas:<\/p>\n<p>I &#8211; higienizar, a cada 3 (tr\u00eas) horas, durante o per\u00edodo de funcionamento e sempre quando do in\u00edcio das atividades, as superf\u00edcies de toque (corrim\u00e3o de escadas rolantes e de acessos, ma\u00e7anetas, portas, inclusive de elevadores, trinco das portas de acesso de pessoas, carrinhos, etc.), preferencialmente com \u00e1lcool em gel 70% (setenta por cento) e\/ou \u00e1gua sanit\u00e1ria;<\/p>\n<p>II &#8211; higienizar, preferencialmente ap\u00f3s cada utiliza\u00e7\u00e3o ou, no m\u00ednimo, a cada 3 (tr\u00eas) horas, durante o per\u00edodo de funcionamento e sempre quando do in\u00edcio das atividades, os pisos, paredes e banheiro, preferencialmente com \u00e1lcool em gel 70% (setenta por cento) e\/ou \u00e1gua sanit\u00e1ria;<\/p>\n<p>III &#8211; manter \u00e0 disposi\u00e7\u00e3o e em locais estrat\u00e9gicos, \u00e1lcool em gel 70% (setenta por<br \/>\ncento), para utiliza\u00e7\u00e3o dos clientes e funcion\u00e1rios do local; e<\/p>\n<p>IV &#8211; manter locais de circula\u00e7\u00e3o e \u00e1reas comuns com os sistemas de ar condicionados limpos (filtros e dutos) e, quando poss\u00edvel, manter pelo menos uma janela externa aberta, contribuindo para a renova\u00e7\u00e3o de ar.<\/p>\n<ul>\n<li>1\u00ba Somente poder\u00e3o ingressar no estabelecimento 02 (dois) clientes por vez ou ao n\u00famero m\u00e1ximo de caixas em funcionamento, devendo os demais clientes aguardarem do lado de fora em fila que respeite dist\u00e2ncia m\u00ednima de 01 (um) metro lineares entre os consumidores.<\/li>\n<li>2\u00ba\u00a0Fica vedado o funcionamento de brinquedotecas, espa\u00e7os kids, playgrounds e espa\u00e7os de jogos.<\/li>\n<\/ul>\n<p>Art. 6\u00ba.\u00a0 Fica proibida a realiza\u00e7\u00e3o de vel\u00f3rios, ficando fechado ao p\u00fablico o cemit\u00e9rio municipal.<\/p>\n<p>Art. 7\u00b0. Os locais p\u00fablicos ou privados de atendimento ao p\u00fablico dever\u00e3o fazer a utiliza\u00e7\u00e3o, se necess\u00e1rio, do uso de senhas ou outro sistema eficaz, a fim de evitar a aglomera\u00e7\u00e3o.<br \/>\nArt. 8\u00b0.\u00a0 As medidas previstas neste Decreto poder\u00e3o ser reavaliadas a qualquer momento, de acordo com a situa\u00e7\u00e3o epidemiol\u00f3gica do munic\u00edpio.<br \/>\nArt. 9\u00b0.\u00a0 A inobserv\u00e2ncia ao disposto no cumprimento do presente Decreto importar\u00e1 em tomada das medidas legais cab\u00edveis.<\/p>\n<p>Art. 10.\u00a0 Este Decreto entra em vigor na data de sua publica\u00e7\u00e3o.<\/p>\n<p>&nbsp;<\/p>\n<p style=\"text-align: left;\">Santa Rita do Passa Quatro, 21 de mar\u00e7o de 2020.<\/p>\n<p>&nbsp;<\/p>\n<p><em><strong>LEANDRO LUCIANO DOS SANTOS<br \/>\n<\/strong>Prefeito Municipal<\/em><\/p>\n<p>&nbsp;<\/p>\n<p>&nbsp;<\/p>\n<p>&nbsp;<\/p>\n<p>&nbsp;<\/p>\n<p>&nbsp;<\/p>\n","protected":false},"excerpt":{"rendered":"<p>&nbsp; Publicado neste s\u00e1bado (21\/3) no Di\u00e1rio Oficial Eletr\u00f4nico do Munic\u00edpio estabelece medidas restritivas de funcionamento de estabelecimentos comerciais \u00a0<\/p>\n","protected":false},"author":1,"featured_media":3625,"comment_status":"closed","ping_status":"open","sticky":false,"template":"","format":"standard","meta":{"footnotes":""},"categories":[44,40,52],"tags":[],"class_list":["post-3620","post","type-post","status-publish","format-standard","has-post-thumbnail","hentry","category-cidades","category-covid-19","category-latest"],"_links":{"self":[{"href":"https:\/\/www.santaritadopassaquatro.sp.gov.br\/portal\/wp-json\/wp\/v2\/posts\/3620","targetHints":{"allow":["GET"]}}],"collection":[{"href":"https:\/\/www.santaritadopassaquatro.sp.gov.br\/portal\/wp-json\/wp\/v2\/posts"}],"about":[{"href":"https:\/\/www.santaritadopassaquatro.sp.gov.br\/portal\/wp-json\/wp\/v2\/types\/post"}],"author":[{"embeddable":true,"href":"https:\/\/www.santaritadopassaquatro.sp.gov.br\/portal\/wp-json\/wp\/v2\/users\/1"}],"replies":[{"embeddable":true,"href":"https:\/\/www.santaritadopassaquatro.sp.gov.br\/portal\/wp-json\/wp\/v2\/comments?post=3620"}],"version-history":[{"count":3,"href":"https:\/\/www.santaritadopassaquatro.sp.gov.br\/portal\/wp-json\/wp\/v2\/posts\/3620\/revisions"}],"predecessor-version":[{"id":3626,"href":"https:\/\/www.santaritadopassaquatro.sp.gov.br\/portal\/wp-json\/wp\/v2\/posts\/3620\/revisions\/3626"}],"wp:featuredmedia":[{"embeddable":true,"href":"https:\/\/www.santaritadopassaquatro.sp.gov.br\/portal\/wp-json\/wp\/v2\/media\/3625"}],"wp:attachment":[{"href":"https:\/\/www.santaritadopassaquatro.sp.gov.br\/portal\/wp-json\/wp\/v2\/media?parent=3620"}],"wp:term":[{"taxonomy":"category","embeddable":true,"href":"https:\/\/www.santaritadopassaquatro.sp.gov.br\/portal\/wp-json\/wp\/v2\/categories?post=3620"},{"taxonomy":"post_tag","embeddable":true,"href":"https:\/\/www.santaritadopassaquatro.sp.gov.br\/portal\/wp-json\/wp\/v2\/tags?post=3620"}],"curies":[{"name":"wp","href":"https:\/\/api.w.org\/{rel}","templated":true}]}}