{"id":3627,"date":"2020-03-23T13:22:28","date_gmt":"2020-03-23T16:22:28","guid":{"rendered":"http:\/\/www.santaritadopassaquatro.sp.gov.br\/portal\/?p=3627"},"modified":"2020-03-23T13:22:28","modified_gmt":"2020-03-23T16:22:28","slug":"com-orientacao-na-fila-comecou-a-vacinacao-contra-a-gripe-na-galdina","status":"publish","type":"post","link":"https:\/\/www.santaritadopassaquatro.sp.gov.br\/portal\/com-orientacao-na-fila-comecou-a-vacinacao-contra-a-gripe-na-galdina\/","title":{"rendered":"Com orienta\u00e7\u00e3o na fila, come\u00e7ou a vacina\u00e7\u00e3o contra a gripe na Galdina"},"content":{"rendered":"<p><strong><em>Idosos est\u00e3o sendo orientados a ficarem a uma dist\u00e2ncia m\u00ednima de um metro um do outro<\/em><\/strong><\/p>\n<p>&nbsp;<\/p>\n<figure id=\"attachment_3629\" aria-describedby=\"caption-attachment-3629\" style=\"width: 300px\" class=\"wp-caption alignleft\"><img decoding=\"async\" class=\"wp-image-3629 size-medium\" src=\"http:\/\/www.santaritadopassaquatro.sp.gov.br\/portal\/wp-content\/uploads\/2020\/03\/vacinacao_gripe_galdina_edit1-300x225.jpg\" alt=\"\" width=\"300\" height=\"225\" srcset=\"https:\/\/www.santaritadopassaquatro.sp.gov.br\/portal\/wp-content\/uploads\/2020\/03\/vacinacao_gripe_galdina_edit1-300x225.jpg 300w, https:\/\/www.santaritadopassaquatro.sp.gov.br\/portal\/wp-content\/uploads\/2020\/03\/vacinacao_gripe_galdina_edit1-768x576.jpg 768w, https:\/\/www.santaritadopassaquatro.sp.gov.br\/portal\/wp-content\/uploads\/2020\/03\/vacinacao_gripe_galdina_edit1-1024x768.jpg 1024w, https:\/\/www.santaritadopassaquatro.sp.gov.br\/portal\/wp-content\/uploads\/2020\/03\/vacinacao_gripe_galdina_edit1.jpg 1280w\" sizes=\"(max-width: 300px) 100vw, 300px\" \/><figcaption id=\"caption-attachment-3629\" class=\"wp-caption-text\"><span style=\"font-size: 8pt; color: #999999;\"><strong>Pessoas s\u00e3o orientadas a manter dist\u00e2ncia de um metro umas das outras, na fila da vacinal\u00e7\u00e3o (Divulga\u00e7\u00e3o)<\/strong><\/span><\/figcaption><\/figure>\n<p>Come\u00e7ou hoje (23\/3) a Campanha Nacional de Vacina\u00e7\u00e3o Contra a Gripe para idosos (acima de 60 anos) e profissionais de sa\u00fade. Em Santa Rita do Passa Quatro a vacina\u00e7\u00e3o para idosos acontece na EMEI Profa. Galdina Lima Segatto (ao lado da EMEF Madre Carmelita), no distrito de Santa Cruz da Estrela,<\/p>\n<p>Com movimento intenso j\u00e1 pela manh\u00e3, os idosos est\u00e3o sendo orientados por um profissional da sa\u00fade a manterem uma dist\u00e2ncia m\u00ednima de um metro entre uma pessoa o outra.\u00a0 A medida visa evitar aglomera\u00e7\u00e3o, visa a preven\u00e7\u00e3o contra o covid-19 (novo coronav\u00edrus).<\/p>\n<figure id=\"attachment_3628\" aria-describedby=\"caption-attachment-3628\" style=\"width: 300px\" class=\"wp-caption alignright\"><img decoding=\"async\" class=\"wp-image-3628 size-medium\" src=\"http:\/\/www.santaritadopassaquatro.sp.gov.br\/portal\/wp-content\/uploads\/2020\/03\/vacinacao_gripe_galdina_edit-300x231.jpg\" alt=\"\" width=\"300\" height=\"231\" srcset=\"https:\/\/www.santaritadopassaquatro.sp.gov.br\/portal\/wp-content\/uploads\/2020\/03\/vacinacao_gripe_galdina_edit-300x231.jpg 300w, https:\/\/www.santaritadopassaquatro.sp.gov.br\/portal\/wp-content\/uploads\/2020\/03\/vacinacao_gripe_galdina_edit-768x592.jpg 768w, https:\/\/www.santaritadopassaquatro.sp.gov.br\/portal\/wp-content\/uploads\/2020\/03\/vacinacao_gripe_galdina_edit.jpg 942w\" sizes=\"(max-width: 300px) 100vw, 300px\" \/><figcaption id=\"caption-attachment-3628\" class=\"wp-caption-text\"><span style=\"font-size: 8pt; color: #999999;\"><em><strong>A campanha de vacina\u00e7\u00e3o contra gripe, iniciada hoje: idosos devem ser vacinados na EMEI Galdina Lima Segatto (Divulga\u00e7\u00e3o)<\/strong><\/em><\/span><\/figcaption><\/figure>\n<p>A campanha acontece de segunda a sexta-feira, no hor\u00e1rio das 7h \u00e0s 13h30.\u00a0 Al\u00e9m da EMEI Galdina, o PSF Dulce Rodrigues de Campos, em Santa Cruz da Estrela, tamb\u00e9m est\u00e1 realizando a vacina\u00e7\u00e3o.<\/p>\n<p>A mudan\u00e7a de local segue os protocolos de seguran\u00e7a contra o covid-10 (novo coronav\u00edrus), e o local diferenciado visa evitar a aglomera\u00e7\u00e3o de pessoas no Centro de Sa\u00fade ou PAS CAIC, locais onde deveriam ser realizados a campanha.<\/p>\n<p>Estima-se que a campanha deva imunizar cerca de 5 mil idosos e 800 profissionais de sa\u00fade em Santa Rita.<\/p>\n<p><strong>\u00a0<\/strong><\/p>\n<p><strong>VACINA\u00c7\u00c3O EM CASA<\/strong><\/p>\n<p>Idosos residentes na \u00e1rea de cobertura do PSF Miguel Bello, Jd. S\u00e3o Luiz, Jd. Boa Vista I, II e III e Jd. Santa Maria, ser\u00e3o vacinados em suas pr\u00f3prias resid\u00eancias pelos agentes de sa\u00fade, do Programa Sa\u00fade da Fam\u00edlia.<\/p>\n<p>Acamados ou impossibilitados de se locomover tamb\u00e9m podem receber a vacina na pr\u00f3pria casa. Para isso, devem entrar em contato com o Centro de Sa\u00fade II, pelo telefone 3582-6171 fornecendo o endere\u00e7o.<\/p>\n<p>&nbsp;<\/p>\n<p><strong>CALEND\u00c1RIO DA CAMPANHA<\/strong><\/p>\n<p>Idosos ou trabalhadores de sa\u00fade podem tomar a vacina. No dia 16 de abril a campanha come\u00e7a a atender professores e profissionais de seguran\u00e7a e salvamento. De 9 de maio em diante ser\u00e1 a vez das crian\u00e7as de 6 meses a menores de 6 anos, doentes cr\u00f4nicos, pessoas com 55 anos ou mais, gr\u00e1vidas, m\u00e3es no p\u00f3s parto, popula\u00e7\u00e3o ind\u00edgena e portadores de condi\u00e7\u00f5es especiais.<\/p>\n<p>&nbsp;<\/p>\n<p><strong>VACINA <\/strong><\/p>\n<p>A vacina contra a gripe n\u00e3o protege contra o novo coronav\u00edrus, mas, sim, contra tipos de influenza (fam\u00edlia \u00e0 qual pertence o H1N1). E justamente por isso pode ajudar no diagn\u00f3stico por elimina\u00e7\u00e3o dos profissionais de sa\u00fade com suspeita de covid-19.\u00a0 Isso porque essas doen\u00e7as contempladas pela vacina ser\u00e3o descartadas na triagem de pacientes que chegarem \u00e0s unidades de sa\u00fade com sintomas gripais e informarem j\u00e1 ter sido imunizados.<\/p>\n","protected":false},"excerpt":{"rendered":"<p>Idosos est\u00e3o sendo orientados a ficarem a uma dist\u00e2ncia m\u00ednima de um metro um do outro &nbsp; Come\u00e7ou hoje (23\/3)<\/p>\n","protected":false},"author":1,"featured_media":3628,"comment_status":"closed","ping_status":"open","sticky":false,"template":"","format":"standard","meta":{"footnotes":""},"categories":[40,52,58],"tags":[],"class_list":["post-3627","post","type-post","status-publish","format-standard","has-post-thumbnail","hentry","category-covid-19","category-latest","category-health"],"_links":{"self":[{"href":"https:\/\/www.santaritadopassaquatro.sp.gov.br\/portal\/wp-json\/wp\/v2\/posts\/3627","targetHints":{"allow":["GET"]}}],"collection":[{"href":"https:\/\/www.santaritadopassaquatro.sp.gov.br\/portal\/wp-json\/wp\/v2\/posts"}],"about":[{"href":"https:\/\/www.santaritadopassaquatro.sp.gov.br\/portal\/wp-json\/wp\/v2\/types\/post"}],"author":[{"embeddable":true,"href":"https:\/\/www.santaritadopassaquatro.sp.gov.br\/portal\/wp-json\/wp\/v2\/users\/1"}],"replies":[{"embeddable":true,"href":"https:\/\/www.santaritadopassaquatro.sp.gov.br\/portal\/wp-json\/wp\/v2\/comments?post=3627"}],"version-history":[{"count":1,"href":"https:\/\/www.santaritadopassaquatro.sp.gov.br\/portal\/wp-json\/wp\/v2\/posts\/3627\/revisions"}],"predecessor-version":[{"id":3630,"href":"https:\/\/www.santaritadopassaquatro.sp.gov.br\/portal\/wp-json\/wp\/v2\/posts\/3627\/revisions\/3630"}],"wp:featuredmedia":[{"embeddable":true,"href":"https:\/\/www.santaritadopassaquatro.sp.gov.br\/portal\/wp-json\/wp\/v2\/media\/3628"}],"wp:attachment":[{"href":"https:\/\/www.santaritadopassaquatro.sp.gov.br\/portal\/wp-json\/wp\/v2\/media?parent=3627"}],"wp:term":[{"taxonomy":"category","embeddable":true,"href":"https:\/\/www.santaritadopassaquatro.sp.gov.br\/portal\/wp-json\/wp\/v2\/categories?post=3627"},{"taxonomy":"post_tag","embeddable":true,"href":"https:\/\/www.santaritadopassaquatro.sp.gov.br\/portal\/wp-json\/wp\/v2\/tags?post=3627"}],"curies":[{"name":"wp","href":"https:\/\/api.w.org\/{rel}","templated":true}]}}