{"id":3631,"date":"2020-03-23T17:54:55","date_gmt":"2020-03-23T20:54:55","guid":{"rendered":"http:\/\/www.santaritadopassaquatro.sp.gov.br\/portal\/?p=3631"},"modified":"2020-03-23T17:54:55","modified_gmt":"2020-03-23T20:54:55","slug":"vacinacao-de-idosos-sera-no-sistema-drive-thru-nesta-terca-feira","status":"publish","type":"post","link":"https:\/\/www.santaritadopassaquatro.sp.gov.br\/portal\/vacinacao-de-idosos-sera-no-sistema-drive-thru-nesta-terca-feira\/","title":{"rendered":"Vacina\u00e7\u00e3o de Idosos ser\u00e1 no sistema\u00a0\u2018drive thru\u2019 nesta ter\u00e7a-feira"},"content":{"rendered":"<p><strong><em>P\u00fablico com mais de 60 anos ser\u00e1 vacinado dentro dos carros a partir das 7h, em frente a escola Nelson Fernandes <\/em><\/strong><\/p>\n<p><strong><em>\u00a0<\/em><\/strong><\/p>\n<p><img decoding=\"async\" class=\"alignnone size-medium wp-image-3632 alignleft\" src=\"http:\/\/www.santaritadopassaquatro.sp.gov.br\/portal\/wp-content\/uploads\/2020\/03\/vacina-drive-thru-278x300.jpg\" alt=\"\" width=\"278\" height=\"300\" srcset=\"https:\/\/www.santaritadopassaquatro.sp.gov.br\/portal\/wp-content\/uploads\/2020\/03\/vacina-drive-thru-278x300.jpg 278w, https:\/\/www.santaritadopassaquatro.sp.gov.br\/portal\/wp-content\/uploads\/2020\/03\/vacina-drive-thru-768x828.jpg 768w, https:\/\/www.santaritadopassaquatro.sp.gov.br\/portal\/wp-content\/uploads\/2020\/03\/vacina-drive-thru-950x1024.jpg 950w, https:\/\/www.santaritadopassaquatro.sp.gov.br\/portal\/wp-content\/uploads\/2020\/03\/vacina-drive-thru.jpg 1268w\" sizes=\"(max-width: 278px) 100vw, 278px\" \/>A Campanha Nacional de Vacina\u00e7\u00e3o Contra a Gripe para idosos (acima de 60 anos) em Santa Rita do Passa Quatro ir\u00e1 oferecer o servi\u00e7o \u2018<em>drive thru<\/em>\u2019, nesta ter\u00e7a-feira (24\/3). Os idosos ser\u00e3o vacinado dentro dos pr\u00f3prios carros, a partir das 7h30, em frente a escola Nelson Fernandes (centro da cidade). Portanto n\u00e3o haver\u00e1 vacina\u00e7\u00e3o na EMEI Profa. Galdina Lima Segatto, como ocorreu no primeiro dia da campanha.<\/p>\n<p>\u00c9 importante que os idosos apresentem a carteirinha de vacina\u00e7\u00e3o.<\/p>\n<p>O sistema \u2018drive thru\u2019 (vacina\u00e7\u00e3o no pr\u00f3prio ve\u00edculo) est\u00e1 sendo adotada por muitos munic\u00edpios, como forma de preven\u00e7\u00e3o contra covid-19 (novo coronav\u00edrus), evitando a aglomera\u00e7\u00e3o de pessoas.<\/p>\n<p>Com movimento intenso j\u00e1 pela manh\u00e3, a Campanha iniciou nesta segunda-feira (23\/3), na EMEI Galdina, com os idosos sendo orientados por um profissional da sa\u00fade a manterem uma dist\u00e2ncia m\u00ednima de um metro entre uma pessoa o outra. \u00a0O PSF Dulce Rodrigues de Campos, em Santa Cruz da Estrela, tamb\u00e9m oferece a vacina\u00e7\u00e3o.<\/p>\n<p>&nbsp;<\/p>\n<p><strong>DOSES LIMITADAS<\/strong><\/p>\n<p>Com a grande procura nos primeiros dias vacina\u00e7\u00e3o, quase todas as doses disponibilizadas para o munic\u00edpio est\u00e3o chegando ao final. O Minist\u00e9rio e a Secretaria de Sa\u00fade do Estado devem entregar mais um lote nesta quarta-feira (25\/3), para continuidade da campanha.<\/p>\n<p>Estima-se que 5 mil idosos e 800 profissionais de sa\u00fade em Santa Rita sejam vacinados este ano.<\/p>\n<p>&nbsp;<\/p>\n<p>&nbsp;<\/p>\n","protected":false},"excerpt":{"rendered":"<p>P\u00fablico com mais de 60 anos ser\u00e1 vacinado dentro dos carros a partir das 7h, em frente a escola Nelson<\/p>\n","protected":false},"author":1,"featured_media":3632,"comment_status":"closed","ping_status":"open","sticky":false,"template":"","format":"standard","meta":{"footnotes":""},"categories":[40,52,58],"tags":[],"class_list":["post-3631","post","type-post","status-publish","format-standard","has-post-thumbnail","hentry","category-covid-19","category-latest","category-health"],"_links":{"self":[{"href":"https:\/\/www.santaritadopassaquatro.sp.gov.br\/portal\/wp-json\/wp\/v2\/posts\/3631","targetHints":{"allow":["GET"]}}],"collection":[{"href":"https:\/\/www.santaritadopassaquatro.sp.gov.br\/portal\/wp-json\/wp\/v2\/posts"}],"about":[{"href":"https:\/\/www.santaritadopassaquatro.sp.gov.br\/portal\/wp-json\/wp\/v2\/types\/post"}],"author":[{"embeddable":true,"href":"https:\/\/www.santaritadopassaquatro.sp.gov.br\/portal\/wp-json\/wp\/v2\/users\/1"}],"replies":[{"embeddable":true,"href":"https:\/\/www.santaritadopassaquatro.sp.gov.br\/portal\/wp-json\/wp\/v2\/comments?post=3631"}],"version-history":[{"count":1,"href":"https:\/\/www.santaritadopassaquatro.sp.gov.br\/portal\/wp-json\/wp\/v2\/posts\/3631\/revisions"}],"predecessor-version":[{"id":3633,"href":"https:\/\/www.santaritadopassaquatro.sp.gov.br\/portal\/wp-json\/wp\/v2\/posts\/3631\/revisions\/3633"}],"wp:featuredmedia":[{"embeddable":true,"href":"https:\/\/www.santaritadopassaquatro.sp.gov.br\/portal\/wp-json\/wp\/v2\/media\/3632"}],"wp:attachment":[{"href":"https:\/\/www.santaritadopassaquatro.sp.gov.br\/portal\/wp-json\/wp\/v2\/media?parent=3631"}],"wp:term":[{"taxonomy":"category","embeddable":true,"href":"https:\/\/www.santaritadopassaquatro.sp.gov.br\/portal\/wp-json\/wp\/v2\/categories?post=3631"},{"taxonomy":"post_tag","embeddable":true,"href":"https:\/\/www.santaritadopassaquatro.sp.gov.br\/portal\/wp-json\/wp\/v2\/tags?post=3631"}],"curies":[{"name":"wp","href":"https:\/\/api.w.org\/{rel}","templated":true}]}}