{"id":3634,"date":"2020-03-24T16:55:46","date_gmt":"2020-03-24T19:55:46","guid":{"rendered":"http:\/\/www.santaritadopassaquatro.sp.gov.br\/portal\/?p=3634"},"modified":"2020-03-24T16:59:32","modified_gmt":"2020-03-24T19:59:32","slug":"vacinacao-contra-gripe-em-santa-rita-continua-nesta-quarta-feira-em-dois-locais","status":"publish","type":"post","link":"https:\/\/www.santaritadopassaquatro.sp.gov.br\/portal\/vacinacao-contra-gripe-em-santa-rita-continua-nesta-quarta-feira-em-dois-locais\/","title":{"rendered":"Vacina\u00e7\u00e3o contra gripe em Santa Rita continua nesta quarta-feira em dois locais"},"content":{"rendered":"<p><strong><em>Idosos ser\u00e3o atendidos na EMEI Galdina e Escola Agr\u00edcola, das 7h30 \u00e0s 13h30; nos dois primeiros dias da campanha, 1,6 mil pessoas foram vacinadas no munic\u00edpio<\/em><\/strong><\/p>\n<p><strong><em>\u00a0<\/em><\/strong><\/p>\n<p><img decoding=\"async\" class=\"alignnone size-medium wp-image-3635 alignleft\" src=\"http:\/\/www.santaritadopassaquatro.sp.gov.br\/portal\/wp-content\/uploads\/2020\/03\/vacina-ETEC-276x300.jpg\" alt=\"\" width=\"276\" height=\"300\" srcset=\"https:\/\/www.santaritadopassaquatro.sp.gov.br\/portal\/wp-content\/uploads\/2020\/03\/vacina-ETEC-276x300.jpg 276w, https:\/\/www.santaritadopassaquatro.sp.gov.br\/portal\/wp-content\/uploads\/2020\/03\/vacina-ETEC-768x835.jpg 768w, https:\/\/www.santaritadopassaquatro.sp.gov.br\/portal\/wp-content\/uploads\/2020\/03\/vacina-ETEC-942x1024.jpg 942w, https:\/\/www.santaritadopassaquatro.sp.gov.br\/portal\/wp-content\/uploads\/2020\/03\/vacina-ETEC.jpg 1268w\" sizes=\"(max-width: 276px) 100vw, 276px\" \/>A Campanha Nacional de Vacina\u00e7\u00e3o Contra a Gripe para idosos (acima de 60 anos) em Santa Rita do Passa Quatro, nesta quarta-feira e quinta-feira (24 e 25\/3) ir\u00e1 ocorrer em dois locais. Idosos ser\u00e3o vacinados na EMEI Galdina Lima Segatto e na ETEC Manoel dos Reis Ara\u00fajo (Escola Agr\u00edcola), com aux\u00edlio de estudantes do curso t\u00e9cnico em enfermagem.<\/p>\n<p>Nos dois locais, a vacina\u00e7\u00e3o acontece das 7h30 \u00e0s 13h30. \u00c9 importante que os idosos apresentem a carteirinha de vacina\u00e7\u00e3o.\u00a0 Para que n\u00e3o haja aglomera\u00e7\u00e3o em um \u00fanico local, \u00e9 fundamental que as pessoas se dirijam ao local mais pr\u00f3ximo de sua resid\u00eancia.<\/p>\n<p>A campanha tamb\u00e9m continua sendo realizada nas resid\u00eancias pelas equipes do PSF Dr. Miguel Bello para idosos residentes na \u00e1rea de sua cobertura (Jd. S\u00e3o Luiz, Jd. Boa Vista I, II e III e Jd. Santa Maria) e do PSF Dulce Rodrigues de Campos, para moradores de Santa Cruz da Estrela e zuna rural nas proximidades.<\/p>\n<p>&nbsp;<\/p>\n<p><strong>BALAN\u00c7O PARCIAL<\/strong><\/p>\n<p>Nos dois primeiros dias da campanha, 1600 doses foram aplicadas no munic\u00edpio, em idosos e profissionais de sa\u00fade. Na segunda-feira (23\/3), a vacina\u00e7\u00e3o na EMEI Profa. Galdina Lima Segatto, atendeu 859 idosos. O trabalho aconteceu seguindo protocolos de seguran\u00e7a, mantendo dist\u00e2ncia m\u00ednima entre as pessoas na fila.<\/p>\n<p>Nesta ter\u00e7a-feira (24\/3), foram aplicadas 300 doses da vacina no sistema de \u2018<em>drive thru<\/em>\u2019, com os idosos sendo vacinados nos pr\u00f3prios carros, em frente \u00e0 escola Nelson Fernandes.<\/p>\n<p>Agentes do PSF aplicaram vacinas nas resid\u00eancias de moradores deem Santa Cruz da Estrela e nos bairros Jd. S\u00e3o Luiz, Jd. Boa Vista I, II e III e Jd. Santa Maria, \u00e1rea de abrang\u00eancia do programa.<\/p>\n<p>Estima-se que 5 mil idosos e 800 profissionais de sa\u00fade em Santa Rita sejam vacinados este ano.<\/p>\n<p>&nbsp;<\/p>\n<p><strong>PARCERIA<\/strong><\/p>\n<p>Em fun\u00e7\u00e3o da grande ades\u00e3o da popula\u00e7\u00e3o nesta campanha, o prefeito Leandro Luciano dos Santos e a diretora do Departamento Municipal de Sa\u00fade, Renata Barioni Bonif\u00e1rcio, buscaram uma parceria com a ETEC Manoel do Reis Ara\u00fajo, e alunos do curso t\u00e9cnico em enfermagem ir\u00e3o auxiliar na campanha.<\/p>\n<p>&nbsp;<\/p>\n<p>&nbsp;<\/p>\n","protected":false},"excerpt":{"rendered":"<p>Idosos ser\u00e3o atendidos na EMEI Galdina e Escola Agr\u00edcola, das 7h30 \u00e0s 13h30; nos dois primeiros dias da campanha, 1,6<\/p>\n","protected":false},"author":1,"featured_media":3635,"comment_status":"closed","ping_status":"open","sticky":false,"template":"","format":"standard","meta":{"footnotes":""},"categories":[40,52,58],"tags":[],"class_list":["post-3634","post","type-post","status-publish","format-standard","has-post-thumbnail","hentry","category-covid-19","category-latest","category-health"],"_links":{"self":[{"href":"https:\/\/www.santaritadopassaquatro.sp.gov.br\/portal\/wp-json\/wp\/v2\/posts\/3634","targetHints":{"allow":["GET"]}}],"collection":[{"href":"https:\/\/www.santaritadopassaquatro.sp.gov.br\/portal\/wp-json\/wp\/v2\/posts"}],"about":[{"href":"https:\/\/www.santaritadopassaquatro.sp.gov.br\/portal\/wp-json\/wp\/v2\/types\/post"}],"author":[{"embeddable":true,"href":"https:\/\/www.santaritadopassaquatro.sp.gov.br\/portal\/wp-json\/wp\/v2\/users\/1"}],"replies":[{"embeddable":true,"href":"https:\/\/www.santaritadopassaquatro.sp.gov.br\/portal\/wp-json\/wp\/v2\/comments?post=3634"}],"version-history":[{"count":1,"href":"https:\/\/www.santaritadopassaquatro.sp.gov.br\/portal\/wp-json\/wp\/v2\/posts\/3634\/revisions"}],"predecessor-version":[{"id":3636,"href":"https:\/\/www.santaritadopassaquatro.sp.gov.br\/portal\/wp-json\/wp\/v2\/posts\/3634\/revisions\/3636"}],"wp:featuredmedia":[{"embeddable":true,"href":"https:\/\/www.santaritadopassaquatro.sp.gov.br\/portal\/wp-json\/wp\/v2\/media\/3635"}],"wp:attachment":[{"href":"https:\/\/www.santaritadopassaquatro.sp.gov.br\/portal\/wp-json\/wp\/v2\/media?parent=3634"}],"wp:term":[{"taxonomy":"category","embeddable":true,"href":"https:\/\/www.santaritadopassaquatro.sp.gov.br\/portal\/wp-json\/wp\/v2\/categories?post=3634"},{"taxonomy":"post_tag","embeddable":true,"href":"https:\/\/www.santaritadopassaquatro.sp.gov.br\/portal\/wp-json\/wp\/v2\/tags?post=3634"}],"curies":[{"name":"wp","href":"https:\/\/api.w.org\/{rel}","templated":true}]}}