{"id":3641,"date":"2020-03-27T07:28:11","date_gmt":"2020-03-27T10:28:11","guid":{"rendered":"http:\/\/www.santaritadopassaquatro.sp.gov.br\/portal\/?p=3641"},"modified":"2020-03-27T07:28:11","modified_gmt":"2020-03-27T10:28:11","slug":"atencao-recado-importante","status":"publish","type":"post","link":"https:\/\/www.santaritadopassaquatro.sp.gov.br\/portal\/atencao-recado-importante\/","title":{"rendered":"ATEN\u00c7\u00c3O! RECADO IMPORTANTE:"},"content":{"rendered":"<p><strong>CONSIDERANDO A NECESSIDADE DE MEDIDAS DE PREVEN\u00c7\u00c3O CONTRA O CORONAV\u00cdRUS, O DEPARTAMENTO MUNICIPAL DE EDUCA\u00c7\u00c3O INFORMA QUE EST\u00c3O <span style=\"color: #ff0000;\">SUSPENSOS POR PRAZO INDETERMINADO OS CADASTROS E CHAMADA DE CRIAN\u00c7AS PARA VAGAS EM CRECHE! <\/span><\/strong><\/p>\n<p>&nbsp;<\/p>\n<p><strong>\u00a0\u00a0\u00a0\u00a0\u00a0\u00a0\u00a0\u00a0 T\u00c3O LOGO A SITUA\u00c7\u00c3O SE NORMALIZE, INFORMAREMOS.<\/strong><\/p>\n<p>&nbsp;<\/p>\n<p><strong>\u00a0\u00a0\u00a0\u00a0\u00a0\u00a0\u00a0\u00a0 AGRADECEMOS A COMPREENS\u00c3O DE TODOS!<\/strong><\/p>\n<p>&nbsp;<\/p>\n<ul style=\"list-style-type: square;\">\n<li><a href=\"http:\/\/www.santaritadopassaquatro.sp.gov.br\/portal\/wp-content\/uploads\/2020\/03\/Lista-\u00danica-creches-26.03.2020.pdf\">Lista \u00danica creches 26.03.2020<\/a><\/li>\n<\/ul>\n","protected":false},"excerpt":{"rendered":"<p>CONSIDERANDO A NECESSIDADE DE MEDIDAS DE PREVEN\u00c7\u00c3O CONTRA O CORONAV\u00cdRUS, O DEPARTAMENTO MUNICIPAL DE EDUCA\u00c7\u00c3O INFORMA QUE EST\u00c3O SUSPENSOS POR<\/p>\n","protected":false},"author":1,"featured_media":2962,"comment_status":"closed","ping_status":"open","sticky":false,"template":"","format":"standard","meta":{"footnotes":""},"categories":[28],"tags":[],"class_list":["post-3641","post","type-post","status-publish","format-standard","has-post-thumbnail","hentry","category-educacao"],"_links":{"self":[{"href":"https:\/\/www.santaritadopassaquatro.sp.gov.br\/portal\/wp-json\/wp\/v2\/posts\/3641","targetHints":{"allow":["GET"]}}],"collection":[{"href":"https:\/\/www.santaritadopassaquatro.sp.gov.br\/portal\/wp-json\/wp\/v2\/posts"}],"about":[{"href":"https:\/\/www.santaritadopassaquatro.sp.gov.br\/portal\/wp-json\/wp\/v2\/types\/post"}],"author":[{"embeddable":true,"href":"https:\/\/www.santaritadopassaquatro.sp.gov.br\/portal\/wp-json\/wp\/v2\/users\/1"}],"replies":[{"embeddable":true,"href":"https:\/\/www.santaritadopassaquatro.sp.gov.br\/portal\/wp-json\/wp\/v2\/comments?post=3641"}],"version-history":[{"count":1,"href":"https:\/\/www.santaritadopassaquatro.sp.gov.br\/portal\/wp-json\/wp\/v2\/posts\/3641\/revisions"}],"predecessor-version":[{"id":3643,"href":"https:\/\/www.santaritadopassaquatro.sp.gov.br\/portal\/wp-json\/wp\/v2\/posts\/3641\/revisions\/3643"}],"wp:featuredmedia":[{"embeddable":true,"href":"https:\/\/www.santaritadopassaquatro.sp.gov.br\/portal\/wp-json\/wp\/v2\/media\/2962"}],"wp:attachment":[{"href":"https:\/\/www.santaritadopassaquatro.sp.gov.br\/portal\/wp-json\/wp\/v2\/media?parent=3641"}],"wp:term":[{"taxonomy":"category","embeddable":true,"href":"https:\/\/www.santaritadopassaquatro.sp.gov.br\/portal\/wp-json\/wp\/v2\/categories?post=3641"},{"taxonomy":"post_tag","embeddable":true,"href":"https:\/\/www.santaritadopassaquatro.sp.gov.br\/portal\/wp-json\/wp\/v2\/tags?post=3641"}],"curies":[{"name":"wp","href":"https:\/\/api.w.org\/{rel}","templated":true}]}}