{"id":3646,"date":"2020-03-27T15:28:50","date_gmt":"2020-03-27T18:28:50","guid":{"rendered":"http:\/\/www.santaritadopassaquatro.sp.gov.br\/portal\/?p=3646"},"modified":"2020-03-27T15:28:50","modified_gmt":"2020-03-27T18:28:50","slug":"gripe-em-quatro-dias-campanha-de-vacinacao-aplica-mais-de-3000-doses-em-santa-rita","status":"publish","type":"post","link":"https:\/\/www.santaritadopassaquatro.sp.gov.br\/portal\/gripe-em-quatro-dias-campanha-de-vacinacao-aplica-mais-de-3000-doses-em-santa-rita\/","title":{"rendered":"GRIPE\u00a0Em quatro dias, campanha de vacina\u00e7\u00e3o aplica mais de 3000 doses em Santa Rita  \u00a0"},"content":{"rendered":"<p>&nbsp;<\/p>\n<p><strong><em>Departamento Municipal de Sa\u00fade agora aguarda a libera\u00e7\u00e3o de novas doses pelo Minist\u00e9rio da Sa\u00fade ainda para retomar a campanha<\/em><\/strong><\/p>\n<p><strong><em>\u00a0<\/em><\/strong><\/p>\n<figure id=\"attachment_3628\" aria-describedby=\"caption-attachment-3628\" style=\"width: 300px\" class=\"wp-caption alignleft\"><img decoding=\"async\" class=\"wp-image-3628 size-medium\" src=\"http:\/\/www.santaritadopassaquatro.sp.gov.br\/portal\/wp-content\/uploads\/2020\/03\/vacinacao_gripe_galdina_edit-300x231.jpg\" alt=\"\" width=\"300\" height=\"231\" srcset=\"https:\/\/www.santaritadopassaquatro.sp.gov.br\/portal\/wp-content\/uploads\/2020\/03\/vacinacao_gripe_galdina_edit-300x231.jpg 300w, https:\/\/www.santaritadopassaquatro.sp.gov.br\/portal\/wp-content\/uploads\/2020\/03\/vacinacao_gripe_galdina_edit-768x592.jpg 768w, https:\/\/www.santaritadopassaquatro.sp.gov.br\/portal\/wp-content\/uploads\/2020\/03\/vacinacao_gripe_galdina_edit.jpg 942w\" sizes=\"(max-width: 300px) 100vw, 300px\" \/><figcaption id=\"caption-attachment-3628\" class=\"wp-caption-text\"><span style=\"font-size: 8pt; color: #808080;\"><em><strong>Idosos sendo vacinados na EMEI Galdina Lima Segatto no primeiro dia da campanha em Santa Rita (Divulga\u00e7\u00e3o)<\/strong><\/em><\/span><\/figcaption><\/figure>\n<p>A Campanha Nacional de Vacina\u00e7\u00e3o Contra a Gripe para idosos (acima de 60 anos) e profissionais de sa\u00fade, em Santa Rita do Passa Quatro, atendeu mais de 3000 pessoas em quatro dias.<\/p>\n<p>A vacina\u00e7\u00e3o para idosos come\u00e7ou na EMEI Galdina Lima Segatto, na segunda-feira (23\/3), na ter\u00e7a-feira (24\/3) foi promovida no sistema <em>\u201cdrive thru\u201d<\/em>, quando as pessoas recebem a vacina dentro dos pr\u00f3prios carros, em frente a EE Nelson Fernandes, e na quarta e quinta-feira (25 e 26\/3) a campanha voltou para a EMEI Galdina, recebendo o refor\u00e7o da ETEC Manoel dos Reis Ara\u00fajo (Escola Agr\u00edcola), com apoio dos alunos do curso t\u00e9cnico em enfermagem. Nestes locais foram vacinados 2798 idosos. No mesmo per\u00edodo, no Centro de Sa\u00fade II, foram aplicadas 267 doses em profissionais de Sa\u00fade.<\/p>\n<figure id=\"attachment_3647\" aria-describedby=\"caption-attachment-3647\" style=\"width: 300px\" class=\"wp-caption alignright\"><img decoding=\"async\" class=\"wp-image-3647 size-medium\" src=\"http:\/\/www.santaritadopassaquatro.sp.gov.br\/portal\/wp-content\/uploads\/2020\/03\/Vacina_drive_thru-300x200.jpg\" alt=\"\" width=\"300\" height=\"200\" srcset=\"https:\/\/www.santaritadopassaquatro.sp.gov.br\/portal\/wp-content\/uploads\/2020\/03\/Vacina_drive_thru-300x200.jpg 300w, https:\/\/www.santaritadopassaquatro.sp.gov.br\/portal\/wp-content\/uploads\/2020\/03\/Vacina_drive_thru-768x512.jpg 768w, https:\/\/www.santaritadopassaquatro.sp.gov.br\/portal\/wp-content\/uploads\/2020\/03\/Vacina_drive_thru-1024x683.jpg 1024w\" sizes=\"(max-width: 300px) 100vw, 300px\" \/><figcaption id=\"caption-attachment-3647\" class=\"wp-caption-text\"><span style=\"font-size: 8pt;\"><em><span style=\"color: #999999;\"><strong>No sistema \u201cdrive thru\u201d, a vacina\u00e7\u00e3o ocorreu tamb\u00e9m no centro da cidade, na ter\u00e7a-feira (AssCom\/Divulga\u00e7\u00e3o)<\/strong><\/span><\/em><\/span><\/figcaption><\/figure>\n<p>Equipes do PSF Dulce Rodrigues de Campos, em Santa Cruz da Estrela, e PSF Miguel Bello, no Jardim S\u00e3o Luiz, vacinaram idosos em suas pr\u00f3prias resid\u00eancias pelos agentes do Programa Sa\u00fade da Fam\u00edlia, por\u00e9m o n\u00famero de vacinados ainda n\u00e3o foi contabilizado nesta parcial. Tamb\u00e9m ainda n\u00e3o foram somados, os profissionais vacinados que atuam na Santa Casa de Miseric\u00f3rdia. Estima-se que at\u00e9 o encerramento da semana, as 3600 doses dispon\u00edveis no munic\u00edpio j\u00e1 tenham sido aplicadas.<\/p>\n<p>O n\u00famero de vacinas aplicadas nestes quatro dias superou todas as expectativas \u2013 em compara\u00e7\u00e3o, em 2019 foram vacinadas 4 mil pessoas, no total da campanha, dentro dos dois grupos de risco \u2013 e as doses se esgotaram antes do tempo. Agora, o Departamento Municipal de Sa\u00fade aguarda a libera\u00e7\u00e3o de novas doses por parte do Minist\u00e9rio. A previs\u00e3o \u00e9 deque 5 mil idosos e 800 profissionais de sa\u00fade em Santa Rita sejam vacinados este ano.<\/p>\n<p>&nbsp;<\/p>\n<p><strong>ATENCIPA\u00c7\u00c3O<\/strong><\/p>\n<p>Prevista para iniciar na segunda quinzena de abril, campanha foi antecipada pelo Minist\u00e9rio da Sa\u00fade, em fun\u00e7\u00e3o do coronav\u00edrus. De acordo com o governo federal, a antecipa\u00e7\u00e3o tem dois principais motivos: facilitar e acelerar o diagn\u00f3stico da s\u00edndrome respirat\u00f3ria covid-19, causada pelo novo coronav\u00edrus, e evitar que o sistema de sa\u00fade fique sobrecarregado.<\/p>\n<p>A vacina contra a gripe n\u00e3o protege contra o novo coronav\u00edrus, mas, sim, contra tipos de influenza (fam\u00edlia \u00e0 qual pertence o H1N1). E justamente por isso pode ajudar no diagn\u00f3stico por elimina\u00e7\u00e3o dos profissionais de sa\u00fade com suspeita de covid-19.<\/p>\n<p>Isso porque essas doen\u00e7as contempladas pela vacina ser\u00e3o descartadas na triagem de pacientes que chegarem \u00e0s unidades de sa\u00fade com sintomas gripais e informarem j\u00e1 ter sido imunizados.<\/p>\n<p>O segundo aspecto diz respeito ao fato de que o n\u00famero de pessoas com s\u00edndromes gripais seria muito maior se n\u00e3o fosse promovida a campanha de vacina\u00e7\u00e3o. Haveria, portanto, muito mais gente ocupando o sistema de sa\u00fade.<\/p>\n<p>&nbsp;<\/p>\n<p><strong>CALEND\u00c1RIO DA CAMPANHA<\/strong><\/p>\n<p>No dia 16 de abril a campanha come\u00e7a a atender professores e profissionais de seguran\u00e7a e salvamento. De 9 de maio em diante ser\u00e1 a vez das crian\u00e7as de 6 meses a menores de 6 anos, doentes cr\u00f4nicos, pessoas com 55 anos ou mais, gr\u00e1vidas, m\u00e3es no p\u00f3s parto, popula\u00e7\u00e3o ind\u00edgena e portadores de condi\u00e7\u00f5es especiais.<\/p>\n<p>&nbsp;<\/p>\n<p>&nbsp;<\/p>\n<p>&nbsp;<\/p>\n","protected":false},"excerpt":{"rendered":"<p>&nbsp; Departamento Municipal de Sa\u00fade agora aguarda a libera\u00e7\u00e3o de novas doses pelo Minist\u00e9rio da Sa\u00fade ainda para retomar a<\/p>\n","protected":false},"author":1,"featured_media":3647,"comment_status":"closed","ping_status":"open","sticky":false,"template":"","format":"standard","meta":{"footnotes":""},"categories":[40,58],"tags":[],"class_list":["post-3646","post","type-post","status-publish","format-standard","has-post-thumbnail","hentry","category-covid-19","category-health"],"_links":{"self":[{"href":"https:\/\/www.santaritadopassaquatro.sp.gov.br\/portal\/wp-json\/wp\/v2\/posts\/3646","targetHints":{"allow":["GET"]}}],"collection":[{"href":"https:\/\/www.santaritadopassaquatro.sp.gov.br\/portal\/wp-json\/wp\/v2\/posts"}],"about":[{"href":"https:\/\/www.santaritadopassaquatro.sp.gov.br\/portal\/wp-json\/wp\/v2\/types\/post"}],"author":[{"embeddable":true,"href":"https:\/\/www.santaritadopassaquatro.sp.gov.br\/portal\/wp-json\/wp\/v2\/users\/1"}],"replies":[{"embeddable":true,"href":"https:\/\/www.santaritadopassaquatro.sp.gov.br\/portal\/wp-json\/wp\/v2\/comments?post=3646"}],"version-history":[{"count":1,"href":"https:\/\/www.santaritadopassaquatro.sp.gov.br\/portal\/wp-json\/wp\/v2\/posts\/3646\/revisions"}],"predecessor-version":[{"id":3648,"href":"https:\/\/www.santaritadopassaquatro.sp.gov.br\/portal\/wp-json\/wp\/v2\/posts\/3646\/revisions\/3648"}],"wp:featuredmedia":[{"embeddable":true,"href":"https:\/\/www.santaritadopassaquatro.sp.gov.br\/portal\/wp-json\/wp\/v2\/media\/3647"}],"wp:attachment":[{"href":"https:\/\/www.santaritadopassaquatro.sp.gov.br\/portal\/wp-json\/wp\/v2\/media?parent=3646"}],"wp:term":[{"taxonomy":"category","embeddable":true,"href":"https:\/\/www.santaritadopassaquatro.sp.gov.br\/portal\/wp-json\/wp\/v2\/categories?post=3646"},{"taxonomy":"post_tag","embeddable":true,"href":"https:\/\/www.santaritadopassaquatro.sp.gov.br\/portal\/wp-json\/wp\/v2\/tags?post=3646"}],"curies":[{"name":"wp","href":"https:\/\/api.w.org\/{rel}","templated":true}]}}