{"id":3649,"date":"2020-03-28T11:10:02","date_gmt":"2020-03-28T14:10:02","guid":{"rendered":"http:\/\/www.santaritadopassaquatro.sp.gov.br\/portal\/?p=3649"},"modified":"2020-03-28T11:10:02","modified_gmt":"2020-03-28T14:10:02","slug":"gripe-com-mais-mil-doses-campanha-de-vacinacao-retorna-nesta-segunda-feira-em-santa-rita","status":"publish","type":"post","link":"https:\/\/www.santaritadopassaquatro.sp.gov.br\/portal\/gripe-com-mais-mil-doses-campanha-de-vacinacao-retorna-nesta-segunda-feira-em-santa-rita\/","title":{"rendered":"GRIPE:\u00a0Com mais mil doses, campanha de vacina\u00e7\u00e3o retorna nesta segunda-feira, em Santa Rita"},"content":{"rendered":"<p><strong><em>Novamente, idosos ser\u00e3o vacinados na EMEI Galdina Lima Segatto e na ETEC Manoel dos Reis Ara\u00fajo, a partir das 7h30 <\/em><\/strong><\/p>\n<p><strong><em>\u00a0<\/em><\/strong><\/p>\n<p>A Campanha Nacional de Vacina\u00e7\u00e3o Contra a Gripe para idosos (acima de 60 anos) e profissionais de sa\u00fade, retoma nesta segunda-feira (30\/3), em Santa Rita do Passa Quatro. Depois de atender mais de 3000 pessoas em quatro dias, a a\u00e7\u00e3o foi suspensa na sexta-feira (27\/3), quando as doses disponibilizadas pelo Minist\u00e9rio da Sa\u00fade se esgotaram. No final da tarde de sexta-feira, o Departamento Municipal de Sa\u00fade recebeu mais mil doses que permitir\u00e3o a retomada da campanha.<\/p>\n<p>A vacina\u00e7\u00e3o para idosos mais uma ser\u00e1 realizada na EMEI Galdina Lima Segatto e na ETEC Manoel dos Reis Ara\u00fajo (Escola Agr\u00edcola), com apoio dos alunos do curso t\u00e9cnico em enfermagem, a partir das 7h30.<\/p>\n<p>O n\u00famero de vacinas aplicadas nos quatro primeiros dias da campanha superou todas as expectativas \u2013 em compara\u00e7\u00e3o, em 2019 foram vacinadas 4 mil pessoas, no total da campanha, dentro dos dois grupos de risco \u2013 e as doses se esgotaram antes do tempo. A previs\u00e3o \u00e9 deque 5 mil idosos e 800 profissionais de sa\u00fade em Santa Rita sejam vacinados este ano.<\/p>\n<p>&nbsp;<\/p>\n<p><strong>ATENCIPA\u00c7\u00c3O<\/strong><\/p>\n<p>Prevista para iniciar na segunda quinzena de abril, campanha foi antecipada pelo Minist\u00e9rio da Sa\u00fade, em fun\u00e7\u00e3o do coronav\u00edrus. De acordo com o governo federal, a antecipa\u00e7\u00e3o tem dois principais motivos: facilitar e acelerar o diagn\u00f3stico da s\u00edndrome respirat\u00f3ria covid-19, causada pelo novo coronav\u00edrus, e evitar que o sistema de sa\u00fade fique sobrecarregado.<\/p>\n<p>A vacina contra a gripe n\u00e3o protege contra o novo coronav\u00edrus, mas, sim, contra tipos de influenza (fam\u00edlia \u00e0 qual pertence o H1N1). E justamente por isso pode ajudar no diagn\u00f3stico por elimina\u00e7\u00e3o dos profissionais de sa\u00fade com suspeita de covid-19.<\/p>\n<p>Isso porque essas doen\u00e7as contempladas pela vacina ser\u00e3o descartadas na triagem de pacientes que chegarem \u00e0s unidades de sa\u00fade com sintomas gripais e informarem j\u00e1 ter sido imunizados.<\/p>\n<p>O segundo aspecto diz respeito ao fato de que o n\u00famero de pessoas com s\u00edndromes gripais seria muito maior se n\u00e3o fosse promovida a campanha de vacina\u00e7\u00e3o. Haveria, portanto, muito mais gente ocupando o sistema de sa\u00fade.<\/p>\n<p>&nbsp;<\/p>\n<p><strong>CALEND\u00c1RIO DA CAMPANHA<\/strong><\/p>\n<p>No dia 16 de abril a campanha come\u00e7a a atender professores e profissionais de seguran\u00e7a e salvamento. De 9 de maio em diante ser\u00e1 a vez das crian\u00e7as de 6 meses a menores de 6 anos, doentes cr\u00f4nicos, pessoas com 55 anos ou mais, gr\u00e1vidas, m\u00e3es no p\u00f3s parto, popula\u00e7\u00e3o ind\u00edgena e portadores de condi\u00e7\u00f5es especiais.<\/p>\n","protected":false},"excerpt":{"rendered":"<p>Novamente, idosos ser\u00e3o vacinados na EMEI Galdina Lima Segatto e na ETEC Manoel dos Reis Ara\u00fajo, a partir das 7h30<\/p>\n","protected":false},"author":1,"featured_media":3650,"comment_status":"closed","ping_status":"open","sticky":false,"template":"","format":"standard","meta":{"footnotes":""},"categories":[40,52,58],"tags":[],"class_list":["post-3649","post","type-post","status-publish","format-standard","has-post-thumbnail","hentry","category-covid-19","category-latest","category-health"],"_links":{"self":[{"href":"https:\/\/www.santaritadopassaquatro.sp.gov.br\/portal\/wp-json\/wp\/v2\/posts\/3649","targetHints":{"allow":["GET"]}}],"collection":[{"href":"https:\/\/www.santaritadopassaquatro.sp.gov.br\/portal\/wp-json\/wp\/v2\/posts"}],"about":[{"href":"https:\/\/www.santaritadopassaquatro.sp.gov.br\/portal\/wp-json\/wp\/v2\/types\/post"}],"author":[{"embeddable":true,"href":"https:\/\/www.santaritadopassaquatro.sp.gov.br\/portal\/wp-json\/wp\/v2\/users\/1"}],"replies":[{"embeddable":true,"href":"https:\/\/www.santaritadopassaquatro.sp.gov.br\/portal\/wp-json\/wp\/v2\/comments?post=3649"}],"version-history":[{"count":1,"href":"https:\/\/www.santaritadopassaquatro.sp.gov.br\/portal\/wp-json\/wp\/v2\/posts\/3649\/revisions"}],"predecessor-version":[{"id":3651,"href":"https:\/\/www.santaritadopassaquatro.sp.gov.br\/portal\/wp-json\/wp\/v2\/posts\/3649\/revisions\/3651"}],"wp:featuredmedia":[{"embeddable":true,"href":"https:\/\/www.santaritadopassaquatro.sp.gov.br\/portal\/wp-json\/wp\/v2\/media\/3650"}],"wp:attachment":[{"href":"https:\/\/www.santaritadopassaquatro.sp.gov.br\/portal\/wp-json\/wp\/v2\/media?parent=3649"}],"wp:term":[{"taxonomy":"category","embeddable":true,"href":"https:\/\/www.santaritadopassaquatro.sp.gov.br\/portal\/wp-json\/wp\/v2\/categories?post=3649"},{"taxonomy":"post_tag","embeddable":true,"href":"https:\/\/www.santaritadopassaquatro.sp.gov.br\/portal\/wp-json\/wp\/v2\/tags?post=3649"}],"curies":[{"name":"wp","href":"https:\/\/api.w.org\/{rel}","templated":true}]}}