{"id":3656,"date":"2020-04-03T15:39:56","date_gmt":"2020-04-03T18:39:56","guid":{"rendered":"http:\/\/www.santaritadopassaquatro.sp.gov.br\/portal\/?p=3656"},"modified":"2020-04-03T15:44:23","modified_gmt":"2020-04-03T18:44:23","slug":"santa-rita-registra-229-casos-confirmados-e-dengue-continua-sendo-preocupacao","status":"publish","type":"post","link":"https:\/\/www.santaritadopassaquatro.sp.gov.br\/portal\/santa-rita-registra-229-casos-confirmados-e-dengue-continua-sendo-preocupacao\/","title":{"rendered":"Santa Rita registra 229 casos confirmados e dengue continua sendo preocupa\u00e7\u00e3o"},"content":{"rendered":"<p><strong><em>Ao todo s\u00e3o 330 notifica\u00e7\u00f5es da doen\u00e7a, que segue avan\u00e7ando e pode se tornar um agravante ainda maior diante da pandemia de Covid-19<\/em><\/strong><\/p>\n<p><strong><em>\u00a0<\/em><\/strong><\/p>\n<p>Mesmo em tempos de Covid-19 (novo coronav\u00edrus), a dengue continua sendo preocupa\u00e7\u00e3o para o setor de Sa\u00fade. Os casos de doen\u00e7a continuam aumentando em Santa Rita do Passa Quatro. At\u00e9 esta quinta-feira (2\/4) o Departamento Municipal de Sa\u00fade contabilizou 229 casos confirmados da doen\u00e7a, em 330 notifica\u00e7\u00f5es, das quais 86 j\u00e1 foram negativadas.<\/p>\n<p>Desde o in\u00edcio do m\u00eas, quando o n\u00famero de casos superou os 80, n\u00e3o s\u00e3o mais realizados exames e para confirmar a doen\u00e7a, basta o diagn\u00f3stico cl\u00ednico, isso ocorre para que o paciente possa iniciar o tratamento o quanto antes.<\/p>\n<p>Os agentes de controle de vetores, da Vigil\u00e2ncia Epidemiol\u00f3gica Municipal, est\u00e3o nas ruas em trabalho intenso de orienta\u00e7\u00e3o, preven\u00e7\u00e3o e combate. Por lei, a popula\u00e7\u00e3o deve garantir acesso aos agentes \u00e0s resid\u00eancias. Nos locais onde forem encontrados \u00e1gua parada ou larvas o propriet\u00e1rio ou morador ir\u00e1 receber uma notifica\u00e7\u00e3o e, em caso de reincid\u00eancia, poder\u00e1 tamb\u00e9m ser multado, de acordo com a Lei 2964\/2011. A multa \u00e9 de 5 Valores de Refer\u00eancia, que pode ultrapassar os R$ 600,00.<\/p>\n<p>&nbsp;<\/p>\n<p><strong>SINTOMAS E FATALIDADE<\/strong><\/p>\n<p>Al\u00e9m de eliminar os prov\u00e1veis focos de prolifera\u00e7\u00e3o do mosquito, evitando deixar expostos materiais que possam acumular \u00e1gua parada, as pessoas devem ficar atentas aos sintomas da doen\u00e7a, como febre alta (39\u00b0 a 40\u00b0C), dores de cabe\u00e7a, cansa\u00e7o, dor muscular e nas articula\u00e7\u00f5es, indisposi\u00e7\u00e3o, enjoos, v\u00f4mitos, entre outros. No caso da dengue hemorr\u00e1gica, pode aparecer sangramento de pequenos vasos da pele e outros \u00f3rg\u00e3os e ainda tonturas por causa da queda na press\u00e3o arterial.<\/p>\n<p>Se algum sintoma for identificado, a pessoa deve procurar por uma das Unidades B\u00e1sicas de Sa\u00fade (Postinhos) ou a Santa Casa, que est\u00e1 montando uma sala exclusiva de atendimento, com a triagem de poss\u00edveis casos.<\/p>\n<p>A dengue pode levar a morte pessoas com comorbidades (enfermidades que predisp\u00f5em o paciente a desenvolver outras doen\u00e7as).<\/p>\n<p><strong>\u00a0<\/strong><\/p>\n","protected":false},"excerpt":{"rendered":"<p>Ao todo s\u00e3o 330 notifica\u00e7\u00f5es da doen\u00e7a, que segue avan\u00e7ando e pode se tornar um agravante ainda maior diante da<\/p>\n","protected":false},"author":1,"featured_media":3290,"comment_status":"closed","ping_status":"open","sticky":false,"template":"","format":"standard","meta":{"footnotes":""},"categories":[40,52,58],"tags":[],"class_list":["post-3656","post","type-post","status-publish","format-standard","has-post-thumbnail","hentry","category-covid-19","category-latest","category-health"],"_links":{"self":[{"href":"https:\/\/www.santaritadopassaquatro.sp.gov.br\/portal\/wp-json\/wp\/v2\/posts\/3656","targetHints":{"allow":["GET"]}}],"collection":[{"href":"https:\/\/www.santaritadopassaquatro.sp.gov.br\/portal\/wp-json\/wp\/v2\/posts"}],"about":[{"href":"https:\/\/www.santaritadopassaquatro.sp.gov.br\/portal\/wp-json\/wp\/v2\/types\/post"}],"author":[{"embeddable":true,"href":"https:\/\/www.santaritadopassaquatro.sp.gov.br\/portal\/wp-json\/wp\/v2\/users\/1"}],"replies":[{"embeddable":true,"href":"https:\/\/www.santaritadopassaquatro.sp.gov.br\/portal\/wp-json\/wp\/v2\/comments?post=3656"}],"version-history":[{"count":1,"href":"https:\/\/www.santaritadopassaquatro.sp.gov.br\/portal\/wp-json\/wp\/v2\/posts\/3656\/revisions"}],"predecessor-version":[{"id":3657,"href":"https:\/\/www.santaritadopassaquatro.sp.gov.br\/portal\/wp-json\/wp\/v2\/posts\/3656\/revisions\/3657"}],"wp:featuredmedia":[{"embeddable":true,"href":"https:\/\/www.santaritadopassaquatro.sp.gov.br\/portal\/wp-json\/wp\/v2\/media\/3290"}],"wp:attachment":[{"href":"https:\/\/www.santaritadopassaquatro.sp.gov.br\/portal\/wp-json\/wp\/v2\/media?parent=3656"}],"wp:term":[{"taxonomy":"category","embeddable":true,"href":"https:\/\/www.santaritadopassaquatro.sp.gov.br\/portal\/wp-json\/wp\/v2\/categories?post=3656"},{"taxonomy":"post_tag","embeddable":true,"href":"https:\/\/www.santaritadopassaquatro.sp.gov.br\/portal\/wp-json\/wp\/v2\/tags?post=3656"}],"curies":[{"name":"wp","href":"https:\/\/api.w.org\/{rel}","templated":true}]}}