{"id":3661,"date":"2020-04-03T15:43:39","date_gmt":"2020-04-03T18:43:39","guid":{"rendered":"http:\/\/www.santaritadopassaquatro.sp.gov.br\/portal\/?p=3661"},"modified":"2020-04-03T15:43:39","modified_gmt":"2020-04-03T18:43:39","slug":"covid-19-prefeitura-e-santa-casa-encaminha-mais-tres-respiradores-para-conserto","status":"publish","type":"post","link":"https:\/\/www.santaritadopassaquatro.sp.gov.br\/portal\/covid-19-prefeitura-e-santa-casa-encaminha-mais-tres-respiradores-para-conserto\/","title":{"rendered":"COVID-19:\u00a0Prefeitura e Santa Casa encaminha mais tr\u00eas respiradores para conserto"},"content":{"rendered":"<p><strong><em>Parceria com o Senai, dever\u00e1 ampliar a capacidade de atendimento do hospital santa-ritense <\/em><\/strong><\/p>\n<p><strong><em>\u00a0<\/em><\/strong><\/p>\n<figure id=\"attachment_3664\" aria-describedby=\"caption-attachment-3664\" style=\"width: 300px\" class=\"wp-caption alignleft\"><img decoding=\"async\" class=\"wp-image-3664 size-medium\" src=\"http:\/\/www.santaritadopassaquatro.sp.gov.br\/portal\/wp-content\/uploads\/2020\/04\/IMG_6638-300x200.jpg\" alt=\"\" width=\"300\" height=\"200\" srcset=\"https:\/\/www.santaritadopassaquatro.sp.gov.br\/portal\/wp-content\/uploads\/2020\/04\/IMG_6638-300x200.jpg 300w, https:\/\/www.santaritadopassaquatro.sp.gov.br\/portal\/wp-content\/uploads\/2020\/04\/IMG_6638-768x512.jpg 768w, https:\/\/www.santaritadopassaquatro.sp.gov.br\/portal\/wp-content\/uploads\/2020\/04\/IMG_6638-1024x683.jpg 1024w\" sizes=\"(max-width: 300px) 100vw, 300px\" \/><figcaption id=\"caption-attachment-3664\" class=\"wp-caption-text\"><span style=\"color: #999999;\"><strong><em>Respiradores que foram encaminhados para reparos (AssCom\/Divulga\u00e7\u00e3o) <\/em><\/strong><\/span><\/figcaption><\/figure>\n<p>Prefeitura e Santa Casa de Miseric\u00f3rdia de Santa Rita do Passa Quatro est\u00e3o unidas e empenhadas na preven\u00e7\u00e3o e combate ao Covid-19 (novo coronav\u00edrus) no munic\u00edpio. Al\u00e9m da nova ala de atendimento, que est\u00e1 sendo preparada com apoio da iniciativa privada, nesta quinta-feira (2\/4), a prefeitura e a entidade encaminharam para Araraquara (SP) mais tr\u00eas aparelhos respiradores para conserto.<\/p>\n<p>Os equipamentos foram encaminhados para o Senai (Servi\u00e7o Nacional de Aprendizagem Industrial) de S\u00e3o Paulo, por meio de seu n\u00facleo Odonto-M\u00e9dico-Hospitalar, que est\u00e1 consertando respiradores hospitalares artificiais, equipamentos essenciais no tratamento dos casos mais graves da Covid-19<\/p>\n<p>Ao tomar conhecimento do programa do Senai, o Leandro Luciano dos Santos imediatamente entrou em contato com o diretor cl\u00ednico, Dr. Luis Oct\u00e1vio Baldin Caltran, diretor administrativo da Santa Casa, Rafael Romantini, oferecendo a parceria para poder encaminhar os respiradores ao Senai de Araraquara, de onde ser\u00e3o encaminhados para os devidos reparos.<\/p>\n<p>O conserto n\u00e3o ter\u00e1 custos para a Entidade e o transporte at\u00e9 Araraquara foi realizado em ve\u00edculo da prefeitura. A expectativa \u00e9 de que em 15 dias os equipamentos estejam prontos para atender a popula\u00e7\u00e3o. A Santa Casa j\u00e1 disp\u00f5e de cinco respiradores e somando os tr\u00eas consertados, ser\u00e3o oito no total, ampliando a capacidade de atendimento em caso de surto da doen\u00e7a no munic\u00edpio.<\/p>\n<p>\u201cCom isso aumentaremos nossos equipamentos para cada vez mais deixar nossa Santa Casa preparada e pronta para combater o Covid 19\u201d, disse o prefeito. \u201cE o melhor, sempre com parceiras e sem custos para nossa entidade\u201d, completou. \u201cUnidos venceremos essa guerra\u201d, concluiu.<\/p>\n<p>&nbsp;<\/p>\n","protected":false},"excerpt":{"rendered":"<p>Parceria com o Senai, dever\u00e1 ampliar a capacidade de atendimento do hospital santa-ritense \u00a0 Prefeitura e Santa Casa de Miseric\u00f3rdia<\/p>\n","protected":false},"author":1,"featured_media":3663,"comment_status":"closed","ping_status":"open","sticky":false,"template":"","format":"standard","meta":{"footnotes":""},"categories":[40,52,58],"tags":[],"class_list":["post-3661","post","type-post","status-publish","format-standard","has-post-thumbnail","hentry","category-covid-19","category-latest","category-health"],"_links":{"self":[{"href":"https:\/\/www.santaritadopassaquatro.sp.gov.br\/portal\/wp-json\/wp\/v2\/posts\/3661","targetHints":{"allow":["GET"]}}],"collection":[{"href":"https:\/\/www.santaritadopassaquatro.sp.gov.br\/portal\/wp-json\/wp\/v2\/posts"}],"about":[{"href":"https:\/\/www.santaritadopassaquatro.sp.gov.br\/portal\/wp-json\/wp\/v2\/types\/post"}],"author":[{"embeddable":true,"href":"https:\/\/www.santaritadopassaquatro.sp.gov.br\/portal\/wp-json\/wp\/v2\/users\/1"}],"replies":[{"embeddable":true,"href":"https:\/\/www.santaritadopassaquatro.sp.gov.br\/portal\/wp-json\/wp\/v2\/comments?post=3661"}],"version-history":[{"count":1,"href":"https:\/\/www.santaritadopassaquatro.sp.gov.br\/portal\/wp-json\/wp\/v2\/posts\/3661\/revisions"}],"predecessor-version":[{"id":3665,"href":"https:\/\/www.santaritadopassaquatro.sp.gov.br\/portal\/wp-json\/wp\/v2\/posts\/3661\/revisions\/3665"}],"wp:featuredmedia":[{"embeddable":true,"href":"https:\/\/www.santaritadopassaquatro.sp.gov.br\/portal\/wp-json\/wp\/v2\/media\/3663"}],"wp:attachment":[{"href":"https:\/\/www.santaritadopassaquatro.sp.gov.br\/portal\/wp-json\/wp\/v2\/media?parent=3661"}],"wp:term":[{"taxonomy":"category","embeddable":true,"href":"https:\/\/www.santaritadopassaquatro.sp.gov.br\/portal\/wp-json\/wp\/v2\/categories?post=3661"},{"taxonomy":"post_tag","embeddable":true,"href":"https:\/\/www.santaritadopassaquatro.sp.gov.br\/portal\/wp-json\/wp\/v2\/tags?post=3661"}],"curies":[{"name":"wp","href":"https:\/\/api.w.org\/{rel}","templated":true}]}}