{"id":3678,"date":"2020-04-08T16:30:08","date_gmt":"2020-04-08T19:30:08","guid":{"rendered":"http:\/\/www.santaritadopassaquatro.sp.gov.br\/portal\/?p=3678"},"modified":"2020-04-08T16:35:43","modified_gmt":"2020-04-08T19:35:43","slug":"gripe-campanha-de-vacinacao-em-santa-rita-comeca-atender-doentes-cronicos","status":"publish","type":"post","link":"https:\/\/www.santaritadopassaquatro.sp.gov.br\/portal\/gripe-campanha-de-vacinacao-em-santa-rita-comeca-atender-doentes-cronicos\/","title":{"rendered":"GRIPE\u00a0Campanha de vacina\u00e7\u00e3o em Santa Rita come\u00e7a atender doentes cr\u00f4nicos"},"content":{"rendered":"<p><strong><em>Pessoas com as chamadas comorbidades est\u00e3o sendo vacinadas na EMEI Galdina Lima Segatto no hor\u00e1rio das 7h30 \u00e0s 13h30<\/em><\/strong><\/p>\n<p><strong><em>\u00a0<\/em><\/strong><\/p>\n<p>A Campanha Nacional de Vacina\u00e7\u00e3o Contra a Gripe em Santa Rita do Passa Quatro come\u00e7ou esta semana a atender tamb\u00e9m mais um grupo de risco. Desde a \u00faltima ter\u00e7a-feira (7\/8), pessoas com comorbidades est\u00e3o sendo vacinadas no EMEI Profa. Galdina Lima Segatto.<\/p>\n<p>A vacina\u00e7\u00e3o continua nesta segunda-feira (11\/4), no hor\u00e1rio das 7h30 \u00e0s 13h30. Podem ser vacinadas pessoas com doen\u00e7as respirat\u00f3rias, card\u00edacas, renais, hep\u00e1ticas e neurol\u00f3gicas cr\u00f4nicas, al\u00e9m de portadores de diabetes, obesidades, imunossupress\u00e3o, transplantados e trossomias (s\u00edndrome de down).<\/p>\n<p>A campanha iniciou no \u00faltimo dia 23 de mar\u00e7o, segunda-feira, e desde ent\u00e3o j\u00e1 vacinou 5.045 pessoas no munic\u00edpio, sendo 4164 idosos (acima de 60 anos), 696 trabalhadores da sa\u00fade e 185 pessoas com comorbidades, de acordo com dados do Departamento Municipal de Sa\u00fade.<\/p>\n<p>Al\u00e9m da EMEI Galdina Lima Segatto, a vacina\u00e7\u00e3o tamb\u00e9m ocorreu na ETEC Manoel dos Reis Ara\u00fajo (Escola Agr\u00edcola), em drive thru (nos carros) no centro da cidade, e nas resid\u00eancias das \u00e1reas de cobertura do PSF Miguel Bello (Jardim S\u00e3o Luiz), e PSF Dulce Rodrigues de Campos, em Santa Cruz da Estrela.<\/p>\n<p>&nbsp;<\/p>\n<p><strong>ATENCIPA\u00c7\u00c3O<\/strong><\/p>\n<p>Prevista para iniciar na segunda quinzena de abril, campanha foi antecipada pelo Minist\u00e9rio da Sa\u00fade, em fun\u00e7\u00e3o do coronav\u00edrus. De acordo com o governo federal, a antecipa\u00e7\u00e3o tem dois principais motivos: facilitar e acelerar o diagn\u00f3stico da s\u00edndrome respirat\u00f3ria covid-19, causada pelo novo coronav\u00edrus, e evitar que o sistema de sa\u00fade fique sobrecarregado.<\/p>\n<p>A vacina contra a gripe n\u00e3o protege contra o novo coronav\u00edrus, mas, sim, contra tipos de influenza (fam\u00edlia \u00e0 qual pertence o H1N1). E justamente por isso pode ajudar no diagn\u00f3stico por elimina\u00e7\u00e3o dos profissionais de sa\u00fade com suspeita de covid-19.<\/p>\n<p>&nbsp;<\/p>\n<p>&nbsp;<\/p>\n","protected":false},"excerpt":{"rendered":"<p>Pessoas com as chamadas comorbidades est\u00e3o sendo vacinadas na EMEI Galdina Lima Segatto no hor\u00e1rio das 7h30 \u00e0s 13h30 \u00a0<\/p>\n","protected":false},"author":1,"featured_media":3680,"comment_status":"closed","ping_status":"open","sticky":false,"template":"","format":"standard","meta":{"footnotes":""},"categories":[40,52,58],"tags":[],"class_list":["post-3678","post","type-post","status-publish","format-standard","has-post-thumbnail","hentry","category-covid-19","category-latest","category-health"],"_links":{"self":[{"href":"https:\/\/www.santaritadopassaquatro.sp.gov.br\/portal\/wp-json\/wp\/v2\/posts\/3678","targetHints":{"allow":["GET"]}}],"collection":[{"href":"https:\/\/www.santaritadopassaquatro.sp.gov.br\/portal\/wp-json\/wp\/v2\/posts"}],"about":[{"href":"https:\/\/www.santaritadopassaquatro.sp.gov.br\/portal\/wp-json\/wp\/v2\/types\/post"}],"author":[{"embeddable":true,"href":"https:\/\/www.santaritadopassaquatro.sp.gov.br\/portal\/wp-json\/wp\/v2\/users\/1"}],"replies":[{"embeddable":true,"href":"https:\/\/www.santaritadopassaquatro.sp.gov.br\/portal\/wp-json\/wp\/v2\/comments?post=3678"}],"version-history":[{"count":1,"href":"https:\/\/www.santaritadopassaquatro.sp.gov.br\/portal\/wp-json\/wp\/v2\/posts\/3678\/revisions"}],"predecessor-version":[{"id":3679,"href":"https:\/\/www.santaritadopassaquatro.sp.gov.br\/portal\/wp-json\/wp\/v2\/posts\/3678\/revisions\/3679"}],"wp:featuredmedia":[{"embeddable":true,"href":"https:\/\/www.santaritadopassaquatro.sp.gov.br\/portal\/wp-json\/wp\/v2\/media\/3680"}],"wp:attachment":[{"href":"https:\/\/www.santaritadopassaquatro.sp.gov.br\/portal\/wp-json\/wp\/v2\/media?parent=3678"}],"wp:term":[{"taxonomy":"category","embeddable":true,"href":"https:\/\/www.santaritadopassaquatro.sp.gov.br\/portal\/wp-json\/wp\/v2\/categories?post=3678"},{"taxonomy":"post_tag","embeddable":true,"href":"https:\/\/www.santaritadopassaquatro.sp.gov.br\/portal\/wp-json\/wp\/v2\/tags?post=3678"}],"curies":[{"name":"wp","href":"https:\/\/api.w.org\/{rel}","templated":true}]}}