{"id":3681,"date":"2020-04-08T16:39:44","date_gmt":"2020-04-08T19:39:44","guid":{"rendered":"http:\/\/www.santaritadopassaquatro.sp.gov.br\/portal\/?p=3681"},"modified":"2020-04-08T16:39:44","modified_gmt":"2020-04-08T19:39:44","slug":"covid-19-sta-rita-recebe-doacao-de-130-protetores-faciais-para-profissionais-de-saude","status":"publish","type":"post","link":"https:\/\/www.santaritadopassaquatro.sp.gov.br\/portal\/covid-19-sta-rita-recebe-doacao-de-130-protetores-faciais-para-profissionais-de-saude\/","title":{"rendered":"COVID-19\u00a0Sta. Rita recebe doa\u00e7\u00e3o de 130 protetores faciais para profissionais de sa\u00fade"},"content":{"rendered":"<p><strong><em>Material foi doado por empresa fabricante de EPI localizada em Mogi Mirim e j\u00e1 foi entregue para a Santa Casa <\/em><\/strong><\/p>\n<p><strong><em>\u00a0<\/em><\/strong><\/p>\n<figure id=\"attachment_3684\" aria-describedby=\"caption-attachment-3684\" style=\"width: 300px\" class=\"wp-caption alignleft\"><img decoding=\"async\" class=\"wp-image-3684 size-medium\" src=\"http:\/\/www.santaritadopassaquatro.sp.gov.br\/portal\/wp-content\/uploads\/2020\/04\/protetor02-300x225.jpeg\" alt=\"\" width=\"300\" height=\"225\" srcset=\"https:\/\/www.santaritadopassaquatro.sp.gov.br\/portal\/wp-content\/uploads\/2020\/04\/protetor02-300x225.jpeg 300w, https:\/\/www.santaritadopassaquatro.sp.gov.br\/portal\/wp-content\/uploads\/2020\/04\/protetor02-768x576.jpeg 768w, https:\/\/www.santaritadopassaquatro.sp.gov.br\/portal\/wp-content\/uploads\/2020\/04\/protetor02-1024x768.jpeg 1024w, https:\/\/www.santaritadopassaquatro.sp.gov.br\/portal\/wp-content\/uploads\/2020\/04\/protetor02.jpeg 1280w\" sizes=\"(max-width: 300px) 100vw, 300px\" \/><figcaption id=\"caption-attachment-3684\" class=\"wp-caption-text\"><span style=\"font-size: 8pt; color: #999999;\"><em><strong>Motorista da prefeitura e o diretor da empresa em Mogi Mirim durante a doa\u00e7\u00e3o do equipamento (Divulga\u00e7\u00e3o)<\/strong><\/em><\/span><\/figcaption><\/figure>\n<p>Preven\u00e7\u00e3o e combate ao Covid-19 (novo coronav\u00edrus) em Santa Rita do Passa Quatro ganhou um grande refor\u00e7o nesta semana, com a doa\u00e7\u00e3o de 130 protetores faciais para profissionais de sa\u00fade. A doa\u00e7\u00e3o feita pela empresa Cortag Ind\u00fastria e Com\u00e9rcio Ltda, de Mogi Mirim, fabricante de equipamentos para constru\u00e7\u00e3o civil, incluindo EPIs (equipamento de prote\u00e7\u00e3o individual) aconteceu por inciativa popular.<\/p>\n<figure id=\"attachment_3682\" aria-describedby=\"caption-attachment-3682\" style=\"width: 300px\" class=\"wp-caption alignright\"><img decoding=\"async\" class=\"wp-image-3682 size-medium\" src=\"http:\/\/www.santaritadopassaquatro.sp.gov.br\/portal\/wp-content\/uploads\/2020\/04\/protetor04-300x142.jpeg\" alt=\"\" width=\"300\" height=\"142\" srcset=\"https:\/\/www.santaritadopassaquatro.sp.gov.br\/portal\/wp-content\/uploads\/2020\/04\/protetor04-300x142.jpeg 300w, https:\/\/www.santaritadopassaquatro.sp.gov.br\/portal\/wp-content\/uploads\/2020\/04\/protetor04-768x364.jpeg 768w, https:\/\/www.santaritadopassaquatro.sp.gov.br\/portal\/wp-content\/uploads\/2020\/04\/protetor04-1024x485.jpeg 1024w, https:\/\/www.santaritadopassaquatro.sp.gov.br\/portal\/wp-content\/uploads\/2020\/04\/protetor04.jpeg 1152w\" sizes=\"(max-width: 300px) 100vw, 300px\" \/><figcaption id=\"caption-attachment-3682\" class=\"wp-caption-text\"><span style=\"font-size: 8pt; color: #999999;\"><em><strong>Profissionais da Santa Casa j\u00e1 com os protetores doados que ser\u00e3o \u00fateis no combate e preven\u00e7\u00e3o ao Covid-19 (Divulga\u00e7\u00e3o)<\/strong><\/em><\/span><\/figcaption><\/figure>\n<p>Na segunda-feira (6\/4), o engenheiro e professor Arquelau Maestrello Zord\u00e3o procurou a prefeitura relatando que seu sobrinho Leandro Pizetta, que \u00e9 um dos diretores da empresa, estava oferecendo a doa\u00e7\u00e3o. No mesmo momento, o prefeito Leandro Luciano dos Santos entrou em contato com a Santa Casa e ofereceu transporte e motorista da prefeitura para ir buscar o equipamento na ter\u00e7a-feira (8\/4), e no mesmo dia os protetores j\u00e1 foram entregues ao hospital.<\/p>\n<p>\u201cEm momentos de crise que encontramos pessoas que realmente querem ajudar\u201d, disse o prefeito. \u201cAgrade\u00e7o, em nome da popula\u00e7\u00e3o, ao Arquelau e ao Leandro pela doa\u00e7\u00e3o\u201d, concluiu. O prefeito tamb\u00e9m refor\u00e7ou a orienta\u00e7\u00e3o para a popula\u00e7\u00e3o mantenha-se em do isolamento social.<\/p>\n<p>&nbsp;<\/p>\n<p><strong>A\u00c7\u00d5ES<\/strong><\/p>\n<p>A parceria entre a Prefeitura e Santa Casa em combate ao Covid-19 tem contado com v\u00e1rias colabora\u00e7\u00f5es. Com apoio do com\u00e9rcio, uma ala do hospital santa-ritense est\u00e1 sendo preparada para receber pacientes com suspeitas do novo coronav\u00edrus. Chamada de Grip\u00e1rio, a ala ter\u00e1 acesso independente da entrada principal da Santa Casa. Outra a\u00e7\u00e3o tomada, foi o encaminhamento de tr\u00eas respiradores para avalia\u00e7\u00e3o e reparos gratuitos no Senai Araraquara, atrav\u00e9s de um programa da institui\u00e7\u00e3o.<\/p>\n<p>&nbsp;<\/p>\n","protected":false},"excerpt":{"rendered":"<p>Material foi doado por empresa fabricante de EPI localizada em Mogi Mirim e j\u00e1 foi entregue para a Santa Casa<\/p>\n","protected":false},"author":1,"featured_media":3683,"comment_status":"closed","ping_status":"open","sticky":false,"template":"","format":"standard","meta":{"footnotes":""},"categories":[40,52,58],"tags":[],"class_list":["post-3681","post","type-post","status-publish","format-standard","has-post-thumbnail","hentry","category-covid-19","category-latest","category-health"],"_links":{"self":[{"href":"https:\/\/www.santaritadopassaquatro.sp.gov.br\/portal\/wp-json\/wp\/v2\/posts\/3681","targetHints":{"allow":["GET"]}}],"collection":[{"href":"https:\/\/www.santaritadopassaquatro.sp.gov.br\/portal\/wp-json\/wp\/v2\/posts"}],"about":[{"href":"https:\/\/www.santaritadopassaquatro.sp.gov.br\/portal\/wp-json\/wp\/v2\/types\/post"}],"author":[{"embeddable":true,"href":"https:\/\/www.santaritadopassaquatro.sp.gov.br\/portal\/wp-json\/wp\/v2\/users\/1"}],"replies":[{"embeddable":true,"href":"https:\/\/www.santaritadopassaquatro.sp.gov.br\/portal\/wp-json\/wp\/v2\/comments?post=3681"}],"version-history":[{"count":1,"href":"https:\/\/www.santaritadopassaquatro.sp.gov.br\/portal\/wp-json\/wp\/v2\/posts\/3681\/revisions"}],"predecessor-version":[{"id":3685,"href":"https:\/\/www.santaritadopassaquatro.sp.gov.br\/portal\/wp-json\/wp\/v2\/posts\/3681\/revisions\/3685"}],"wp:featuredmedia":[{"embeddable":true,"href":"https:\/\/www.santaritadopassaquatro.sp.gov.br\/portal\/wp-json\/wp\/v2\/media\/3683"}],"wp:attachment":[{"href":"https:\/\/www.santaritadopassaquatro.sp.gov.br\/portal\/wp-json\/wp\/v2\/media?parent=3681"}],"wp:term":[{"taxonomy":"category","embeddable":true,"href":"https:\/\/www.santaritadopassaquatro.sp.gov.br\/portal\/wp-json\/wp\/v2\/categories?post=3681"},{"taxonomy":"post_tag","embeddable":true,"href":"https:\/\/www.santaritadopassaquatro.sp.gov.br\/portal\/wp-json\/wp\/v2\/tags?post=3681"}],"curies":[{"name":"wp","href":"https:\/\/api.w.org\/{rel}","templated":true}]}}