{"id":3703,"date":"2020-04-17T15:36:46","date_gmt":"2020-04-17T18:36:46","guid":{"rendered":"http:\/\/www.santaritadopassaquatro.sp.gov.br\/portal\/?p=3703"},"modified":"2020-04-17T15:36:46","modified_gmt":"2020-04-17T18:36:46","slug":"prefeitura-adquire-pa-carregadeira-para-manutencao-do-municipio","status":"publish","type":"post","link":"https:\/\/www.santaritadopassaquatro.sp.gov.br\/portal\/prefeitura-adquire-pa-carregadeira-para-manutencao-do-municipio\/","title":{"rendered":"Prefeitura adquire p\u00e1-carregadeira para manuten\u00e7\u00e3o do munic\u00edpio"},"content":{"rendered":"<p><strong><em>No valor de R$ 350 mil, m\u00e1quina foi adquirida com recursos da Secretaria de Desenvolvimento Regional, conquistados pelo prefeito em 2019 <\/em><\/strong><\/p>\n<p>&nbsp;<\/p>\n<figure id=\"attachment_3704\" aria-describedby=\"caption-attachment-3704\" style=\"width: 300px\" class=\"wp-caption alignleft\"><img decoding=\"async\" class=\"wp-image-3704 size-medium\" src=\"http:\/\/www.santaritadopassaquatro.sp.gov.br\/portal\/wp-content\/uploads\/2020\/04\/IMG_6712-300x200.jpg\" alt=\"\" width=\"300\" height=\"200\" srcset=\"https:\/\/www.santaritadopassaquatro.sp.gov.br\/portal\/wp-content\/uploads\/2020\/04\/IMG_6712-300x200.jpg 300w, https:\/\/www.santaritadopassaquatro.sp.gov.br\/portal\/wp-content\/uploads\/2020\/04\/IMG_6712-768x512.jpg 768w, https:\/\/www.santaritadopassaquatro.sp.gov.br\/portal\/wp-content\/uploads\/2020\/04\/IMG_6712-1024x683.jpg 1024w\" sizes=\"(max-width: 300px) 100vw, 300px\" \/><figcaption id=\"caption-attachment-3704\" class=\"wp-caption-text\"><span style=\"font-size: 8pt; color: #999999;\"><em><strong>Prefeito e equipe com a nova p\u00e1-carregadeira adquirida pela prefeitura com recursos da Secretaria de Desenvolvimento Regional (AssCom\/Divulga\u00e7\u00e3o)<\/strong><\/em><\/span><\/figcaption><\/figure>\n<p>A prefeitura de Santa Rita do Passa Quatro recebeu esta semana mais um importante equipamento para manuten\u00e7\u00e3o do munic\u00edpio. Uma p\u00e1-carregadeira, no valor de R$ 350 mil foi adquirida com recursos da Secretaria de Estado de Desenvolvimento Regional.<\/p>\n<p>O benef\u00edcio foi conquistado pelo prefeito Leandro Luciano dos Santos, junto ao secret\u00e1rio Marco Vinholi. A assinatura do conv\u00eanio aconteceu em dezembro de 2019, no Pal\u00e1cio dos Bandeirantes, sede do governo paulista, durante o 2\u00ba Semin\u00e1rio de Gest\u00e3o P\u00fablica, com a participa\u00e7\u00e3o do governador Jo\u00e3o Doria, secret\u00e1rios, prefeitos e agentes p\u00fablicos municipais de todas as regi\u00f5es do Estado. Na ocasi\u00e3o, o prefeito assinou outros conv\u00eanios, somando mais de R$ 2 milh\u00f5es em recursos para os setores de turismo e infraestrutura.<\/p>\n<p>Ap\u00f3s efetuar documenta\u00e7\u00e3o e seguro, a p\u00e1-carregadeira estar\u00e1 pronta para ser utilizada pela prefeitura na manuten\u00e7\u00e3o do munic\u00edpio.<\/p>\n<p><strong>\u00a0<\/strong><\/p>\n<p><strong>\u00a0<\/strong><\/p>\n<p>&nbsp;<\/p>\n<p><em>\u00a0<\/em><\/p>\n<p>&nbsp;<\/p>\n","protected":false},"excerpt":{"rendered":"<p>No valor de R$ 350 mil, m\u00e1quina foi adquirida com recursos da Secretaria de Desenvolvimento Regional, conquistados pelo prefeito em<\/p>\n","protected":false},"author":1,"featured_media":3705,"comment_status":"closed","ping_status":"open","sticky":false,"template":"","format":"standard","meta":{"footnotes":""},"categories":[44,48,52],"tags":[],"class_list":["post-3703","post","type-post","status-publish","format-standard","has-post-thumbnail","hentry","category-cidades","category-featured","category-latest"],"_links":{"self":[{"href":"https:\/\/www.santaritadopassaquatro.sp.gov.br\/portal\/wp-json\/wp\/v2\/posts\/3703","targetHints":{"allow":["GET"]}}],"collection":[{"href":"https:\/\/www.santaritadopassaquatro.sp.gov.br\/portal\/wp-json\/wp\/v2\/posts"}],"about":[{"href":"https:\/\/www.santaritadopassaquatro.sp.gov.br\/portal\/wp-json\/wp\/v2\/types\/post"}],"author":[{"embeddable":true,"href":"https:\/\/www.santaritadopassaquatro.sp.gov.br\/portal\/wp-json\/wp\/v2\/users\/1"}],"replies":[{"embeddable":true,"href":"https:\/\/www.santaritadopassaquatro.sp.gov.br\/portal\/wp-json\/wp\/v2\/comments?post=3703"}],"version-history":[{"count":0,"href":"https:\/\/www.santaritadopassaquatro.sp.gov.br\/portal\/wp-json\/wp\/v2\/posts\/3703\/revisions"}],"wp:featuredmedia":[{"embeddable":true,"href":"https:\/\/www.santaritadopassaquatro.sp.gov.br\/portal\/wp-json\/wp\/v2\/media\/3705"}],"wp:attachment":[{"href":"https:\/\/www.santaritadopassaquatro.sp.gov.br\/portal\/wp-json\/wp\/v2\/media?parent=3703"}],"wp:term":[{"taxonomy":"category","embeddable":true,"href":"https:\/\/www.santaritadopassaquatro.sp.gov.br\/portal\/wp-json\/wp\/v2\/categories?post=3703"},{"taxonomy":"post_tag","embeddable":true,"href":"https:\/\/www.santaritadopassaquatro.sp.gov.br\/portal\/wp-json\/wp\/v2\/tags?post=3703"}],"curies":[{"name":"wp","href":"https:\/\/api.w.org\/{rel}","templated":true}]}}