{"id":3714,"date":"2020-04-17T16:16:09","date_gmt":"2020-04-17T19:16:09","guid":{"rendered":"http:\/\/www.santaritadopassaquatro.sp.gov.br\/portal\/?p=3714"},"modified":"2020-04-17T16:16:09","modified_gmt":"2020-04-17T19:16:09","slug":"coronavirus-com-medidas-restritivas-santa-rita-segue-sem-casos-de-covid-19","status":"publish","type":"post","link":"https:\/\/www.santaritadopassaquatro.sp.gov.br\/portal\/coronavirus-com-medidas-restritivas-santa-rita-segue-sem-casos-de-covid-19\/","title":{"rendered":"CORONAV\u00cdRUS\u00a0Com medidas restritivas, Santa Rita segue sem casos de Covid-19"},"content":{"rendered":"<p><strong><em>Munic\u00edpio tem sete testes negativos e mais nenhum suspeito at\u00e9 esta quinta-feira (16\/4); resultados foram divulgados pelo Instituto Adolfo Lutz<\/em><\/strong><\/p>\n<p>&nbsp;<\/p>\n<p><img decoding=\"async\" class=\"alignnone size-medium wp-image-3715 alignleft\" src=\"http:\/\/www.santaritadopassaquatro.sp.gov.br\/portal\/wp-content\/uploads\/2020\/04\/COVID-19-BOLETIM-16-abril-293x300.jpg\" alt=\"\" width=\"293\" height=\"300\" srcset=\"https:\/\/www.santaritadopassaquatro.sp.gov.br\/portal\/wp-content\/uploads\/2020\/04\/COVID-19-BOLETIM-16-abril-293x300.jpg 293w, https:\/\/www.santaritadopassaquatro.sp.gov.br\/portal\/wp-content\/uploads\/2020\/04\/COVID-19-BOLETIM-16-abril.jpg 750w\" sizes=\"(max-width: 293px) 100vw, 293px\" \/>O Instituto Adolfo Lutz divulgou esta semana os \u00faltimos resultados de exames de suspeita de Covid-19, doen\u00e7a provocada pelo novo coronav\u00edrus, em Santa Rita do Passa Quatro. Agora os sete suspeitos foram testados negativos.<\/p>\n<p>At\u00e9 esta quinta-feira (12\/4), o munic\u00edpio n\u00e3o tinha nenhum suspeito da doen\u00e7a. Para o prefeito Leandro Luciano dos Santos, a aus\u00eancia de infectados ou suspeitas \u00e9 resultado das medidas tomadas para enfrentar a pandemia no munic\u00edpio, seguindo orienta\u00e7\u00f5es do Minist\u00e9rio da Sa\u00fade, com principal objetivo \u00e9 evitar aglomera\u00e7\u00f5es e a circula\u00e7\u00e3o de pessoas no per\u00edodo.<\/p>\n<p>As primeiras medidas foram tomadas j\u00e1 no dia 19 de mar\u00e7o, com o Decreto n\u00ba 2.908, publicado no Di\u00e1rio Oficial Eletr\u00f4nico do Munic\u00edpio, dispondo sobre as a\u00e7\u00f5es na Administra\u00e7\u00e3o Municipal, com recomenda\u00e7\u00f5es ao setor privado. Em seguida, ap\u00f3s reuni\u00e3o com comerciantes, foi decretado estado de calamidade p\u00fablica no munic\u00edpio determinando medidas restritivas de funcionamento de estabelecimentos comerciais no munic\u00edpio.\u00a0 As medidas foram definidas em reuni\u00e3o com a Associa\u00e7\u00e3o Comercial de Empresarial (ACE), m\u00e9dicos, representantes da Santa Casa e Pol\u00edcia Militar. O Decreto n\u00ba 2.909, foi publicado no Di\u00e1rio Oficial Eletr\u00f4nico do Munic\u00edpio, no dia 21 de mar\u00e7o.<\/p>\n<p>Outra a\u00e7\u00e3o tomada, foi a orienta\u00e7\u00e3o, pelo Departamento Municipal de Sa\u00fade, para que todos os pacientes da rede p\u00fablica adiassem suas consultas ou exames de rotina e procurem a Santa Casa ou as Unidades de Sa\u00fade (Postos) apenas em casos de urg\u00eancia e emerg\u00eancia.<\/p>\n<p>Outras medidas tomadas foram a interrup\u00e7\u00e3o da circula\u00e7\u00e3o do \u00f4nibus coletivo, fechamento de banheiros p\u00fablicos, do Cemit\u00e9rio e Vel\u00f3rio Municipal, com sepultamentos r\u00e1pidos.<\/p>\n<p>Eventos e atividades com a Melhor Idade, nos CCIs (Centro de Conviv\u00eancia do Idoso), CRAS e CREAS. Os cursos de capacita\u00e7\u00e3o do Fundo Social de Solidariedade, no Centro Profissionalizante (antigo Sesi), tamb\u00e9m est\u00e3o suspensos, assim como a Feira do Produtor, aos s\u00e1bados, na Pra\u00e7a do Ros\u00e1rio.<\/p>\n<p>O Decreto ainda em vigor tamb\u00e9m veda a expedi\u00e7\u00e3o de novos alvar\u00e1s de autoriza\u00e7\u00e3o para eventos p\u00fablicos e tempor\u00e1rios, bem como \u00e9 determinada a revoga\u00e7\u00e3o daqueles j\u00e1 expedidos.<\/p>\n<p>Todas estas medidas s\u00e3o consideradas fundamentais para controlar o avan\u00e7o da doen\u00e7a na cidade.<\/p>\n<p>&nbsp;<\/p>\n<p>&nbsp;<\/p>\n<p>&nbsp;<\/p>\n","protected":false},"excerpt":{"rendered":"<p>Munic\u00edpio tem sete testes negativos e mais nenhum suspeito at\u00e9 esta quinta-feira (16\/4); resultados foram divulgados pelo Instituto Adolfo Lutz<\/p>\n","protected":false},"author":1,"featured_media":3715,"comment_status":"closed","ping_status":"open","sticky":false,"template":"","format":"standard","meta":{"footnotes":""},"categories":[40,52,58],"tags":[],"class_list":["post-3714","post","type-post","status-publish","format-standard","has-post-thumbnail","hentry","category-covid-19","category-latest","category-health"],"_links":{"self":[{"href":"https:\/\/www.santaritadopassaquatro.sp.gov.br\/portal\/wp-json\/wp\/v2\/posts\/3714","targetHints":{"allow":["GET"]}}],"collection":[{"href":"https:\/\/www.santaritadopassaquatro.sp.gov.br\/portal\/wp-json\/wp\/v2\/posts"}],"about":[{"href":"https:\/\/www.santaritadopassaquatro.sp.gov.br\/portal\/wp-json\/wp\/v2\/types\/post"}],"author":[{"embeddable":true,"href":"https:\/\/www.santaritadopassaquatro.sp.gov.br\/portal\/wp-json\/wp\/v2\/users\/1"}],"replies":[{"embeddable":true,"href":"https:\/\/www.santaritadopassaquatro.sp.gov.br\/portal\/wp-json\/wp\/v2\/comments?post=3714"}],"version-history":[{"count":1,"href":"https:\/\/www.santaritadopassaquatro.sp.gov.br\/portal\/wp-json\/wp\/v2\/posts\/3714\/revisions"}],"predecessor-version":[{"id":3716,"href":"https:\/\/www.santaritadopassaquatro.sp.gov.br\/portal\/wp-json\/wp\/v2\/posts\/3714\/revisions\/3716"}],"wp:featuredmedia":[{"embeddable":true,"href":"https:\/\/www.santaritadopassaquatro.sp.gov.br\/portal\/wp-json\/wp\/v2\/media\/3715"}],"wp:attachment":[{"href":"https:\/\/www.santaritadopassaquatro.sp.gov.br\/portal\/wp-json\/wp\/v2\/media?parent=3714"}],"wp:term":[{"taxonomy":"category","embeddable":true,"href":"https:\/\/www.santaritadopassaquatro.sp.gov.br\/portal\/wp-json\/wp\/v2\/categories?post=3714"},{"taxonomy":"post_tag","embeddable":true,"href":"https:\/\/www.santaritadopassaquatro.sp.gov.br\/portal\/wp-json\/wp\/v2\/tags?post=3714"}],"curies":[{"name":"wp","href":"https:\/\/api.w.org\/{rel}","templated":true}]}}