{"id":3723,"date":"2020-04-24T14:48:30","date_gmt":"2020-04-24T17:48:30","guid":{"rendered":"http:\/\/www.santaritadopassaquatro.sp.gov.br\/portal\/?p=3723"},"modified":"2020-04-24T14:48:30","modified_gmt":"2020-04-24T17:48:30","slug":"gripe-campanha-de-vacinacao-em-santa-rita-volta-para-o-centro-de-saude-e-caic-2","status":"publish","type":"post","link":"https:\/\/www.santaritadopassaquatro.sp.gov.br\/portal\/gripe-campanha-de-vacinacao-em-santa-rita-volta-para-o-centro-de-saude-e-caic-2\/","title":{"rendered":"GRIPE:\u00a0Campanha de vacina\u00e7\u00e3o em Santa Rita volta para o Centro de Sa\u00fade e CAIC"},"content":{"rendered":"<p><strong><em>Crian\u00e7as menores de 6 anos, gestantes tamb\u00e9m j\u00e1 est\u00e3o sendo vacinados desde a \u00faltima quarta-feira <\/em><\/strong><\/p>\n<p><strong><em>\u00a0<\/em><\/strong><\/p>\n<p>A Campanha Nacional de Vacina\u00e7\u00e3o Contra a Gripe em Santa Rita do Passa Quatro est\u00e1 de volta ao Centro de Sa\u00fade II e PAS do CAIC a desde a \u00faltima quarta-feira (22\/4).<\/p>\n<p>Al\u00e9m de idosos, profissionais de sa\u00fade, portadores de comorbidades e motoristas, campanha tamb\u00e9m se estende para crian\u00e7as de 6 meses a menores de 6 anos, gestantes e pu\u00e9rperas (que tiveram filhos nos \u00faltimos 45 dias). Os grupos foram priorizados pelo Minist\u00e9rio da Sa\u00fade, em fun\u00e7\u00e3o do maior risco de sofrer complica\u00e7\u00f5es da covid-19, provocada pelo novo coronav\u00edrus.<\/p>\n<p>No Centro de Sa\u00fade II, a vacina\u00e7\u00e3o ocorre das 7h \u00e0s 13 horas. No PAS do CAIC, o hor\u00e1rio \u00e9 das 8h \u00e0s 11h e das 13h \u00e0s 14h30, ambos de segunda a sexta-feira.<\/p>\n<p>Iniciada no \u00faltimo dia 23 de ma\u00e7o, a campanha em Santa Rita atendeu mais de 5,4 mil pessoas, sendo 4266 idosos, 716 profissionais de sa\u00fade e 438 portadores de comorbidades, de acordo com dados do Departamento Municipal de Sa\u00fade.<\/p>\n<p>As vacinas tamb\u00e9m s\u00e3o aplicadas pelas equipes do PSF Miguel Bello, no Jardim S\u00e3o Luiz e adjac\u00eancias, e PSF Dulce Rodrigues de Campos, em Santa Cruz da Estrela.<\/p>\n<p>A vacina contra a gripe n\u00e3o protege contra o novo coronav\u00edrus, mas, sim, contra tipos de influenza (fam\u00edlia \u00e0 qual pertence o H1N1). E justamente por isso pode ajudar no diagn\u00f3stico por elimina\u00e7\u00e3o dos profissionais de sa\u00fade com suspeita de covid-19.<\/p>\n","protected":false},"excerpt":{"rendered":"<p>Crian\u00e7as menores de 6 anos, gestantes tamb\u00e9m j\u00e1 est\u00e3o sendo vacinados desde a \u00faltima quarta-feira \u00a0 A Campanha Nacional de<\/p>\n","protected":false},"author":1,"featured_media":3724,"comment_status":"closed","ping_status":"open","sticky":false,"template":"","format":"standard","meta":{"footnotes":""},"categories":[40,48,58],"tags":[],"class_list":["post-3723","post","type-post","status-publish","format-standard","has-post-thumbnail","hentry","category-covid-19","category-featured","category-health"],"_links":{"self":[{"href":"https:\/\/www.santaritadopassaquatro.sp.gov.br\/portal\/wp-json\/wp\/v2\/posts\/3723","targetHints":{"allow":["GET"]}}],"collection":[{"href":"https:\/\/www.santaritadopassaquatro.sp.gov.br\/portal\/wp-json\/wp\/v2\/posts"}],"about":[{"href":"https:\/\/www.santaritadopassaquatro.sp.gov.br\/portal\/wp-json\/wp\/v2\/types\/post"}],"author":[{"embeddable":true,"href":"https:\/\/www.santaritadopassaquatro.sp.gov.br\/portal\/wp-json\/wp\/v2\/users\/1"}],"replies":[{"embeddable":true,"href":"https:\/\/www.santaritadopassaquatro.sp.gov.br\/portal\/wp-json\/wp\/v2\/comments?post=3723"}],"version-history":[{"count":1,"href":"https:\/\/www.santaritadopassaquatro.sp.gov.br\/portal\/wp-json\/wp\/v2\/posts\/3723\/revisions"}],"predecessor-version":[{"id":3725,"href":"https:\/\/www.santaritadopassaquatro.sp.gov.br\/portal\/wp-json\/wp\/v2\/posts\/3723\/revisions\/3725"}],"wp:featuredmedia":[{"embeddable":true,"href":"https:\/\/www.santaritadopassaquatro.sp.gov.br\/portal\/wp-json\/wp\/v2\/media\/3724"}],"wp:attachment":[{"href":"https:\/\/www.santaritadopassaquatro.sp.gov.br\/portal\/wp-json\/wp\/v2\/media?parent=3723"}],"wp:term":[{"taxonomy":"category","embeddable":true,"href":"https:\/\/www.santaritadopassaquatro.sp.gov.br\/portal\/wp-json\/wp\/v2\/categories?post=3723"},{"taxonomy":"post_tag","embeddable":true,"href":"https:\/\/www.santaritadopassaquatro.sp.gov.br\/portal\/wp-json\/wp\/v2\/tags?post=3723"}],"curies":[{"name":"wp","href":"https:\/\/api.w.org\/{rel}","templated":true}]}}