{"id":3736,"date":"2020-04-24T16:40:24","date_gmt":"2020-04-24T19:40:24","guid":{"rendered":"http:\/\/www.santaritadopassaquatro.sp.gov.br\/portal\/?p=3736"},"modified":"2020-04-24T16:40:24","modified_gmt":"2020-04-24T19:40:24","slug":"coronavirus-educacao-faz-distribuicao-de-merenda-para-estudantes-carentes-de-santa-rita","status":"publish","type":"post","link":"https:\/\/www.santaritadopassaquatro.sp.gov.br\/portal\/coronavirus-educacao-faz-distribuicao-de-merenda-para-estudantes-carentes-de-santa-rita\/","title":{"rendered":"CORONAV\u00cdRUS:\u00a0Educa\u00e7\u00e3o faz distribui\u00e7\u00e3o de merenda para estudantes carentes de Santa Rita"},"content":{"rendered":"<p><strong><em>Aulas est\u00e3o suspensas desde 23 de mar\u00e7o na rede municipal e cerca de 300 fam\u00edlias se cadastraram para receber as refei\u00e7\u00f5es<\/em><\/strong><\/p>\n<p>&nbsp;<\/p>\n<figure id=\"attachment_3737\" aria-describedby=\"caption-attachment-3737\" style=\"width: 356px\" class=\"wp-caption alignleft\"><img decoding=\"async\" class=\"wp-image-3737\" src=\"http:\/\/www.santaritadopassaquatro.sp.gov.br\/portal\/wp-content\/uploads\/2020\/04\/merenda_coronvirus_reuniao-300x200.jpg\" alt=\"\" width=\"356\" height=\"237\" srcset=\"https:\/\/www.santaritadopassaquatro.sp.gov.br\/portal\/wp-content\/uploads\/2020\/04\/merenda_coronvirus_reuniao-300x200.jpg 300w, https:\/\/www.santaritadopassaquatro.sp.gov.br\/portal\/wp-content\/uploads\/2020\/04\/merenda_coronvirus_reuniao-768x512.jpg 768w, https:\/\/www.santaritadopassaquatro.sp.gov.br\/portal\/wp-content\/uploads\/2020\/04\/merenda_coronvirus_reuniao-1024x683.jpg 1024w\" sizes=\"(max-width: 356px) 100vw, 356px\" \/><figcaption id=\"caption-attachment-3737\" class=\"wp-caption-text\"><span style=\"font-size: 8pt; color: #999999;\"><em><strong>Reuni\u00e3o entre Cozinha Piloto e Departamento de Educa\u00e7\u00e3o que decidiu pela distribui\u00e7\u00e3o de refei\u00e7\u00f5es nas escolas (AssCom\/Divulga\u00e7\u00e3o)<\/strong><\/em><\/span><\/figcaption><\/figure>\n<p>O Departamento Municipal de Educa\u00e7\u00e3o, atrav\u00e9s da Central de Alimentos (Cozinha Piloto) iniciou esta semana a distribui\u00e7\u00e3o de refei\u00e7\u00f5es para alunos carentes da Rede Municipal de Ensino em Santa Rita do Passa Quatro. A distribui\u00e7\u00e3o come\u00e7ou nesta quarta-feira (22\/4), logo ap\u00f3s o feriado, nas pr\u00f3prias escolas, sempre com aten\u00e7\u00e3o para evitar aglomera\u00e7\u00e3o.<\/p>\n<p>A medida foi tomada em fun\u00e7\u00e3o da suspens\u00e3o das aulas na rede municipal, seguindo determina\u00e7\u00e3o da Secretaria de Estado da Educa\u00e7\u00e3o, como forma de evitar a prolifera\u00e7\u00e3o do novo coronav\u00edrus, causador da doen\u00e7a Covid-19, no momento em que foi decretada pandemia.<\/p>\n<p>Desde que ocorreu a suspens\u00e3o das aulas, a Prefeitura tem entregue aos alunos um kit lanche, entretanto, como a refei\u00e7\u00e3o escolar \u00e9 considerada fundamental para o desenvolvimento das crian\u00e7as, a distribui\u00e7\u00e3o foi ampliada, incluindo tamb\u00e9m pratos completos.<\/p>\n<p>Assim como no per\u00edodo escolar, es refei\u00e7\u00f5es s\u00e3o preparadas diariamente pela Cozinha Piloto e distribu\u00eddas pelos funcion\u00e1rios das pr\u00f3prias escolas. A entrega \u00e9 realizada para alunos que foram cadastrados cujas fam\u00edlias demonstraram interesse em receber inicialmente o kit lanche e agora as refei\u00e7\u00f5es completas.<\/p>\n<p>Devidamente preparadas com orienta\u00e7\u00e3o nutricional, as refei\u00e7\u00f5es s\u00e3o entregues em embalagens apropriadas (isopor). De acordo com o departamento de Educa\u00e7\u00e3o, foram entregues 378 refei\u00e7\u00f5es nesta quinta-feira (23\/4), mas este n\u00famero ainda deve aumentar pois mais fam\u00edlias podem se cadastrar nos pr\u00f3ximos dias.<\/p>\n<p>A decis\u00e3o de realizar a distribui\u00e7\u00e3o das refei\u00e7\u00f5es foi tomada em reuni\u00e3o entre o diretor Administrativo respons\u00e1vel pela Cozinha Piloto, Luiz Ap. Correia, a nutricionista respons\u00e1vel S\u00edlvia Regina Lorencetti, e auxiliar t\u00e9cnica da Central de Alimentos L\u00edvia Maria Rubinatto, juntamente com a diretora do Departamento Municipal de Educa\u00e7\u00e3o, Roberta Borges Chefer, e a supervisora do Ensino Fundamental Mirtes Alessandra Miskulin Bernardo, Cozinha Piloto.<\/p>\n<p>A distribui\u00e7\u00e3o acontece para alunos do Ensino Infantil e Fundamental e dever\u00e1 continuar no per\u00edodo em que vigorar a suspens\u00e3o das atividades escolares em fun\u00e7\u00e3o da pandemia.<\/p>\n<p>&nbsp;<\/p>\n<p>&nbsp;<\/p>\n","protected":false},"excerpt":{"rendered":"<p>Aulas est\u00e3o suspensas desde 23 de mar\u00e7o na rede municipal e cerca de 300 fam\u00edlias se cadastraram para receber as<\/p>\n","protected":false},"author":1,"featured_media":3738,"comment_status":"closed","ping_status":"open","sticky":false,"template":"","format":"standard","meta":{"footnotes":""},"categories":[40,28,52],"tags":[],"class_list":["post-3736","post","type-post","status-publish","format-standard","has-post-thumbnail","hentry","category-covid-19","category-educacao","category-latest"],"_links":{"self":[{"href":"https:\/\/www.santaritadopassaquatro.sp.gov.br\/portal\/wp-json\/wp\/v2\/posts\/3736","targetHints":{"allow":["GET"]}}],"collection":[{"href":"https:\/\/www.santaritadopassaquatro.sp.gov.br\/portal\/wp-json\/wp\/v2\/posts"}],"about":[{"href":"https:\/\/www.santaritadopassaquatro.sp.gov.br\/portal\/wp-json\/wp\/v2\/types\/post"}],"author":[{"embeddable":true,"href":"https:\/\/www.santaritadopassaquatro.sp.gov.br\/portal\/wp-json\/wp\/v2\/users\/1"}],"replies":[{"embeddable":true,"href":"https:\/\/www.santaritadopassaquatro.sp.gov.br\/portal\/wp-json\/wp\/v2\/comments?post=3736"}],"version-history":[{"count":1,"href":"https:\/\/www.santaritadopassaquatro.sp.gov.br\/portal\/wp-json\/wp\/v2\/posts\/3736\/revisions"}],"predecessor-version":[{"id":3740,"href":"https:\/\/www.santaritadopassaquatro.sp.gov.br\/portal\/wp-json\/wp\/v2\/posts\/3736\/revisions\/3740"}],"wp:featuredmedia":[{"embeddable":true,"href":"https:\/\/www.santaritadopassaquatro.sp.gov.br\/portal\/wp-json\/wp\/v2\/media\/3738"}],"wp:attachment":[{"href":"https:\/\/www.santaritadopassaquatro.sp.gov.br\/portal\/wp-json\/wp\/v2\/media?parent=3736"}],"wp:term":[{"taxonomy":"category","embeddable":true,"href":"https:\/\/www.santaritadopassaquatro.sp.gov.br\/portal\/wp-json\/wp\/v2\/categories?post=3736"},{"taxonomy":"post_tag","embeddable":true,"href":"https:\/\/www.santaritadopassaquatro.sp.gov.br\/portal\/wp-json\/wp\/v2\/tags?post=3736"}],"curies":[{"name":"wp","href":"https:\/\/api.w.org\/{rel}","templated":true}]}}