{"id":3741,"date":"2020-04-24T16:45:09","date_gmt":"2020-04-24T19:45:09","guid":{"rendered":"http:\/\/www.santaritadopassaquatro.sp.gov.br\/portal\/?p=3741"},"modified":"2020-04-30T16:04:25","modified_gmt":"2020-04-30T19:04:25","slug":"coronavirus-santa-rita-registra-primeiro-obito-por-covid-19","status":"publish","type":"post","link":"https:\/\/www.santaritadopassaquatro.sp.gov.br\/portal\/coronavirus-santa-rita-registra-primeiro-obito-por-covid-19\/","title":{"rendered":"CORONAV\u00cdRUS:\u00a0Santa Rita registra primeiro \u00f3bito por Covid-19"},"content":{"rendered":"<ul>\n<li><strong>\u00a0<\/strong><strong><em>Paciente de 61 anos, faleceu no \u00faltimo dia 14 de abril, em Ribeir\u00e3o Preto; outros dois suspeitos est\u00e3o aguardando teste pelo instituto Adolfo Lutz;<\/em><\/strong><\/li>\n<li><strong><em>\u00a0<\/em><\/strong><strong><em>Prefeitura edita novo decreto prorrogando as medidas de isolamento tomadas em mar\u00e7o e com a obrigatoriedade do uso de m\u00e1scara em estabelecimentos comerciais<\/em><\/strong><\/li>\n<\/ul>\n<p>&nbsp;<\/p>\n<figure id=\"attachment_3742\" aria-describedby=\"caption-attachment-3742\" style=\"width: 395px\" class=\"wp-caption alignleft\"><img decoding=\"async\" class=\"wp-image-3742 \" src=\"http:\/\/www.santaritadopassaquatro.sp.gov.br\/portal\/wp-content\/uploads\/2020\/04\/anuncio_obito_covid19-300x225.jpg\" alt=\"\" width=\"395\" height=\"296\" srcset=\"https:\/\/www.santaritadopassaquatro.sp.gov.br\/portal\/wp-content\/uploads\/2020\/04\/anuncio_obito_covid19-300x225.jpg 300w, https:\/\/www.santaritadopassaquatro.sp.gov.br\/portal\/wp-content\/uploads\/2020\/04\/anuncio_obito_covid19-768x576.jpg 768w, https:\/\/www.santaritadopassaquatro.sp.gov.br\/portal\/wp-content\/uploads\/2020\/04\/anuncio_obito_covid19-1024x768.jpg 1024w\" sizes=\"(max-width: 395px) 100vw, 395px\" \/><figcaption id=\"caption-attachment-3742\" class=\"wp-caption-text\"><span style=\"font-size: 8pt; color: #999999;\"><em><strong>Prefeito e diretor cl\u00ednico da Santa Casa durante an\u00fancio da situa\u00e7\u00e3o do novo coronav\u00edrus no munic\u00edpio nesta quinta-feira (AssCom\/Divulga\u00e7\u00e3o)<\/strong><\/em><\/span><\/figcaption><\/figure>\n<p>A not\u00edcia que ningu\u00e9m esperava chegou a Santa Rita do Passa Quatro nesta quinta-feira (23\/4). Uma mulher de 61 anos \u00e9 a primeira moradora do munic\u00edpio a falecer em decorr\u00eancia da Covid-19, doen\u00e7a provocada pelo novo coronav\u00edrus. A v\u00edtima faleceu no \u00faltimo dia 14 de abril, ter\u00e7a-feira, em Ribeir\u00e3o Preto, onde estava internada h\u00e1 quatro dias, ap\u00f3s sofrer um mal s\u00fabito. A confirma\u00e7\u00e3o da suspeita e \u00f3bito s\u00f3 foram informados ao Departamento Municipal de Sa\u00fade nesta quinta-feira.<\/p>\n<p>Ap\u00f3s receber a informa\u00e7\u00e3o, o prefeito Leandro Luciano dos Santos, acompanhado do m\u00e9dio Dr. Luis Oct\u00e1vio Baldin Caltran, diretor cl\u00ednico da Santa Casa, gravou um v\u00eddeo informativo, postado nas redes sociais pr\u00f3prias e da prefeitura explicando o caso.<\/p>\n<p>De acordo com as informa\u00e7\u00f5es, outra paciente moradora da Santa Rita, de 59 anos, est\u00e1 internada em Ribeir\u00e3o Preto, desde o \u00faltimo s\u00e1bado (18\/4) com suspeita de Covid-19. Ela tamb\u00e9m sofreu um mal s\u00fabito. Ambas as v\u00edtimas fazem tratamento de hemodi\u00e1lise em Ribeir\u00e3o Preto e viajam com transporte oferecido pelo Departamento Municipal de Sa\u00fade. Outros pacientes do transporte est\u00e3o sendo monitorados mas n\u00e3o apresentam os sintomas.<\/p>\n<p>Departamento de Sa\u00fade informa que, desde o in\u00edcio da pandemia, todas as medidas de precau\u00e7\u00e3o s\u00e3o tomadas nos transportes de pacientes para outras cidades, incluindo desinfec\u00e7\u00e3o e lota\u00e7\u00e3o reduzida em rela\u00e7\u00e3o a capacidade total dos ve\u00edculos.<\/p>\n<p>O vi\u00favo da v\u00edtima apresentou os sintomas e tamb\u00e9m foi testado. Ele aguarda o resultado pelo Instituto Adolfo Lutz. Todos os outros familiares est\u00e3o em quarentena e sendo monitorados. Eles est\u00e3o sendo instru\u00eddos a, caso apresentarem algum sintoma, para procurem a Santa Casa.<\/p>\n<p><strong>\u00a0<\/strong><\/p>\n<p><strong>OBRIGAT\u00d3RIO USO DE M\u00c1SCARAS<\/strong><\/p>\n<p>A confirma\u00e7\u00e3o aconteceu no mesmo dia em que a prefeitura editou o Decreto Municipal n\u00ba 2914, que prorroga at\u00e9 o pr\u00f3ximo dia 10 de maio as medidas restritivas de funcionamento de estabelecimentos comerciais e d\u00e1 outras provid\u00eancias.<\/p>\n<p>O ato da continuidade as medidas tomadas no Decreto 2.909, de 21 de mar\u00e7o, de \u201cestado de calamidade p\u00fablica no munic\u00edpio\u201d visando conter o avan\u00e7o do novo coronav\u00edrus.<\/p>\n<p>A novidade do decreto atual \u00e9 a obrigatoriedade do uso de m\u00e1scaras faciais pelas pessoas quando estiverem em estabelecimentos comerciais, bancos, lot\u00e9ricas, entre outros. A m\u00e1scara facial deve cobrir a boca e o nariz. No caso de descumprimento da medida, o Munic\u00edpio, com base na excepcionalidade do momento e nos termos da Lei, multar o infrator em duas 2 UFESP (Unidade Fiscal do Estado de S\u00e3o Paulo). O valor atual de cada UFESP \u00e9 de R$ 27,61. A multa dobra em cada reincid\u00eancia.<\/p>\n<p>O novo decreto j\u00e1 foi publicado no Di\u00e1rio Oficial Eletr\u00f4nico da Prefeitura Municipal, que pode ser acessando no endere\u00e7o www.imprensaoficialmunicipal.com.br\/santa_rita_do_passa_quatro.<\/p>\n<p>O quadro atual da doen\u00e7a no munic\u00edpio segue com 11 notifica\u00e7\u00f5es, sendo sete delas j\u00e1 descartadas, com resultados negativos pelo Instituto Adolfo Lutz. Outros tr\u00eas casos permanecem suspeitos e um \u00f3bito confirmado.<\/p>\n<p>A orienta\u00e7\u00e3o \u00e9 que as pessoas devem manter o isolamento social, o distanciamento, o uso constante de m\u00e1scaras faciais entre outras. \u201cO importante \u00e9 n\u00e3o perdermos mais vidas\u201d, disse o prefeito, como apelo \u00e0 popula\u00e7\u00e3o.<\/p>\n<p><em>\u00a0<\/em><\/p>\n<p>&nbsp;<\/p>\n<p>&nbsp;<\/p>\n<p>&nbsp;<\/p>\n","protected":false},"excerpt":{"rendered":"<p>\u00a0Paciente de 61 anos, faleceu no \u00faltimo dia 14 de abril, em Ribeir\u00e3o Preto; outros dois suspeitos est\u00e3o aguardando teste<\/p>\n","protected":false},"author":1,"featured_media":3742,"comment_status":"closed","ping_status":"open","sticky":false,"template":"","format":"standard","meta":{"footnotes":""},"categories":[40,52,58],"tags":[],"class_list":["post-3741","post","type-post","status-publish","format-standard","has-post-thumbnail","hentry","category-covid-19","category-latest","category-health"],"_links":{"self":[{"href":"https:\/\/www.santaritadopassaquatro.sp.gov.br\/portal\/wp-json\/wp\/v2\/posts\/3741","targetHints":{"allow":["GET"]}}],"collection":[{"href":"https:\/\/www.santaritadopassaquatro.sp.gov.br\/portal\/wp-json\/wp\/v2\/posts"}],"about":[{"href":"https:\/\/www.santaritadopassaquatro.sp.gov.br\/portal\/wp-json\/wp\/v2\/types\/post"}],"author":[{"embeddable":true,"href":"https:\/\/www.santaritadopassaquatro.sp.gov.br\/portal\/wp-json\/wp\/v2\/users\/1"}],"replies":[{"embeddable":true,"href":"https:\/\/www.santaritadopassaquatro.sp.gov.br\/portal\/wp-json\/wp\/v2\/comments?post=3741"}],"version-history":[{"count":1,"href":"https:\/\/www.santaritadopassaquatro.sp.gov.br\/portal\/wp-json\/wp\/v2\/posts\/3741\/revisions"}],"predecessor-version":[{"id":3743,"href":"https:\/\/www.santaritadopassaquatro.sp.gov.br\/portal\/wp-json\/wp\/v2\/posts\/3741\/revisions\/3743"}],"wp:featuredmedia":[{"embeddable":true,"href":"https:\/\/www.santaritadopassaquatro.sp.gov.br\/portal\/wp-json\/wp\/v2\/media\/3742"}],"wp:attachment":[{"href":"https:\/\/www.santaritadopassaquatro.sp.gov.br\/portal\/wp-json\/wp\/v2\/media?parent=3741"}],"wp:term":[{"taxonomy":"category","embeddable":true,"href":"https:\/\/www.santaritadopassaquatro.sp.gov.br\/portal\/wp-json\/wp\/v2\/categories?post=3741"},{"taxonomy":"post_tag","embeddable":true,"href":"https:\/\/www.santaritadopassaquatro.sp.gov.br\/portal\/wp-json\/wp\/v2\/tags?post=3741"}],"curies":[{"name":"wp","href":"https:\/\/api.w.org\/{rel}","templated":true}]}}