{"id":3774,"date":"2020-05-08T16:06:42","date_gmt":"2020-05-08T19:06:42","guid":{"rendered":"http:\/\/www.santaritadopassaquatro.sp.gov.br\/portal\/?p=3774"},"modified":"2020-05-08T16:09:50","modified_gmt":"2020-05-08T19:09:50","slug":"dia-d-e-cancelado-e-vacinacao-contra-gripe-segue-no-centro-de-saude-e-caic","status":"publish","type":"post","link":"https:\/\/www.santaritadopassaquatro.sp.gov.br\/portal\/dia-d-e-cancelado-e-vacinacao-contra-gripe-segue-no-centro-de-saude-e-caic\/","title":{"rendered":"Dia D \u00e9 cancelado e vacina\u00e7\u00e3o contra gripe segue no Centro de Sa\u00fade e CAIC"},"content":{"rendered":"<p><strong><em>Mobiliza\u00e7\u00e3o nacional estava prevista para este s\u00e1bado (9\/5)<\/em><\/strong><\/p>\n<p><strong><em>\u00a0<\/em><\/strong><\/p>\n<p><img decoding=\"async\" class=\"alignnone size-medium wp-image-3724 alignleft\" src=\"http:\/\/www.santaritadopassaquatro.sp.gov.br\/portal\/wp-content\/uploads\/2020\/04\/vacina-posto-saude-300x251.jpg\" alt=\"\" width=\"300\" height=\"251\" srcset=\"https:\/\/www.santaritadopassaquatro.sp.gov.br\/portal\/wp-content\/uploads\/2020\/04\/vacina-posto-saude-300x251.jpg 300w, https:\/\/www.santaritadopassaquatro.sp.gov.br\/portal\/wp-content\/uploads\/2020\/04\/vacina-posto-saude-768x644.jpg 768w, https:\/\/www.santaritadopassaquatro.sp.gov.br\/portal\/wp-content\/uploads\/2020\/04\/vacina-posto-saude-1024x858.jpg 1024w, https:\/\/www.santaritadopassaquatro.sp.gov.br\/portal\/wp-content\/uploads\/2020\/04\/vacina-posto-saude.jpg 1279w\" sizes=\"(max-width: 300px) 100vw, 300px\" \/>A mobiliza\u00e7\u00e3o nacional (Dia D) de vacina\u00e7\u00e3o contra gripe, que aconteceria neste s\u00e1bado (9\/5), foi cancelado pelo Minist\u00e9rio da Sa\u00fade. O motivo \u00e9 a atual situa\u00e7\u00e3o de pandemia, com n\u00fameros ascendentes de infectados pelo novo coronav\u00edrus.<\/p>\n<p>Em Santa Rita do Passa Quatro a o Departamento Municipal de Sa\u00fade informa que a vacina\u00e7\u00e3o segue de segunda a sexta-feira no Centro de Sa\u00fade II e PAS do CAIC. No Centro de Sa\u00fade, a vacina\u00e7\u00e3o ocorre das 7h \u00e0s 13 horas. No PAS do CAIC, o hor\u00e1rio \u00e9 das 8h \u00e0s 11h e das 13h \u00e0s 14h30, ambos de segunda a sexta-feira.<\/p>\n<p>Nesta fase a Campanha Nacional de Vacina\u00e7\u00e3o Contra a Gripe \u00e9 pra idosos, profissionais de sa\u00fade, portadores de comorbidades, motoristas, crian\u00e7as (idade de 6 meses a menores de 6 anos), gestantes e pu\u00e9rperas (que tiveram filhos nos \u00faltimos 45 dias) podem ser vacinados.<\/p>\n<p>Iniciada no \u00faltimo dia 23 de ma\u00e7o, a vacina\u00e7\u00e3o em Santa Rita superou as metas, com mais de 90% dos idosos do munic\u00edpio vacinados. Nos profissionais de sa\u00fade, a vacina\u00e7\u00e3o atingiu 85% do p\u00fablico alvo, de acordo com levantamento do Departamento de Sa\u00fade.<\/p>\n<p>As vacinas tamb\u00e9m s\u00e3o aplicadas pelas equipes do PSF Miguel Bello, no Jardim S\u00e3o Luiz e adjac\u00eancias, e PSF Dulce Rodrigues de Campos, em Santa Cruz da Estrela.<\/p>\n<p>Os grupos de risco foram priorizados pelo Minist\u00e9rio da Sa\u00fade, em fun\u00e7\u00e3o do maior risco de sofrer complica\u00e7\u00f5es da covid-19, provocada pelo novo coronav\u00edrus.<\/p>\n<p>A vacina contra a gripe n\u00e3o protege contra o novo coronav\u00edrus, mas, sim, contra tipos de influenza (fam\u00edlia \u00e0 qual pertence o H1N1). E justamente por isso pode ajudar no diagn\u00f3stico por elimina\u00e7\u00e3o dos profissionais de sa\u00fade com suspeita de covid-19.<\/p>\n","protected":false},"excerpt":{"rendered":"<p>Mobiliza\u00e7\u00e3o nacional estava prevista para este s\u00e1bado (9\/5) \u00a0 A mobiliza\u00e7\u00e3o nacional (Dia D) de vacina\u00e7\u00e3o contra gripe, que aconteceria<\/p>\n","protected":false},"author":1,"featured_media":3571,"comment_status":"closed","ping_status":"open","sticky":false,"template":"","format":"standard","meta":{"footnotes":""},"categories":[40,52,58],"tags":[],"class_list":["post-3774","post","type-post","status-publish","format-standard","has-post-thumbnail","hentry","category-covid-19","category-latest","category-health"],"_links":{"self":[{"href":"https:\/\/www.santaritadopassaquatro.sp.gov.br\/portal\/wp-json\/wp\/v2\/posts\/3774","targetHints":{"allow":["GET"]}}],"collection":[{"href":"https:\/\/www.santaritadopassaquatro.sp.gov.br\/portal\/wp-json\/wp\/v2\/posts"}],"about":[{"href":"https:\/\/www.santaritadopassaquatro.sp.gov.br\/portal\/wp-json\/wp\/v2\/types\/post"}],"author":[{"embeddable":true,"href":"https:\/\/www.santaritadopassaquatro.sp.gov.br\/portal\/wp-json\/wp\/v2\/users\/1"}],"replies":[{"embeddable":true,"href":"https:\/\/www.santaritadopassaquatro.sp.gov.br\/portal\/wp-json\/wp\/v2\/comments?post=3774"}],"version-history":[{"count":2,"href":"https:\/\/www.santaritadopassaquatro.sp.gov.br\/portal\/wp-json\/wp\/v2\/posts\/3774\/revisions"}],"predecessor-version":[{"id":3779,"href":"https:\/\/www.santaritadopassaquatro.sp.gov.br\/portal\/wp-json\/wp\/v2\/posts\/3774\/revisions\/3779"}],"wp:featuredmedia":[{"embeddable":true,"href":"https:\/\/www.santaritadopassaquatro.sp.gov.br\/portal\/wp-json\/wp\/v2\/media\/3571"}],"wp:attachment":[{"href":"https:\/\/www.santaritadopassaquatro.sp.gov.br\/portal\/wp-json\/wp\/v2\/media?parent=3774"}],"wp:term":[{"taxonomy":"category","embeddable":true,"href":"https:\/\/www.santaritadopassaquatro.sp.gov.br\/portal\/wp-json\/wp\/v2\/categories?post=3774"},{"taxonomy":"post_tag","embeddable":true,"href":"https:\/\/www.santaritadopassaquatro.sp.gov.br\/portal\/wp-json\/wp\/v2\/tags?post=3774"}],"curies":[{"name":"wp","href":"https:\/\/api.w.org\/{rel}","templated":true}]}}