{"id":3789,"date":"2020-05-21T14:24:46","date_gmt":"2020-05-21T17:24:46","guid":{"rendered":"http:\/\/www.santaritadopassaquatro.sp.gov.br\/portal\/?p=3789"},"modified":"2020-05-21T14:24:46","modified_gmt":"2020-05-21T17:24:46","slug":"iniciada-a-reforma-do-velorio-municipal","status":"publish","type":"post","link":"https:\/\/www.santaritadopassaquatro.sp.gov.br\/portal\/iniciada-a-reforma-do-velorio-municipal\/","title":{"rendered":"Iniciada a reforma do Vel\u00f3rio Municipal"},"content":{"rendered":"<p><strong><em>Obra est\u00e1 sendo realizada com recurso de emenda parlamentar, no valor de R$ 200 mil, destinada pelo deputado do estadual Roquinho Barbieri <\/em><\/strong><\/p>\n<p>&nbsp;<\/p>\n<figure id=\"attachment_3790\" aria-describedby=\"caption-attachment-3790\" style=\"width: 300px\" class=\"wp-caption alignleft\"><img decoding=\"async\" class=\"wp-image-3790 size-medium\" src=\"http:\/\/www.santaritadopassaquatro.sp.gov.br\/portal\/wp-content\/uploads\/2020\/05\/reforma_velorio-300x200.jpg\" alt=\"\" width=\"300\" height=\"200\" srcset=\"https:\/\/www.santaritadopassaquatro.sp.gov.br\/portal\/wp-content\/uploads\/2020\/05\/reforma_velorio-300x200.jpg 300w, https:\/\/www.santaritadopassaquatro.sp.gov.br\/portal\/wp-content\/uploads\/2020\/05\/reforma_velorio-768x512.jpg 768w, https:\/\/www.santaritadopassaquatro.sp.gov.br\/portal\/wp-content\/uploads\/2020\/05\/reforma_velorio-1024x683.jpg 1024w\" sizes=\"(max-width: 300px) 100vw, 300px\" \/><figcaption id=\"caption-attachment-3790\" class=\"wp-caption-text\"><span style=\"font-size: 8pt; color: #999999;\"><em><strong>O prefeito em visita a obra de reforma do Vel\u00f3rio Municipal, iniciada na \u00faltima semana (AssCom\/Divulga\u00e7\u00e3o)<\/strong><\/em><\/span><\/figcaption><\/figure>\n<p>Mais um benef\u00edcio para a popula\u00e7\u00e3o de Santa Rita do Passa Quatro. A prefeitura iniciou na \u00faltima semana a reforma do Vel\u00f3rio Municipal Ernesto Andreghetto. A obra conta com recursos de emenda parlamentar, no valor de R$ 200, destinada pelo deputado estadual Roque Barbieri.<\/p>\n<p>De acordo com o Departamento Municipal de Obras, respons\u00e1vel pelo projeto, ser\u00e3o reformados telhado, sanit\u00e1rios e cozinha. O local tamb\u00e9m ir\u00e1 receber novas esquadrias, portas de vidro \u201cblindex\u201d, e tamb\u00e9m ser\u00e1 climatizado, com a instala\u00e7\u00e3o de ar-condicionado. Para maior conforto das fam\u00edlias, tamb\u00e9m ser\u00e1 implantado um frald\u00e1rio. Finalizando, o pr\u00e9dio receber\u00e1 tamb\u00e9m uma nova pintura.<\/p>\n<p>Na \u00faltima sexta-feira (15\/5), o prefeito Leandro Luciano dos Santos esteve visitando a obra, para conferir o in\u00edcio dos trabalhos. A empresa respons\u00e1vel pela reforma \u00e9 a Construmeta, do munic\u00edpio de Tamba\u00fa, vencedora do processo licitat\u00f3rio.<\/p>\n<p>O vel\u00f3rio municipal foi constru\u00eddo em 1988 pela gest\u00e3o do ent\u00e3o prefeito Nelson Scorsolini.<\/p>\n<p>Este \u00e9 o segundo recurso de emenda parlamentar destinado pelo deputado Roquinho em menos de um m\u00eas. Em abril, foi confirmado o repasse no valor de R$ 375 mil, oriundo da Secretaria de Estado da Sa\u00fade, para custeio da \u00e1rea da sa\u00fade do munic\u00edpio.<\/p>\n<p><strong>\u00a0<\/strong><\/p>\n<p>&nbsp;<\/p>\n<p>&nbsp;<\/p>\n<p>&nbsp;<\/p>\n","protected":false},"excerpt":{"rendered":"<p>Obra est\u00e1 sendo realizada com recurso de emenda parlamentar, no valor de R$ 200 mil, destinada pelo deputado do estadual<\/p>\n","protected":false},"author":1,"featured_media":3792,"comment_status":"closed","ping_status":"open","sticky":false,"template":"","format":"standard","meta":{"footnotes":""},"categories":[52,55],"tags":[],"class_list":["post-3789","post","type-post","status-publish","format-standard","has-post-thumbnail","hentry","category-latest","category-obras"],"_links":{"self":[{"href":"https:\/\/www.santaritadopassaquatro.sp.gov.br\/portal\/wp-json\/wp\/v2\/posts\/3789","targetHints":{"allow":["GET"]}}],"collection":[{"href":"https:\/\/www.santaritadopassaquatro.sp.gov.br\/portal\/wp-json\/wp\/v2\/posts"}],"about":[{"href":"https:\/\/www.santaritadopassaquatro.sp.gov.br\/portal\/wp-json\/wp\/v2\/types\/post"}],"author":[{"embeddable":true,"href":"https:\/\/www.santaritadopassaquatro.sp.gov.br\/portal\/wp-json\/wp\/v2\/users\/1"}],"replies":[{"embeddable":true,"href":"https:\/\/www.santaritadopassaquatro.sp.gov.br\/portal\/wp-json\/wp\/v2\/comments?post=3789"}],"version-history":[{"count":0,"href":"https:\/\/www.santaritadopassaquatro.sp.gov.br\/portal\/wp-json\/wp\/v2\/posts\/3789\/revisions"}],"wp:featuredmedia":[{"embeddable":true,"href":"https:\/\/www.santaritadopassaquatro.sp.gov.br\/portal\/wp-json\/wp\/v2\/media\/3792"}],"wp:attachment":[{"href":"https:\/\/www.santaritadopassaquatro.sp.gov.br\/portal\/wp-json\/wp\/v2\/media?parent=3789"}],"wp:term":[{"taxonomy":"category","embeddable":true,"href":"https:\/\/www.santaritadopassaquatro.sp.gov.br\/portal\/wp-json\/wp\/v2\/categories?post=3789"},{"taxonomy":"post_tag","embeddable":true,"href":"https:\/\/www.santaritadopassaquatro.sp.gov.br\/portal\/wp-json\/wp\/v2\/tags?post=3789"}],"curies":[{"name":"wp","href":"https:\/\/api.w.org\/{rel}","templated":true}]}}