{"id":3796,"date":"2020-05-21T14:28:51","date_gmt":"2020-05-21T17:28:51","guid":{"rendered":"http:\/\/www.santaritadopassaquatro.sp.gov.br\/portal\/?p=3796"},"modified":"2020-05-21T14:28:51","modified_gmt":"2020-05-21T17:28:51","slug":"covid-19-respiradores-consertados-pelo-senai-estao-prontos-e-instalados-na-santa-casa","status":"publish","type":"post","link":"https:\/\/www.santaritadopassaquatro.sp.gov.br\/portal\/covid-19-respiradores-consertados-pelo-senai-estao-prontos-e-instalados-na-santa-casa\/","title":{"rendered":"COVID-19:\u00a0Respiradores consertados pelo Senai est\u00e3o prontos e instalados na Santa Casa"},"content":{"rendered":"<p><strong><em>Dois dos tr\u00eas equipamentos enviados para reparos est\u00e3o recuperados, ampliando a capacidade de atendimento no \u201cgrip\u00e1rio\u201d do hospital <\/em><\/strong><\/p>\n<p><strong><em>\u00a0<\/em><\/strong><\/p>\n<figure id=\"attachment_3797\" aria-describedby=\"caption-attachment-3797\" style=\"width: 335px\" class=\"wp-caption alignleft\"><img decoding=\"async\" class=\"wp-image-3797 \" src=\"http:\/\/www.santaritadopassaquatro.sp.gov.br\/portal\/wp-content\/uploads\/2020\/05\/Respiardores-Consertados-300x200.jpg\" alt=\"\" width=\"335\" height=\"223\" srcset=\"https:\/\/www.santaritadopassaquatro.sp.gov.br\/portal\/wp-content\/uploads\/2020\/05\/Respiardores-Consertados-300x200.jpg 300w, https:\/\/www.santaritadopassaquatro.sp.gov.br\/portal\/wp-content\/uploads\/2020\/05\/Respiardores-Consertados-768x512.jpg 768w, https:\/\/www.santaritadopassaquatro.sp.gov.br\/portal\/wp-content\/uploads\/2020\/05\/Respiardores-Consertados-1024x683.jpg 1024w\" sizes=\"(max-width: 335px) 100vw, 335px\" \/><figcaption id=\"caption-attachment-3797\" class=\"wp-caption-text\"><span style=\"font-size: 8pt; color: #999999;\"><em><strong>Prefeito e representantes da Santa Casa junto aos respiradores consertados j\u00e1 instalados no grip\u00e1rio da Santa Casa (AssCom\/Divulga\u00e7\u00e3o)<\/strong><\/em><\/span><\/figcaption><\/figure>\n<p>Santa Rita do Passa Quatro recebeu mais um grande refor\u00e7o no combate ao Covid-19 (novo coronav\u00edrus) no munic\u00edpio. Chegaram na semana passada dois aparelhos respiradores, encaminhados para conserto, j\u00e1 totalmente recuperados.<\/p>\n<p>Os equipamentos foram recuperados para o Senai (Servi\u00e7o Nacional de Aprendizagem Industrial) de S\u00e3o Paulo, por meio de seu n\u00facleo Odonto-M\u00e9dico-Hospitalar, que est\u00e1 consertando respiradores hospitalares artificiais, equipamentos essenciais no tratamento dos casos mais graves da Covid-19<\/p>\n<p>No \u00faltimo m\u00eas de abril, ao tomar conhecimento do programa do Senai, o prefeito Leandro Luciano dos Santos imediatamente entrou em contato com o diretor cl\u00ednico, Dr. Luis Oct\u00e1vio Baldin Caltran, e diretor administrativo da Santa Casa, Rafael Romantini, oferecendo a parceria para poder encaminhar tr\u00eas respiradores ao Senai de Araraquara, de onde foram destinados a uma das unidades de S\u00e3o Paulo, para a realiza\u00e7\u00e3o dos reparos.<\/p>\n<p>Dois dos tr\u00eas aparelhos estavam em condi\u00e7\u00f5es e puderam ser recuperados gratuitamente. Os respiradores retornaram a Santa Rita no \u00faltimo dia 12\/5, ter\u00e7a-feira, acompanhados de laudo t\u00e9cnico e certifica\u00e7\u00f5es, documentos emitidos pelo Senai.<\/p>\n<p>No mesmo dia, os equipamentos j\u00e1 foram encaminhados para a Santa Casa, onde se encontram instalados no \u201cgrip\u00e1rio\u201d, nova ala de atendimento, totalmente preparada com apoio de empres\u00e1rios e comerciantes da cidade.<\/p>\n<p>Com os novos respiradores, a Santa Casa amplia sua capacidade de atendimento em caso de surto da doen\u00e7a no munic\u00edpio.<\/p>\n<p>\u201cCom isso aumentaremos nossos equipamentos para cada vez mais deixar nossa Santa Casa preparada e pronta para combater o Covid 19\u201d, disse o prefeito.<\/p>\n<p>&nbsp;<\/p>\n<p>&nbsp;<\/p>\n<p>&nbsp;<\/p>\n<p>&nbsp;<\/p>\n","protected":false},"excerpt":{"rendered":"<p>Dois dos tr\u00eas equipamentos enviados para reparos est\u00e3o recuperados, ampliando a capacidade de atendimento no \u201cgrip\u00e1rio\u201d do hospital \u00a0 Santa<\/p>\n","protected":false},"author":1,"featured_media":3798,"comment_status":"closed","ping_status":"open","sticky":false,"template":"","format":"standard","meta":{"footnotes":""},"categories":[40,52,58],"tags":[],"class_list":["post-3796","post","type-post","status-publish","format-standard","has-post-thumbnail","hentry","category-covid-19","category-latest","category-health"],"_links":{"self":[{"href":"https:\/\/www.santaritadopassaquatro.sp.gov.br\/portal\/wp-json\/wp\/v2\/posts\/3796","targetHints":{"allow":["GET"]}}],"collection":[{"href":"https:\/\/www.santaritadopassaquatro.sp.gov.br\/portal\/wp-json\/wp\/v2\/posts"}],"about":[{"href":"https:\/\/www.santaritadopassaquatro.sp.gov.br\/portal\/wp-json\/wp\/v2\/types\/post"}],"author":[{"embeddable":true,"href":"https:\/\/www.santaritadopassaquatro.sp.gov.br\/portal\/wp-json\/wp\/v2\/users\/1"}],"replies":[{"embeddable":true,"href":"https:\/\/www.santaritadopassaquatro.sp.gov.br\/portal\/wp-json\/wp\/v2\/comments?post=3796"}],"version-history":[{"count":1,"href":"https:\/\/www.santaritadopassaquatro.sp.gov.br\/portal\/wp-json\/wp\/v2\/posts\/3796\/revisions"}],"predecessor-version":[{"id":3799,"href":"https:\/\/www.santaritadopassaquatro.sp.gov.br\/portal\/wp-json\/wp\/v2\/posts\/3796\/revisions\/3799"}],"wp:featuredmedia":[{"embeddable":true,"href":"https:\/\/www.santaritadopassaquatro.sp.gov.br\/portal\/wp-json\/wp\/v2\/media\/3798"}],"wp:attachment":[{"href":"https:\/\/www.santaritadopassaquatro.sp.gov.br\/portal\/wp-json\/wp\/v2\/media?parent=3796"}],"wp:term":[{"taxonomy":"category","embeddable":true,"href":"https:\/\/www.santaritadopassaquatro.sp.gov.br\/portal\/wp-json\/wp\/v2\/categories?post=3796"},{"taxonomy":"post_tag","embeddable":true,"href":"https:\/\/www.santaritadopassaquatro.sp.gov.br\/portal\/wp-json\/wp\/v2\/tags?post=3796"}],"curies":[{"name":"wp","href":"https:\/\/api.w.org\/{rel}","templated":true}]}}