{"id":3800,"date":"2020-05-21T14:31:46","date_gmt":"2020-05-21T17:31:46","guid":{"rendered":"http:\/\/www.santaritadopassaquatro.sp.gov.br\/portal\/?p=3800"},"modified":"2020-05-21T16:51:09","modified_gmt":"2020-05-21T19:51:09","slug":"santa-rita-160-anos-em-tempo-de-pandeia-programacao-de-aniversario-inova-para-evitar-aglomeracao","status":"publish","type":"post","link":"https:\/\/www.santaritadopassaquatro.sp.gov.br\/portal\/santa-rita-160-anos-em-tempo-de-pandeia-programacao-de-aniversario-inova-para-evitar-aglomeracao\/","title":{"rendered":"SANTA RITA 160 ANOS\u00a0Em tempo de pandemia, programa\u00e7\u00e3o de anivers\u00e1rio inova para evitar aglomera\u00e7\u00e3o  \u00a0"},"content":{"rendered":"<p>&nbsp;<\/p>\n<p><strong><em>Em conjunto com Departamento Municipal de Cultura e Turismo, atra\u00e7\u00f5es se apresentam pela internet, em \u201clives\u201d<\/em><\/strong><\/p>\n<p><strong>\u00a0<\/strong><\/p>\n<p><img decoding=\"async\" class=\"alignnone size-medium wp-image-3802 alignleft\" src=\"http:\/\/www.santaritadopassaquatro.sp.gov.br\/portal\/wp-content\/uploads\/2020\/05\/98203908_846575122503503_7452914297568493568_o-229x300.jpg\" alt=\"\" width=\"229\" height=\"300\" srcset=\"https:\/\/www.santaritadopassaquatro.sp.gov.br\/portal\/wp-content\/uploads\/2020\/05\/98203908_846575122503503_7452914297568493568_o-229x300.jpg 229w, https:\/\/www.santaritadopassaquatro.sp.gov.br\/portal\/wp-content\/uploads\/2020\/05\/98203908_846575122503503_7452914297568493568_o-768x1008.jpg 768w, https:\/\/www.santaritadopassaquatro.sp.gov.br\/portal\/wp-content\/uploads\/2020\/05\/98203908_846575122503503_7452914297568493568_o-780x1024.jpg 780w, https:\/\/www.santaritadopassaquatro.sp.gov.br\/portal\/wp-content\/uploads\/2020\/05\/98203908_846575122503503_7452914297568493568_o.jpg 1169w\" sizes=\"(max-width: 229px) 100vw, 229px\" \/>Santa Rita do Passa Quatro completa 160 anos de funda\u00e7\u00e3o neste dia 22 de maio, e a Prefeitura Municipal, atrav\u00e9s do Departamento Municipal de Cultura e Turismo preparou uma programa\u00e7\u00e3o diferente, diante de uma situa\u00e7\u00e3o in\u00e9dita.<\/p>\n<p>O planeta vive uma pandemia da Covid-19 e a OMS (Organiza\u00e7\u00e3o Mundial de Sa\u00fade) recomenda o isolamento social, para evitar aglomera\u00e7\u00e3o de pessoas e a transmiss\u00e3o do novo coronav\u00edrus. A assim, a programa\u00e7\u00e3o de anivers\u00e1rio acontece <em>online, <\/em>com as j\u00e1 tradicionais <em>lives.<\/em><\/p>\n<figure id=\"attachment_3803\" aria-describedby=\"caption-attachment-3803\" style=\"width: 300px\" class=\"wp-caption alignright\"><img decoding=\"async\" class=\"wp-image-3803 size-medium\" src=\"http:\/\/www.santaritadopassaquatro.sp.gov.br\/portal\/wp-content\/uploads\/2020\/05\/banda_zequinha-300x200.jpg\" alt=\"\" width=\"300\" height=\"200\" srcset=\"https:\/\/www.santaritadopassaquatro.sp.gov.br\/portal\/wp-content\/uploads\/2020\/05\/banda_zequinha-300x200.jpg 300w, https:\/\/www.santaritadopassaquatro.sp.gov.br\/portal\/wp-content\/uploads\/2020\/05\/banda_zequinha-768x512.jpg 768w, https:\/\/www.santaritadopassaquatro.sp.gov.br\/portal\/wp-content\/uploads\/2020\/05\/banda_zequinha-1024x683.jpg 1024w\" sizes=\"(max-width: 300px) 100vw, 300px\" \/><figcaption id=\"caption-attachment-3803\" class=\"wp-caption-text\"><span style=\"font-size: 8pt; color: #999999;\"><em><strong>Tamb\u00e9m na sexta-feira, 22 de maio, a Banda Zequinha de Abreu apresenta sua live (Arquivo\/AssCom\/Divulga\u00e7\u00e3o)<\/strong><\/em><\/span><\/figcaption><\/figure>\n<p>A primeira atividade j\u00e1 aconteceu nesta quarta-feira (20\/5) com o grupo Bem Bolado. Na quinta-feira (21\/5), foi a vez do grupo Doce Palavra.<\/p>\n<p>A programa\u00e7\u00e3o continua nesta sexta-feira (22\/5) com <em>live<\/em> do consagrado violinista Paulo Paschoal, da Camerata D\u2019Arcos, que j\u00e1 se apresentou em Santa Rita, em 2014, tamb\u00e9m nas festividades de anivers\u00e1rio da cidade. A live de Paulo Paschoal poder\u00e1 ser acompanhada a partir das 17 horas, nas p\u00e1ginas do Facebook do artista (facebook\/paulopschoaloficial) e do Departamento de Cultura e Turismo (facebook\/culturaeturismodepto).<\/p>\n<p>Tamb\u00e9m no dia do anivers\u00e1rio da cidade, a Banda Musical Zequinha de Abreu ir\u00e1 apresentar sua <em>live<\/em> direto do Centro Cultural M\u00e1rio Covas, a partir das 19 horas. A atra\u00e7\u00e3o poder\u00e1 ser acessada tamb\u00e9m na p\u00e1gina do Departamento de Cultura e Turismo (facebook\/culturaeturismodepto).<\/p>\n<p>&nbsp;<\/p>\n<p><strong>CONFIRA PROGRAMA\u00c7\u00c3O DAS LIVES<\/strong><\/p>\n<p><strong>DIA 21 de maio (quinta-feira) \u2013 20 horas.<br \/>\n<\/strong>Grupo Doce Palavra &#8211; facebook\/culturaeturismodepto<\/p>\n<p><strong>DIA 22 de maio (sexta-feira) \u2013 17 horas.<br \/>\n<\/strong>Paulo Paschoal &#8211; facebook\/culturaeturismodepto &#8211; facebook\/paulopschoaloficial<\/p>\n<p><strong>DIA 22 de maio (sexta-feira) \u2013 19 horas.<br \/>\n<\/strong>Banda Musical Zequinha de Abreu &#8211; facebook\/culturaeturismodepto<\/p>\n<p>&nbsp;<\/p>\n<p>&nbsp;<\/p>\n<p>&nbsp;<\/p>\n<p>&nbsp;<\/p>\n<p>&nbsp;<\/p>\n","protected":false},"excerpt":{"rendered":"<p>&nbsp; Em conjunto com Departamento Municipal de Cultura e Turismo, atra\u00e7\u00f5es se apresentam pela internet, em \u201clives\u201d \u00a0 Santa Rita<\/p>\n","protected":false},"author":1,"featured_media":3801,"comment_status":"closed","ping_status":"open","sticky":false,"template":"","format":"standard","meta":{"footnotes":""},"categories":[40,46,52],"tags":[],"class_list":["post-3800","post","type-post","status-publish","format-standard","has-post-thumbnail","hentry","category-covid-19","category-cultura","category-latest"],"_links":{"self":[{"href":"https:\/\/www.santaritadopassaquatro.sp.gov.br\/portal\/wp-json\/wp\/v2\/posts\/3800","targetHints":{"allow":["GET"]}}],"collection":[{"href":"https:\/\/www.santaritadopassaquatro.sp.gov.br\/portal\/wp-json\/wp\/v2\/posts"}],"about":[{"href":"https:\/\/www.santaritadopassaquatro.sp.gov.br\/portal\/wp-json\/wp\/v2\/types\/post"}],"author":[{"embeddable":true,"href":"https:\/\/www.santaritadopassaquatro.sp.gov.br\/portal\/wp-json\/wp\/v2\/users\/1"}],"replies":[{"embeddable":true,"href":"https:\/\/www.santaritadopassaquatro.sp.gov.br\/portal\/wp-json\/wp\/v2\/comments?post=3800"}],"version-history":[{"count":2,"href":"https:\/\/www.santaritadopassaquatro.sp.gov.br\/portal\/wp-json\/wp\/v2\/posts\/3800\/revisions"}],"predecessor-version":[{"id":3812,"href":"https:\/\/www.santaritadopassaquatro.sp.gov.br\/portal\/wp-json\/wp\/v2\/posts\/3800\/revisions\/3812"}],"wp:featuredmedia":[{"embeddable":true,"href":"https:\/\/www.santaritadopassaquatro.sp.gov.br\/portal\/wp-json\/wp\/v2\/media\/3801"}],"wp:attachment":[{"href":"https:\/\/www.santaritadopassaquatro.sp.gov.br\/portal\/wp-json\/wp\/v2\/media?parent=3800"}],"wp:term":[{"taxonomy":"category","embeddable":true,"href":"https:\/\/www.santaritadopassaquatro.sp.gov.br\/portal\/wp-json\/wp\/v2\/categories?post=3800"},{"taxonomy":"post_tag","embeddable":true,"href":"https:\/\/www.santaritadopassaquatro.sp.gov.br\/portal\/wp-json\/wp\/v2\/tags?post=3800"}],"curies":[{"name":"wp","href":"https:\/\/api.w.org\/{rel}","templated":true}]}}