{"id":3805,"date":"2020-05-21T14:33:30","date_gmt":"2020-05-21T17:33:30","guid":{"rendered":"http:\/\/www.santaritadopassaquatro.sp.gov.br\/portal\/?p=3805"},"modified":"2020-05-21T14:37:27","modified_gmt":"2020-05-21T17:37:27","slug":"prestacao-de-contas-em-funcao-da-pandemia-audiencia-publica-da-saude-sera-online","status":"publish","type":"post","link":"https:\/\/www.santaritadopassaquatro.sp.gov.br\/portal\/prestacao-de-contas-em-funcao-da-pandemia-audiencia-publica-da-saude-sera-online\/","title":{"rendered":"PRESTA\u00c7\u00c3O DE CONTAS\u00a0Em fun\u00e7\u00e3o da pandemia, audi\u00eancia p\u00fablica da Sa\u00fade ser\u00e1 online"},"content":{"rendered":"<p><strong><em>A\u00e7\u00e3o atente \u00e0 Lei Complementar 141\/2012 e ir\u00e1 prestar contas das aplica\u00e7\u00f5es no setor durante o primeiro quadrimestre de 2020<\/em><\/strong><\/p>\n<p><strong><em>\u00a0<\/em><\/strong><\/p>\n<p>A cada quatro meses, a popula\u00e7\u00e3o de Santa Rita do Passa Quatro \u00e9 convidada a participar de audi\u00eancia p\u00fablica presencial presta\u00e7\u00e3o de contas quanto aos investimentos em sa\u00fade durante o per\u00edodo. No atual per\u00edodo, por\u00e9m, em decorr\u00eancia das medidas de enfrentamento \u00e0 Covid-19 (novo coronav\u00edrus), a a\u00e7\u00e3o ser\u00e1 realizada de forma eletr\u00f4nica, assim como ocorreu com a LDO (Lei de Diretrizes Or\u00e7ament\u00e1rias) para o exercido de 2021.<\/p>\n<p>O Departamento Municipal de Sa\u00fade est\u00e1 disponibilizando no site da prefeitura municipal. A consulta p\u00fablica tem como objetivo apresentar para a popula\u00e7\u00e3o todos os investimentos gerados durante o quadrimestre no setor de sa\u00fade.<\/p>\n<p>O material j\u00e1 est\u00e1 dispon\u00edvel no site da Prefeitura, www.santaritadopassaquatro.sp.gov.br, na aba \u201cConsulta P\u00fablica \u2013 Sa\u00fade\u201d, onde o morador pode acessar os relat\u00f3rios. Na mesma p\u00e1gina, o contribuinte poder\u00e1 preencher um formul\u00e1rio online com seus questionamentos.<\/p>\n<p>O acesso digital foi uma alternativa encontrada pelo Departamento de Sa\u00fade da Prefeitura para que o munic\u00edpio garantisse a preserva\u00e7\u00e3o das pessoas, evitando aglomera\u00e7\u00f5es, e cumprisse a legisla\u00e7\u00e3o. O m\u00e9todo tamb\u00e9m amplia a participa\u00e7\u00e3o da popula\u00e7\u00e3o, uma vez que o material pode ser acessado de qualquer dispositivo eletr\u00f4nico. O questionamento ser\u00e3o respondidos dentro dos prazos legais.<\/p>\n<p>A participa\u00e7\u00e3o da popula\u00e7\u00e3o \u00e9 de extrema import\u00e2ncia para que todos estejam cientes de como s\u00e3o utilizadas as verbas neste setor. Para isso, est\u00e3o dispon\u00edveis no site os relat\u00f3rios das despesas e o percentual aplicado, em rela\u00e7\u00e3o a arrecada\u00e7\u00e3o do munic\u00edpio.<\/p>\n<p>A presta\u00e7\u00e3o de contas atende ao Artigo 36 da Lei Complementar 141\/2012, que disp\u00f5e sobre os valores m\u00ednimos a serem aplicados, anualmente, pela Uni\u00e3o, Estados, Distrito Federal e Munic\u00edpios em a\u00e7\u00f5es e servi\u00e7os p\u00fablicos de sa\u00fade; estabelece os crit\u00e9rios de rateio dos recursos de transfer\u00eancias para a Sa\u00fade e as normas de fiscaliza\u00e7\u00e3o, avalia\u00e7\u00e3o e controle das despesas com sa\u00fade nas tr\u00eas esferas de governo. De acordo com a Constitui\u00e7\u00e3o Federal, os munic\u00edpios devem aplicar, no m\u00ednimo, 15% de sua receita tribut\u00e1ria em sa\u00fade p\u00fablica.<\/p>\n<p>&nbsp;<\/p>\n<p>&nbsp;<\/p>\n<p>&nbsp;<\/p>\n<p>&nbsp;<\/p>\n<p>&nbsp;<\/p>\n<p>&nbsp;<\/p>\n<p>&nbsp;<\/p>\n<p>&nbsp;<\/p>\n","protected":false},"excerpt":{"rendered":"<p>A\u00e7\u00e3o atente \u00e0 Lei Complementar 141\/2012 e ir\u00e1 prestar contas das aplica\u00e7\u00f5es no setor durante o primeiro quadrimestre de 2020<\/p>\n","protected":false},"author":1,"featured_media":3806,"comment_status":"closed","ping_status":"open","sticky":false,"template":"","format":"standard","meta":{"footnotes":""},"categories":[40,52,58],"tags":[],"class_list":["post-3805","post","type-post","status-publish","format-standard","has-post-thumbnail","hentry","category-covid-19","category-latest","category-health"],"_links":{"self":[{"href":"https:\/\/www.santaritadopassaquatro.sp.gov.br\/portal\/wp-json\/wp\/v2\/posts\/3805","targetHints":{"allow":["GET"]}}],"collection":[{"href":"https:\/\/www.santaritadopassaquatro.sp.gov.br\/portal\/wp-json\/wp\/v2\/posts"}],"about":[{"href":"https:\/\/www.santaritadopassaquatro.sp.gov.br\/portal\/wp-json\/wp\/v2\/types\/post"}],"author":[{"embeddable":true,"href":"https:\/\/www.santaritadopassaquatro.sp.gov.br\/portal\/wp-json\/wp\/v2\/users\/1"}],"replies":[{"embeddable":true,"href":"https:\/\/www.santaritadopassaquatro.sp.gov.br\/portal\/wp-json\/wp\/v2\/comments?post=3805"}],"version-history":[{"count":1,"href":"https:\/\/www.santaritadopassaquatro.sp.gov.br\/portal\/wp-json\/wp\/v2\/posts\/3805\/revisions"}],"predecessor-version":[{"id":3807,"href":"https:\/\/www.santaritadopassaquatro.sp.gov.br\/portal\/wp-json\/wp\/v2\/posts\/3805\/revisions\/3807"}],"wp:featuredmedia":[{"embeddable":true,"href":"https:\/\/www.santaritadopassaquatro.sp.gov.br\/portal\/wp-json\/wp\/v2\/media\/3806"}],"wp:attachment":[{"href":"https:\/\/www.santaritadopassaquatro.sp.gov.br\/portal\/wp-json\/wp\/v2\/media?parent=3805"}],"wp:term":[{"taxonomy":"category","embeddable":true,"href":"https:\/\/www.santaritadopassaquatro.sp.gov.br\/portal\/wp-json\/wp\/v2\/categories?post=3805"},{"taxonomy":"post_tag","embeddable":true,"href":"https:\/\/www.santaritadopassaquatro.sp.gov.br\/portal\/wp-json\/wp\/v2\/tags?post=3805"}],"curies":[{"name":"wp","href":"https:\/\/api.w.org\/{rel}","templated":true}]}}