{"id":3808,"date":"2020-05-21T14:35:54","date_gmt":"2020-05-21T17:35:54","guid":{"rendered":"http:\/\/www.santaritadopassaquatro.sp.gov.br\/portal\/?p=3808"},"modified":"2020-05-21T14:35:54","modified_gmt":"2020-05-21T17:35:54","slug":"santa-rita-160-anos-reformado-pas-jose-rodrigues-palhares-sera-entregue-no-aniversario-da-cidade","status":"publish","type":"post","link":"https:\/\/www.santaritadopassaquatro.sp.gov.br\/portal\/santa-rita-160-anos-reformado-pas-jose-rodrigues-palhares-sera-entregue-no-aniversario-da-cidade\/","title":{"rendered":"SANTA RITA 160 ANOS\u00a0Reformado, PAS Jos\u00e9 Rodrigues Palhares ser\u00e1 entregue no anivers\u00e1rio da cidade"},"content":{"rendered":"<p><strong><em>Conhecido como \u201cPostinho\u201d, unidade de sa\u00fade no Jd. Cel. Joaquim Victor, recebeu melhorias e amplia\u00e7\u00e3o; retorno do atendimento ao p\u00fablico ser\u00e1 gradual<\/em><\/strong><\/p>\n<p><strong><em>\u00a0<\/em><\/strong><\/p>\n<figure id=\"attachment_3810\" aria-describedby=\"caption-attachment-3810\" style=\"width: 300px\" class=\"wp-caption alignleft\"><img decoding=\"async\" class=\"wp-image-3810 size-medium\" src=\"http:\/\/www.santaritadopassaquatro.sp.gov.br\/portal\/wp-content\/uploads\/2020\/05\/IMG_6930-300x200.jpg\" alt=\"\" width=\"300\" height=\"200\" srcset=\"https:\/\/www.santaritadopassaquatro.sp.gov.br\/portal\/wp-content\/uploads\/2020\/05\/IMG_6930-300x200.jpg 300w, https:\/\/www.santaritadopassaquatro.sp.gov.br\/portal\/wp-content\/uploads\/2020\/05\/IMG_6930-768x512.jpg 768w, https:\/\/www.santaritadopassaquatro.sp.gov.br\/portal\/wp-content\/uploads\/2020\/05\/IMG_6930-1024x683.jpg 1024w\" sizes=\"(max-width: 300px) 100vw, 300px\" \/><figcaption id=\"caption-attachment-3810\" class=\"wp-caption-text\"><span style=\"font-size: 8pt; color: #999999;\"><strong>O prefeito com proprietario da empresa parceira durante a reforma do postinho (Arquivo\/AssCom\/Divulga\u00e7\u00e3o)<\/strong><\/span><\/figcaption><\/figure>\n<p>Com a reforma totalmente conclu\u00edda, o PAS (Posto de Assist\u00eancia \u00e0 Sa\u00fade) Jos\u00e9 Rodrigues Palhares Filho, em Santa Rita do Passa Quatro, ser\u00e1 entregue \u00e0 popula\u00e7\u00e3o nesta sexta-feira, 22 de maio, dia em que o munic\u00edpio completa 160 anos de funda\u00e7\u00e3o.<\/p>\n<p>Conhecida como \u201cPostinho\u201d, a unidade localizada no Jd. Cel. Victor Meirelles, foi ampliada, recebendo uma ampla \u00e1rea de recep\u00e7\u00e3o para o p\u00fablico, solucionando um antigo problema, dos pacientes que esperavam pelo atendimento do lado de fora do pr\u00e9dio.<\/p>\n<p>O local tamb\u00e9m recebeu novos pisos e revestimentos, nova pintura, recupera\u00e7\u00e3o total dos telhado e calhas, visando solucionar problemas de infiltra\u00e7\u00e3o. O pr\u00e9dio tamb\u00e9m foi adaptado para proporcionar acessibilidade a portadores de necessidades especiais, com portas mais amplas e rampas de acesso.<\/p>\n<p>A entrega ir\u00e1 acontecer seguindo protocolos de seguran\u00e7a estabelecidos pelo Departamento Municipal de Sa\u00fade, seguindo orienta\u00e7\u00f5es do Minist\u00e9rio da Sa\u00fade e da OMS (Organiza\u00e7\u00e3o Mundial da Sa\u00fade), para evitar aglomera\u00e7\u00e3o, durante a pandemia de Covid-19.<\/p>\n<p>&nbsp;<\/p>\n<p><strong>PARCERIA<\/strong><\/p>\n<p>Visando a melhoria do atendimento \u00e0 popula\u00e7\u00e3o santa-ritense, a reforma do PAS Jos\u00e9 Rodrigues Palhares Filho foi realizada em parceria p\u00fablico-privada, com recursos destinados pela empresa I9 Bens, da cidade Americana, que est\u00e1 realizando um empreendimento imobili\u00e1rio no munic\u00edpio e atendeu prontamente \u00e0 solicita\u00e7\u00e3o do prefeito Leandro Luciano dos Santos para realiza\u00e7\u00e3o da obra.<\/p>\n<p>&nbsp;<\/p>\n<p><strong>TRANSI\u00c7\u00c3O <\/strong><\/p>\n<p>No per\u00edodo das obras e neste momento de transi\u00e7\u00e3o, os pacientes est\u00e3o sendo atendidos na UBS (Unidade B\u00e1sica de Sa\u00fade) Pedro Franco de Oliveira, no Jardim Lagoinha. O retorno do atendimento para o postinho reformado ir\u00e1 acontecer de forma gradual, j\u00e1 que, por determina\u00e7\u00e3o do Minist\u00e9rio da Sa\u00fade, n\u00e3o poder\u00e1 ocorrer interrup\u00e7\u00e3o em fun\u00e7\u00e3o da pandemia da Covid-19.<\/p>\n<p>Todos os procedimentos, como consultas e exames ir\u00e3o continuar sendo realizados na UBS da Lagoinha, at\u00e9 o final da transi\u00e7\u00e3o.<\/p>\n<p>&nbsp;<\/p>\n<p>&nbsp;<\/p>\n<p>&nbsp;<\/p>\n","protected":false},"excerpt":{"rendered":"<p>Conhecido como \u201cPostinho\u201d, unidade de sa\u00fade no Jd. Cel. Joaquim Victor, recebeu melhorias e amplia\u00e7\u00e3o; retorno do atendimento ao p\u00fablico<\/p>\n","protected":false},"author":1,"featured_media":3809,"comment_status":"closed","ping_status":"open","sticky":false,"template":"","format":"standard","meta":{"footnotes":""},"categories":[44,52,58],"tags":[],"class_list":["post-3808","post","type-post","status-publish","format-standard","has-post-thumbnail","hentry","category-cidades","category-latest","category-health"],"_links":{"self":[{"href":"https:\/\/www.santaritadopassaquatro.sp.gov.br\/portal\/wp-json\/wp\/v2\/posts\/3808","targetHints":{"allow":["GET"]}}],"collection":[{"href":"https:\/\/www.santaritadopassaquatro.sp.gov.br\/portal\/wp-json\/wp\/v2\/posts"}],"about":[{"href":"https:\/\/www.santaritadopassaquatro.sp.gov.br\/portal\/wp-json\/wp\/v2\/types\/post"}],"author":[{"embeddable":true,"href":"https:\/\/www.santaritadopassaquatro.sp.gov.br\/portal\/wp-json\/wp\/v2\/users\/1"}],"replies":[{"embeddable":true,"href":"https:\/\/www.santaritadopassaquatro.sp.gov.br\/portal\/wp-json\/wp\/v2\/comments?post=3808"}],"version-history":[{"count":0,"href":"https:\/\/www.santaritadopassaquatro.sp.gov.br\/portal\/wp-json\/wp\/v2\/posts\/3808\/revisions"}],"wp:featuredmedia":[{"embeddable":true,"href":"https:\/\/www.santaritadopassaquatro.sp.gov.br\/portal\/wp-json\/wp\/v2\/media\/3809"}],"wp:attachment":[{"href":"https:\/\/www.santaritadopassaquatro.sp.gov.br\/portal\/wp-json\/wp\/v2\/media?parent=3808"}],"wp:term":[{"taxonomy":"category","embeddable":true,"href":"https:\/\/www.santaritadopassaquatro.sp.gov.br\/portal\/wp-json\/wp\/v2\/categories?post=3808"},{"taxonomy":"post_tag","embeddable":true,"href":"https:\/\/www.santaritadopassaquatro.sp.gov.br\/portal\/wp-json\/wp\/v2\/tags?post=3808"}],"curies":[{"name":"wp","href":"https:\/\/api.w.org\/{rel}","templated":true}]}}