{"id":3835,"date":"2020-05-29T15:36:56","date_gmt":"2020-05-29T18:36:56","guid":{"rendered":"http:\/\/www.santaritadopassaquatro.sp.gov.br\/portal\/?p=3835"},"modified":"2020-05-29T15:36:56","modified_gmt":"2020-05-29T18:36:56","slug":"santa-rita-160-anos-prefeitura-entrega-a-pas-jose-rodrigues-palhares-totalmente-reformado","status":"publish","type":"post","link":"https:\/\/www.santaritadopassaquatro.sp.gov.br\/portal\/santa-rita-160-anos-prefeitura-entrega-a-pas-jose-rodrigues-palhares-totalmente-reformado\/","title":{"rendered":"SANTA RITA 160 ANOS  Prefeitura entrega a PAS Jos\u00e9 Rodrigues Palhares totalmente reformado"},"content":{"rendered":"<p><strong><em>Cerim\u00f4nia contou com presen\u00e7a de familiares respeitando protocolos de seguran\u00e7a por conta da pandemia de Covid-19<\/em><\/strong><\/p>\n<p><strong><em>\u00a0<\/em><\/strong><\/p>\n<figure id=\"attachment_3838\" aria-describedby=\"caption-attachment-3838\" style=\"width: 300px\" class=\"wp-caption alignleft\"><img decoding=\"async\" class=\"wp-image-3838 size-medium\" src=\"http:\/\/www.santaritadopassaquatro.sp.gov.br\/portal\/wp-content\/uploads\/2020\/05\/Inauguracao_postinho_fot02_participantes-300x200.jpg\" alt=\"\" width=\"300\" height=\"200\" srcset=\"https:\/\/www.santaritadopassaquatro.sp.gov.br\/portal\/wp-content\/uploads\/2020\/05\/Inauguracao_postinho_fot02_participantes-300x200.jpg 300w, https:\/\/www.santaritadopassaquatro.sp.gov.br\/portal\/wp-content\/uploads\/2020\/05\/Inauguracao_postinho_fot02_participantes-768x512.jpg 768w, https:\/\/www.santaritadopassaquatro.sp.gov.br\/portal\/wp-content\/uploads\/2020\/05\/Inauguracao_postinho_fot02_participantes-1024x683.jpg 1024w\" sizes=\"(max-width: 300px) 100vw, 300px\" \/><figcaption id=\"caption-attachment-3838\" class=\"wp-caption-text\"><span style=\"font-size: 8pt; color: #999999;\"><em><strong>Participantes da restrita solenidade de entrega do PAS Jos\u00e9 Rodrigues Palhares (AssCom\/Divulga\u00e7\u00e3o)<\/strong><\/em><\/span><\/figcaption><\/figure>\n<p>Santa Rita do Passa Quatro completou 160 anos de funda\u00e7\u00e3o no \u00faltimo dia 22 de maio, sexta-feira, e em fun\u00e7\u00e3o da pandemia de Covid-19, os eventos comemorativos foram todos suspensos. Respeitando os protocolos de seguran\u00e7a estabelecidos pelo Departamento Municipal de Sa\u00fade, seguindo orienta\u00e7\u00f5es do Minist\u00e9rio da Sa\u00fade e da OMS (Organiza\u00e7\u00e3o Mundial da Sa\u00fade), para evitar aglomera\u00e7\u00e3o, a prefeitura realizou a entrega das reformas do PAS (Posto de Assist\u00eancia \u00e0 Sa\u00fade) Jos\u00e9 Rodrigues Palhares Filho.<\/p>\n<figure id=\"attachment_3809\" aria-describedby=\"caption-attachment-3809\" style=\"width: 300px\" class=\"wp-caption alignright\"><img decoding=\"async\" class=\"wp-image-3809 size-medium\" src=\"http:\/\/www.santaritadopassaquatro.sp.gov.br\/portal\/wp-content\/uploads\/2020\/05\/postinha_aerea-300x168.jpg\" alt=\"\" width=\"300\" height=\"168\" srcset=\"https:\/\/www.santaritadopassaquatro.sp.gov.br\/portal\/wp-content\/uploads\/2020\/05\/postinha_aerea-300x168.jpg 300w, https:\/\/www.santaritadopassaquatro.sp.gov.br\/portal\/wp-content\/uploads\/2020\/05\/postinha_aerea-768x431.jpg 768w, https:\/\/www.santaritadopassaquatro.sp.gov.br\/portal\/wp-content\/uploads\/2020\/05\/postinha_aerea-1024x575.jpg 1024w, https:\/\/www.santaritadopassaquatro.sp.gov.br\/portal\/wp-content\/uploads\/2020\/05\/postinha_aerea-800x445.jpg 800w\" sizes=\"(max-width: 300px) 100vw, 300px\" \/><figcaption id=\"caption-attachment-3809\" class=\"wp-caption-text\"><span style=\"font-size: 8pt; color: #999999;\"><em><strong>O postinho j\u00e1 reformado e entregue \u00e0 popula\u00e7\u00e3o neste dia de anivers\u00e1rio da cidade (Sun7Films\/Divulga\u00e7\u00e3o)<\/strong><\/em><\/span><\/figcaption><\/figure>\n<p>Conhecido como \u201cPostinho\u201d, o PAS foi totalmente reformado, em parceria com a iniciativa privada, atrav\u00e9s da empresa I9 Bens, da cidade Americana, que est\u00e1 realizando um empreendimento imobili\u00e1rio no munic\u00edpio e atendeu prontamente \u00e0 solicita\u00e7\u00e3o do prefeito Leandro Luciano dos Santos para realiza\u00e7\u00e3o da obra.<\/p>\n<p>A unidade localizada no Jd. Cel. Victor Meirelles, foi ampliada, recebendo uma nova \u00e1rea de recep\u00e7\u00e3o para o p\u00fablico, solucionando um antigo problema, dos pacientes que esperavam pelo atendimento do lado de fora do pr\u00e9dio.<\/p>\n<figure id=\"attachment_3836\" aria-describedby=\"caption-attachment-3836\" style=\"width: 300px\" class=\"wp-caption alignleft\"><img decoding=\"async\" class=\"wp-image-3836 size-medium\" src=\"http:\/\/www.santaritadopassaquatro.sp.gov.br\/portal\/wp-content\/uploads\/2020\/05\/inauguracao_postinho_foto03_placa-300x200.jpg\" alt=\"\" width=\"300\" height=\"200\" srcset=\"https:\/\/www.santaritadopassaquatro.sp.gov.br\/portal\/wp-content\/uploads\/2020\/05\/inauguracao_postinho_foto03_placa-300x200.jpg 300w, https:\/\/www.santaritadopassaquatro.sp.gov.br\/portal\/wp-content\/uploads\/2020\/05\/inauguracao_postinho_foto03_placa-768x512.jpg 768w, https:\/\/www.santaritadopassaquatro.sp.gov.br\/portal\/wp-content\/uploads\/2020\/05\/inauguracao_postinho_foto03_placa-1024x683.jpg 1024w\" sizes=\"(max-width: 300px) 100vw, 300px\" \/><figcaption id=\"caption-attachment-3836\" class=\"wp-caption-text\"><span style=\"font-size: 8pt; color: #999999;\"><em><strong>Momento do descerramento da placa inaugural, com autoridades e familiares do homenageado (AssCom\/Divulga\u00e7\u00e3o)<\/strong><\/em><\/span><\/figcaption><\/figure>\n<p>O local tamb\u00e9m recebeu novos pisos e revestimentos, nova pintura, recupera\u00e7\u00e3o total dos telhado e calhas, visando solucionar problemas de infiltra\u00e7\u00e3o. O pr\u00e9dio tamb\u00e9m foi adaptado para proporcionar acessibilidade a portadores de necessidades especiais, com portas mais amplas e rampas de acesso.<\/p>\n<p>A entrega contou com poucos participantes. Al\u00e9m do prefeito, estiveram presentes a vice-prefeita Maria Rita Mondim de Oliveira, o presidente da C\u00e2mara Municipal, Paulo Cesar Missiatto, a diretora do Departamento Municipal de Sa\u00fade, Rosileia Carolina Prearo Pelegrin Perrone, a filha e a vi\u00fava do homenageado, Maria Dulce Palhares e C\u00e9lia Brito, al\u00e9m do diretor presidente da I9 Bens, Jamil Borges da Costa.<\/p>\n<p>&nbsp;<\/p>\n<figure id=\"attachment_3837\" aria-describedby=\"caption-attachment-3837\" style=\"width: 300px\" class=\"wp-caption alignright\"><img decoding=\"async\" class=\"wp-image-3837 size-medium\" src=\"http:\/\/www.santaritadopassaquatro.sp.gov.br\/portal\/wp-content\/uploads\/2020\/05\/Inaguracao_postinho_foto04_recepcao-300x200.jpg\" alt=\"\" width=\"300\" height=\"200\" srcset=\"https:\/\/www.santaritadopassaquatro.sp.gov.br\/portal\/wp-content\/uploads\/2020\/05\/Inaguracao_postinho_foto04_recepcao-300x200.jpg 300w, https:\/\/www.santaritadopassaquatro.sp.gov.br\/portal\/wp-content\/uploads\/2020\/05\/Inaguracao_postinho_foto04_recepcao-768x512.jpg 768w, https:\/\/www.santaritadopassaquatro.sp.gov.br\/portal\/wp-content\/uploads\/2020\/05\/Inaguracao_postinho_foto04_recepcao-1024x683.jpg 1024w\" sizes=\"(max-width: 300px) 100vw, 300px\" \/><figcaption id=\"caption-attachment-3837\" class=\"wp-caption-text\"><span style=\"font-size: 8pt; color: #999999;\"><em><strong>\u00c1rea de recep\u00e7\u00e3o dos pacientes, umas das amplia\u00e7\u00f5es na unidade de sa\u00fade totalmente reformada (AssCom\/Divulga\u00e7\u00e3o)<\/strong><\/em><\/span><\/figcaption><\/figure>\n<p><strong>TRANSI\u00c7\u00c3O <\/strong><\/p>\n<p>Desde o per\u00edodo das obras, os pacientes do PAS Jos\u00e9 Rodrigues Palhares v\u00eam sendo atendidos na UBS (Unidade B\u00e1sica de Sa\u00fade) Pedro Franco de Oliveira, no Jardim Lagoinha. O retorno do atendimento para o postinho reformado ir\u00e1 acontecer de forma gradual, j\u00e1 que, por determina\u00e7\u00e3o do Minist\u00e9rio da Sa\u00fade, n\u00e3o poder\u00e1 ocorrer interrup\u00e7\u00e3o em fun\u00e7\u00e3o da pandemia da Covid-19.<\/p>\n<p>Todos os procedimentos, como consultas e exames ir\u00e3o continuar sendo realizados na UBS da Lagoinha, at\u00e9 o final da transi\u00e7\u00e3o.<\/p>\n<p>&nbsp;<\/p>\n<p>&nbsp;<\/p>\n<p>&nbsp;<\/p>\n<p>&nbsp;<\/p>\n","protected":false},"excerpt":{"rendered":"<p>Cerim\u00f4nia contou com presen\u00e7a de familiares respeitando protocolos de seguran\u00e7a por conta da pandemia de Covid-19 \u00a0 Santa Rita do<\/p>\n","protected":false},"author":1,"featured_media":0,"comment_status":"closed","ping_status":"open","sticky":false,"template":"","format":"standard","meta":{"footnotes":""},"categories":[40,52,58],"tags":[],"class_list":["post-3835","post","type-post","status-publish","format-standard","hentry","category-covid-19","category-latest","category-health"],"_links":{"self":[{"href":"https:\/\/www.santaritadopassaquatro.sp.gov.br\/portal\/wp-json\/wp\/v2\/posts\/3835","targetHints":{"allow":["GET"]}}],"collection":[{"href":"https:\/\/www.santaritadopassaquatro.sp.gov.br\/portal\/wp-json\/wp\/v2\/posts"}],"about":[{"href":"https:\/\/www.santaritadopassaquatro.sp.gov.br\/portal\/wp-json\/wp\/v2\/types\/post"}],"author":[{"embeddable":true,"href":"https:\/\/www.santaritadopassaquatro.sp.gov.br\/portal\/wp-json\/wp\/v2\/users\/1"}],"replies":[{"embeddable":true,"href":"https:\/\/www.santaritadopassaquatro.sp.gov.br\/portal\/wp-json\/wp\/v2\/comments?post=3835"}],"version-history":[{"count":1,"href":"https:\/\/www.santaritadopassaquatro.sp.gov.br\/portal\/wp-json\/wp\/v2\/posts\/3835\/revisions"}],"predecessor-version":[{"id":3839,"href":"https:\/\/www.santaritadopassaquatro.sp.gov.br\/portal\/wp-json\/wp\/v2\/posts\/3835\/revisions\/3839"}],"wp:attachment":[{"href":"https:\/\/www.santaritadopassaquatro.sp.gov.br\/portal\/wp-json\/wp\/v2\/media?parent=3835"}],"wp:term":[{"taxonomy":"category","embeddable":true,"href":"https:\/\/www.santaritadopassaquatro.sp.gov.br\/portal\/wp-json\/wp\/v2\/categories?post=3835"},{"taxonomy":"post_tag","embeddable":true,"href":"https:\/\/www.santaritadopassaquatro.sp.gov.br\/portal\/wp-json\/wp\/v2\/tags?post=3835"}],"curies":[{"name":"wp","href":"https:\/\/api.w.org\/{rel}","templated":true}]}}