{"id":3840,"date":"2020-06-01T15:03:13","date_gmt":"2020-06-01T18:03:13","guid":{"rendered":"http:\/\/www.santaritadopassaquatro.sp.gov.br\/portal\/?p=3840"},"modified":"2020-06-01T15:03:13","modified_gmt":"2020-06-01T18:03:13","slug":"comunicado-covid-19","status":"publish","type":"post","link":"https:\/\/www.santaritadopassaquatro.sp.gov.br\/portal\/comunicado-covid-19\/","title":{"rendered":"COMUNICADO &#8211; COVID-19"},"content":{"rendered":"<p>Confira o COMUNICADO oficial a respeito de funcionamento dos estabelecimentos e servi\u00e7os relacionados no DECRETO N\u00ba2923 \/2020 fica condicionado \u00e0 implementa\u00e7\u00e3o de <strong>medidas de seguran\u00e7a sanit\u00e1ria<\/strong>, a fim de evitar a <strong>aglomera\u00e7\u00e3o de pessoas<\/strong>, bem como das seguintes regras, de acordo com a especificidade de cada estabelecimento e servi\u00e7o.<\/p>\n<p><a href=\"http:\/\/www.santaritadopassaquatro.sp.gov.br\/portal\/wp-content\/uploads\/2020\/06\/COMUNICADO-COVID-19.pdf\">COMUNICADO COVID 19<\/a><\/p>\n<p>Baixe tamb\u00e9m a edi\u00e7\u00e3o do <a href=\"https:\/\/dosp.com.br\/exibe_do.php?i=MTExNDIy\">Di\u00e1rio Oficial Eletr\u00f4nico do Munic\u00edpio<\/a>, com o Decreto N\u00ba 2923.<\/p>\n<p>&nbsp;<\/p>\n<p>&nbsp;<\/p>\n<p>&nbsp;<\/p>\n<p>&nbsp;<\/p>\n<p>&nbsp;<\/p>\n","protected":false},"excerpt":{"rendered":"<p>Confira o COMUNICADO oficial a respeito de funcionamento dos estabelecimentos e servi\u00e7os relacionados no DECRETO N\u00ba2923 \/2020 fica condicionado \u00e0<\/p>\n","protected":false},"author":1,"featured_media":0,"comment_status":"closed","ping_status":"open","sticky":false,"template":"","format":"standard","meta":{"footnotes":""},"categories":[40],"tags":[],"class_list":["post-3840","post","type-post","status-publish","format-standard","hentry","category-covid-19"],"_links":{"self":[{"href":"https:\/\/www.santaritadopassaquatro.sp.gov.br\/portal\/wp-json\/wp\/v2\/posts\/3840","targetHints":{"allow":["GET"]}}],"collection":[{"href":"https:\/\/www.santaritadopassaquatro.sp.gov.br\/portal\/wp-json\/wp\/v2\/posts"}],"about":[{"href":"https:\/\/www.santaritadopassaquatro.sp.gov.br\/portal\/wp-json\/wp\/v2\/types\/post"}],"author":[{"embeddable":true,"href":"https:\/\/www.santaritadopassaquatro.sp.gov.br\/portal\/wp-json\/wp\/v2\/users\/1"}],"replies":[{"embeddable":true,"href":"https:\/\/www.santaritadopassaquatro.sp.gov.br\/portal\/wp-json\/wp\/v2\/comments?post=3840"}],"version-history":[{"count":1,"href":"https:\/\/www.santaritadopassaquatro.sp.gov.br\/portal\/wp-json\/wp\/v2\/posts\/3840\/revisions"}],"predecessor-version":[{"id":3842,"href":"https:\/\/www.santaritadopassaquatro.sp.gov.br\/portal\/wp-json\/wp\/v2\/posts\/3840\/revisions\/3842"}],"wp:attachment":[{"href":"https:\/\/www.santaritadopassaquatro.sp.gov.br\/portal\/wp-json\/wp\/v2\/media?parent=3840"}],"wp:term":[{"taxonomy":"category","embeddable":true,"href":"https:\/\/www.santaritadopassaquatro.sp.gov.br\/portal\/wp-json\/wp\/v2\/categories?post=3840"},{"taxonomy":"post_tag","embeddable":true,"href":"https:\/\/www.santaritadopassaquatro.sp.gov.br\/portal\/wp-json\/wp\/v2\/tags?post=3840"}],"curies":[{"name":"wp","href":"https:\/\/api.w.org\/{rel}","templated":true}]}}