{"id":3847,"date":"2020-06-05T14:56:05","date_gmt":"2020-06-05T17:56:05","guid":{"rendered":"http:\/\/www.santaritadopassaquatro.sp.gov.br\/portal\/?p=3847"},"modified":"2020-06-05T14:56:05","modified_gmt":"2020-06-05T17:56:05","slug":"covid-19-contra-contaminacao-campanha-do-agasalho-2020-ira-arrecadas-apenas-pecas-novas","status":"publish","type":"post","link":"https:\/\/www.santaritadopassaquatro.sp.gov.br\/portal\/covid-19-contra-contaminacao-campanha-do-agasalho-2020-ira-arrecadas-apenas-pecas-novas\/","title":{"rendered":"COVID-19:\u00a0Contra contamina\u00e7\u00e3o, Campanha do Agasalho 2020 ir\u00e1 arrecadas apenas pe\u00e7as novas"},"content":{"rendered":"<p><strong><em>Medida foi tomada pelo Fundo Social de Solidariedade com orienta\u00e7\u00e3o do Departamento Municipal de Sa\u00fade<\/em><\/strong><\/p>\n<p>&nbsp;<\/p>\n<p><img decoding=\"async\" class=\"wp-image-3848 size-medium\" src=\"http:\/\/www.santaritadopassaquatro.sp.gov.br\/portal\/wp-content\/uploads\/2020\/06\/Baner-campanha-agasalho-300x209.jpg\" alt=\"\" width=\"300\" height=\"209\" srcset=\"https:\/\/www.santaritadopassaquatro.sp.gov.br\/portal\/wp-content\/uploads\/2020\/06\/Baner-campanha-agasalho-300x209.jpg 300w, https:\/\/www.santaritadopassaquatro.sp.gov.br\/portal\/wp-content\/uploads\/2020\/06\/Baner-campanha-agasalho-768x535.jpg 768w, https:\/\/www.santaritadopassaquatro.sp.gov.br\/portal\/wp-content\/uploads\/2020\/06\/Baner-campanha-agasalho-1024x713.jpg 1024w, https:\/\/www.santaritadopassaquatro.sp.gov.br\/portal\/wp-content\/uploads\/2020\/06\/Baner-campanha-agasalho-392x272.jpg 392w, https:\/\/www.santaritadopassaquatro.sp.gov.br\/portal\/wp-content\/uploads\/2020\/06\/Baner-campanha-agasalho-130x90.jpg 130w\" sizes=\"(max-width: 300px) 100vw, 300px\" \/><\/p>\n<p>A pandemia da Covid-19, doen\u00e7a provocada pelo novo coronav\u00edrus, mudou a rotina de todos, em todo mundo. Nos \u00faltimos meses, as pessoas est\u00e3o tendo que se acostumar com as novas rotinas. Entre as a\u00e7\u00f5es afetadas pela pandemia est\u00e1 a Campanha do Agasalho, organizada anualmente para arrecadar roupas, cal\u00e7ados e cobertores para a fam\u00edlias carentes.<\/p>\n<p>Promovida pelo Fundo Social de Solidariedade de Santa Rita do Passa Quatro, em conjunto com o Fundo Social do Estado, a campanha normalmente \u00e9 organizada com a distribui\u00e7\u00e3o de caixas em pontos da cidade, onde a popula\u00e7\u00e3o pode fazer suas doa\u00e7\u00f5es. Habitualmente, as doa\u00e7\u00f5es poderiam ser de pe\u00e7as novas ou usadas. Entretanto, este ano ser\u00e3o aceitas apenas pe\u00e7as novas, como medica de preven\u00e7\u00e3o contra o novo coronav\u00edrus.<\/p>\n<p>A popula\u00e7\u00e3o dever\u00e1 doar apenas cobertores e devidamente embalados, para evitar a contamina\u00e7\u00e3o. A medida foi tomada pelo Fundo Social de Solidariedade do Estado (FUSP) e, por orienta\u00e7\u00e3o do Departamento Municipal de Sa\u00fade, Santa Rita seguir\u00e1 o mesmo sistema. J\u00e1 anunciando as mudan\u00e7as na forma de arrecada\u00e7\u00e3o, a Campanha Inverno Solid\u00e1rio, foi lan\u00e7ada na \u00faltima segunda-feira (1\u00ba\/6), em S\u00e3o Paulo. Mais de 40 mil caixas de papel\u00e3o est\u00e3o espalhadas em pontos de coleta no estado.<\/p>\n<p>Em Santa Rita as caixas est\u00e3o distribu\u00eddas em diversos pontos da cidade. Quem quiser doar, basta depositar as pe\u00e7as nas caixas que est\u00e3o nos seguintes locais: supermercados S\u00e3o Sebasti\u00e3o (lojas 1, 2 e 3), S\u00e3o Jos\u00e9 (Zanin, lojas 1 e 2), O Dia, Ideal, S\u00e3o Pedro (Tu\u00e3o) e Nardinho; na padaria do Jardim Planalto e no mercado Jd. S\u00e3o Luiz, nas ag\u00eancias banc\u00e1rias do Banco do Brasil, Bradesco e Caixa Econ\u00f4mica Federal, nas Lot\u00e9ricas Santa Rita e Avenida; al\u00e9m do Departamento de Promo\u00e7\u00e3o Social.<\/p>\n<p>As doa\u00e7\u00f5es tamb\u00e9m podem ser feitas at\u00e9 o pr\u00f3ximo dia 25 de junho, quinta-feira. Depois, o Fundo Social de Solidariedade ir\u00e1 distribuir as pe\u00e7as doadas para a popula\u00e7\u00e3o mais necessitada, ap\u00f3s triagem social.<\/p>\n<p>&nbsp;<\/p>\n<p>&nbsp;<\/p>\n<p>&nbsp;<\/p>\n<p>&nbsp;<\/p>\n","protected":false},"excerpt":{"rendered":"<p>Medida foi tomada pelo Fundo Social de Solidariedade com orienta\u00e7\u00e3o do Departamento Municipal de Sa\u00fade &nbsp; A pandemia da Covid-19,<\/p>\n","protected":false},"author":1,"featured_media":3848,"comment_status":"closed","ping_status":"open","sticky":false,"template":"","format":"standard","meta":{"footnotes":""},"categories":[43,40,52],"tags":[],"class_list":["post-3847","post","type-post","status-publish","format-standard","has-post-thumbnail","hentry","category-assistenciasocial","category-covid-19","category-latest"],"_links":{"self":[{"href":"https:\/\/www.santaritadopassaquatro.sp.gov.br\/portal\/wp-json\/wp\/v2\/posts\/3847","targetHints":{"allow":["GET"]}}],"collection":[{"href":"https:\/\/www.santaritadopassaquatro.sp.gov.br\/portal\/wp-json\/wp\/v2\/posts"}],"about":[{"href":"https:\/\/www.santaritadopassaquatro.sp.gov.br\/portal\/wp-json\/wp\/v2\/types\/post"}],"author":[{"embeddable":true,"href":"https:\/\/www.santaritadopassaquatro.sp.gov.br\/portal\/wp-json\/wp\/v2\/users\/1"}],"replies":[{"embeddable":true,"href":"https:\/\/www.santaritadopassaquatro.sp.gov.br\/portal\/wp-json\/wp\/v2\/comments?post=3847"}],"version-history":[{"count":1,"href":"https:\/\/www.santaritadopassaquatro.sp.gov.br\/portal\/wp-json\/wp\/v2\/posts\/3847\/revisions"}],"predecessor-version":[{"id":3849,"href":"https:\/\/www.santaritadopassaquatro.sp.gov.br\/portal\/wp-json\/wp\/v2\/posts\/3847\/revisions\/3849"}],"wp:featuredmedia":[{"embeddable":true,"href":"https:\/\/www.santaritadopassaquatro.sp.gov.br\/portal\/wp-json\/wp\/v2\/media\/3848"}],"wp:attachment":[{"href":"https:\/\/www.santaritadopassaquatro.sp.gov.br\/portal\/wp-json\/wp\/v2\/media?parent=3847"}],"wp:term":[{"taxonomy":"category","embeddable":true,"href":"https:\/\/www.santaritadopassaquatro.sp.gov.br\/portal\/wp-json\/wp\/v2\/categories?post=3847"},{"taxonomy":"post_tag","embeddable":true,"href":"https:\/\/www.santaritadopassaquatro.sp.gov.br\/portal\/wp-json\/wp\/v2\/tags?post=3847"}],"curies":[{"name":"wp","href":"https:\/\/api.w.org\/{rel}","templated":true}]}}