{"id":3850,"date":"2020-06-05T15:16:29","date_gmt":"2020-06-05T18:16:29","guid":{"rendered":"http:\/\/www.santaritadopassaquatro.sp.gov.br\/portal\/?p=3850"},"modified":"2020-06-05T15:16:29","modified_gmt":"2020-06-05T18:16:29","slug":"casos-de-dengue-em-santa-rita-so-nao-superam-2015-ano-atipico","status":"publish","type":"post","link":"https:\/\/www.santaritadopassaquatro.sp.gov.br\/portal\/casos-de-dengue-em-santa-rita-so-nao-superam-2015-ano-atipico\/","title":{"rendered":"Casos de dengue em Santa Rita s\u00f3 n\u00e3o superam 2015, ano at\u00edpico"},"content":{"rendered":"<p><strong><em>Comparando com 2019, aumento foi 540,45%, com 570 casos registrados entre janeiro e maio<\/em><\/strong><\/p>\n<p>&nbsp;<\/p>\n<figure id=\"attachment_3851\" aria-describedby=\"caption-attachment-3851\" style=\"width: 300px\" class=\"wp-caption alignleft\"><img decoding=\"async\" class=\"wp-image-3851 size-medium\" src=\"http:\/\/www.santaritadopassaquatro.sp.gov.br\/portal\/wp-content\/uploads\/2020\/06\/dengue_campo-300x225.jpeg\" alt=\"\" width=\"300\" height=\"225\" srcset=\"https:\/\/www.santaritadopassaquatro.sp.gov.br\/portal\/wp-content\/uploads\/2020\/06\/dengue_campo-300x225.jpeg 300w, https:\/\/www.santaritadopassaquatro.sp.gov.br\/portal\/wp-content\/uploads\/2020\/06\/dengue_campo-768x576.jpeg 768w, https:\/\/www.santaritadopassaquatro.sp.gov.br\/portal\/wp-content\/uploads\/2020\/06\/dengue_campo-1024x768.jpeg 1024w, https:\/\/www.santaritadopassaquatro.sp.gov.br\/portal\/wp-content\/uploads\/2020\/06\/dengue_campo.jpeg 1032w\" sizes=\"(max-width: 300px) 100vw, 300px\" \/><figcaption id=\"caption-attachment-3851\" class=\"wp-caption-text\"><span style=\"font-size: 8pt; color: #999999;\"><em><strong>A\u00e7\u00e3o de limpeza em combate a dengue promovida no munic\u00edpio: atua\u00e7\u00e3o do Controle de Vetores impede que os n\u00fameros cres\u00e7am ainda mais (Divulga\u00e7\u00e3o) <\/strong><\/em><\/span><\/figcaption><\/figure>\n<p>O aumento dos casos de dengue em Santa Rita do Passa Quatro aumentou 540,45% em compara\u00e7\u00e3o como mesmo per\u00edodo de 2019. De janeira a maio deste ano, foram registrados 570 casos positivos da doen\u00e7a no munic\u00edpio. No mesmo per\u00edodo do ano passado, foram 89 casos registrados. Durante todo ano de 2019, foram 132 casos confirmados.<\/p>\n<p>Na compara\u00e7\u00e3o mensal, o m\u00eas de janeiro registrou 5 casos em 2019 e 39 casos em 2020. Em fevereiro, foram 6 casos em 2019 e 141, em 2020. Mar\u00e7o teve 18 (2019) e<br \/>\n147 (2020). Abril foram 27 (2019) e 158 (2020). Maio encerrou com 33 (2019) e 85 (2020). Nos outros meses de 2019, os n\u00fameros foram junho (14), julho (8), agosto (0), setembro (2), outubro (7), novembro (9) e dezembro (3).<\/p>\n<p>Os n\u00fameros de 2020 s\u00f3 n\u00e3o superam a epidemia de 2015, um ano de 2015 foi at\u00edpico, quando o munic\u00edpio registou 805 casos apenas no primeiro semestre, entre eles, um \u00f3bito em fun\u00e7\u00e3o de complica\u00e7\u00f5es causadas pela doen\u00e7a.<\/p>\n<p>Neste ano, o avan\u00e7o s\u00f3 n\u00e3o \u00e9 maior gra\u00e7as ao empenho do Departamento Municipal de Sa\u00fade, especialmente da Equipe de Controle de Vetores. \u00a0Mas a doen\u00e7a continua sendo uma preocupa\u00e7\u00e3o, especialmente diante da pandemia de Covid-19 (novo coronav\u00edrus).<\/p>\n<p>A equipe de Controle de Vetores continua com trabalho intenso de preven\u00e7\u00e3o e combate ao mosquito <em>Aedes aegypti, <\/em>o principal vetor da doen\u00e7a. A orienta\u00e7\u00e3o \u00e9 de que os moradores deixem os agentes entrarem nas resid\u00eancias para uma atua\u00e7\u00e3o mais eficiente. O trabalho vai desde a orienta\u00e7\u00e3o e preven\u00e7\u00e3o at\u00e9 o combate o combate efetivo, com o chamado bloqueio ativo e nebuliza\u00e7\u00e3o.<\/p>\n<p>Qualquer recipiente que possa acumular \u00e1gua pode ser um poss\u00edvel criadouro do mosquito. \u00c9 importante que alguns cuidados sejam tomados, como: lavar bebedouros de animais; n\u00e3o ter pratinhos em vasos de plantas; eliminar qualquer tipo de local que acumule \u00e1gua. H\u00e1 uma grande preocupa\u00e7\u00e3o com rela\u00e7\u00e3o as calhas tamb\u00e9m, que s\u00e3o locais de dif\u00edcil acesso.<\/p>\n<p>Os sintomas da dengue s\u00e3o febre alta (39\u00b0 a 40\u00b0C), dores de cabe\u00e7a, cansa\u00e7o, dor muscular e nas articula\u00e7\u00f5es, indisposi\u00e7\u00e3o, enjoos, v\u00f4mitos, entre outros. No caso da dengue hemorr\u00e1gica, pode aparecer sangramento de pequenos vasos da pele e outros \u00f3rg\u00e3os e ainda tonturas por causa da queda na press\u00e3o arterial.<\/p>\n<p>Se algum sintoma for identificado, a pessoa deve procurar por uma das Unidades B\u00e1sicas de Sa\u00fade (Postinhos) ou a Santa Casa, que est\u00e1 montando uma sala exclusiva de atendimento, com a triagem de poss\u00edveis casos. A dengue pode levar a morte.<\/p>\n","protected":false},"excerpt":{"rendered":"<p>Comparando com 2019, aumento foi 540,45%, com 570 casos registrados entre janeiro e maio &nbsp; O aumento dos casos de<\/p>\n","protected":false},"author":1,"featured_media":3852,"comment_status":"closed","ping_status":"open","sticky":false,"template":"","format":"standard","meta":{"footnotes":""},"categories":[40,52,58],"tags":[],"class_list":["post-3850","post","type-post","status-publish","format-standard","has-post-thumbnail","hentry","category-covid-19","category-latest","category-health"],"_links":{"self":[{"href":"https:\/\/www.santaritadopassaquatro.sp.gov.br\/portal\/wp-json\/wp\/v2\/posts\/3850","targetHints":{"allow":["GET"]}}],"collection":[{"href":"https:\/\/www.santaritadopassaquatro.sp.gov.br\/portal\/wp-json\/wp\/v2\/posts"}],"about":[{"href":"https:\/\/www.santaritadopassaquatro.sp.gov.br\/portal\/wp-json\/wp\/v2\/types\/post"}],"author":[{"embeddable":true,"href":"https:\/\/www.santaritadopassaquatro.sp.gov.br\/portal\/wp-json\/wp\/v2\/users\/1"}],"replies":[{"embeddable":true,"href":"https:\/\/www.santaritadopassaquatro.sp.gov.br\/portal\/wp-json\/wp\/v2\/comments?post=3850"}],"version-history":[{"count":1,"href":"https:\/\/www.santaritadopassaquatro.sp.gov.br\/portal\/wp-json\/wp\/v2\/posts\/3850\/revisions"}],"predecessor-version":[{"id":3853,"href":"https:\/\/www.santaritadopassaquatro.sp.gov.br\/portal\/wp-json\/wp\/v2\/posts\/3850\/revisions\/3853"}],"wp:featuredmedia":[{"embeddable":true,"href":"https:\/\/www.santaritadopassaquatro.sp.gov.br\/portal\/wp-json\/wp\/v2\/media\/3852"}],"wp:attachment":[{"href":"https:\/\/www.santaritadopassaquatro.sp.gov.br\/portal\/wp-json\/wp\/v2\/media?parent=3850"}],"wp:term":[{"taxonomy":"category","embeddable":true,"href":"https:\/\/www.santaritadopassaquatro.sp.gov.br\/portal\/wp-json\/wp\/v2\/categories?post=3850"},{"taxonomy":"post_tag","embeddable":true,"href":"https:\/\/www.santaritadopassaquatro.sp.gov.br\/portal\/wp-json\/wp\/v2\/tags?post=3850"}],"curies":[{"name":"wp","href":"https:\/\/api.w.org\/{rel}","templated":true}]}}