{"id":3854,"date":"2020-06-05T15:19:45","date_gmt":"2020-06-05T18:19:45","guid":{"rendered":"http:\/\/www.santaritadopassaquatro.sp.gov.br\/portal\/?p=3854"},"modified":"2020-06-05T15:19:45","modified_gmt":"2020-06-05T18:19:45","slug":"prorrogada-vacinacao-contra-gripe-segue-no-centro-de-saude-e-caic","status":"publish","type":"post","link":"https:\/\/www.santaritadopassaquatro.sp.gov.br\/portal\/prorrogada-vacinacao-contra-gripe-segue-no-centro-de-saude-e-caic\/","title":{"rendered":"Prorrogada, vacina\u00e7\u00e3o contra gripe segue no Centro de Sa\u00fade e CAIC"},"content":{"rendered":"<p><strong><em>Pessoas de todos os grupos poder\u00e3o ser vacinadas at\u00e9 o pr\u00f3ximo dia 30 de junho<\/em><\/strong><\/p>\n<p><strong><em>\u00a0<\/em><\/strong><\/p>\n<figure id=\"attachment_3628\" aria-describedby=\"caption-attachment-3628\" style=\"width: 300px\" class=\"wp-caption alignleft\"><img decoding=\"async\" class=\"wp-image-3628 size-medium\" src=\"http:\/\/www.santaritadopassaquatro.sp.gov.br\/portal\/wp-content\/uploads\/2020\/03\/vacinacao_gripe_galdina_edit-300x231.jpg\" alt=\"\" width=\"300\" height=\"231\" srcset=\"https:\/\/www.santaritadopassaquatro.sp.gov.br\/portal\/wp-content\/uploads\/2020\/03\/vacinacao_gripe_galdina_edit-300x231.jpg 300w, https:\/\/www.santaritadopassaquatro.sp.gov.br\/portal\/wp-content\/uploads\/2020\/03\/vacinacao_gripe_galdina_edit-768x592.jpg 768w, https:\/\/www.santaritadopassaquatro.sp.gov.br\/portal\/wp-content\/uploads\/2020\/03\/vacinacao_gripe_galdina_edit.jpg 942w\" sizes=\"(max-width: 300px) 100vw, 300px\" \/><figcaption id=\"caption-attachment-3628\" class=\"wp-caption-text\"><span style=\"font-size: 8pt; color: #999999;\"><em><strong>Quase 95% dos idosos do munic\u00edpio j\u00e1 foram vacinados contra a gripe desde o in\u00edcio da campanha em Santa Rita (Arquivo\/AssCom\/Divulga\u00e7\u00e3o)<\/strong><\/em><\/span><\/figcaption><\/figure>\n<p>O Minist\u00e9rio da Sa\u00fade anunciou a prorroga\u00e7\u00e3o da Campanha Nacional de Vacina\u00e7\u00e3o contra a Gripe, em todo o pa\u00eds. At\u00e9 o pr\u00f3ximo dia 30 de junho, moradores de Santa Rita do Passa Quatro podem procurar pelo Centro de Sa\u00fade II e PAS do CAIC, de segunda a sexta-feira. No Centro de Sa\u00fade, a vacina\u00e7\u00e3o ocorre das 7h \u00e0s 13 horas. No PAS do CAIC, o hor\u00e1rio \u00e9 das 8h \u00e0s 11h e das 13h \u00e0s 14h30, ambos de segunda a sexta-feira.<\/p>\n<p>Esta \u00e9 a terceira e \u00faltima fase da campanha, com prioridade aos grupos formados por pessoas com defici\u00eancia, crian\u00e7as de 6 meses a menores de 6 anos, gestantes, pu\u00e9rperas, professores e pessoas de 55 a 59 anos de idade. Entretanto, pessoas dos outros grupos das etapas anteriores, tamb\u00e9m podem ser vacinadas. Os grupos de risco foram priorizados pelo Minist\u00e9rio da Sa\u00fade, em fun\u00e7\u00e3o do maior risco de sofrer complica\u00e7\u00f5es da covid-19, provocada pelo novo coronav\u00edrus.<\/p>\n<p>Campanha iniciou no \u00faltimo dia 23 de ma\u00e7o e, de acordo com o Departamento Municipal de Sa\u00fade, 8.725 foram vacinadas no munic\u00edpio at\u00e9 agora. Deste total, foram 531 crian\u00e7as (35,93% do p\u00fablico alvo), 90 gestantes (45,69%), 881 trabalhadores de sa\u00fade (100%), 18 pu\u00e9rperas (56,25%), 309 adultos (19,26 %) e 4640 idosos (94,75%).<\/p>\n<p>As vacinas tamb\u00e9m s\u00e3o aplicadas pelas equipes do PSF Miguel Bello, no Jardim S\u00e3o Luiz e adjac\u00eancias, e PSF Dulce Rodrigues de Campos, em Santa Cruz da Estrela.<\/p>\n<p>A vacina contra a gripe n\u00e3o protege contra o novo coronav\u00edrus, mas, sim, contra tipos de influenza (fam\u00edlia \u00e0 qual pertence o H1N1). E justamente por isso pode ajudar no diagn\u00f3stico por elimina\u00e7\u00e3o dos profissionais de sa\u00fade com suspeita de covid-19.<\/p>\n","protected":false},"excerpt":{"rendered":"<p>Pessoas de todos os grupos poder\u00e3o ser vacinadas at\u00e9 o pr\u00f3ximo dia 30 de junho \u00a0 O Minist\u00e9rio da Sa\u00fade<\/p>\n","protected":false},"author":1,"featured_media":3628,"comment_status":"closed","ping_status":"open","sticky":false,"template":"","format":"standard","meta":{"footnotes":""},"categories":[40,52,58],"tags":[],"class_list":["post-3854","post","type-post","status-publish","format-standard","has-post-thumbnail","hentry","category-covid-19","category-latest","category-health"],"_links":{"self":[{"href":"https:\/\/www.santaritadopassaquatro.sp.gov.br\/portal\/wp-json\/wp\/v2\/posts\/3854","targetHints":{"allow":["GET"]}}],"collection":[{"href":"https:\/\/www.santaritadopassaquatro.sp.gov.br\/portal\/wp-json\/wp\/v2\/posts"}],"about":[{"href":"https:\/\/www.santaritadopassaquatro.sp.gov.br\/portal\/wp-json\/wp\/v2\/types\/post"}],"author":[{"embeddable":true,"href":"https:\/\/www.santaritadopassaquatro.sp.gov.br\/portal\/wp-json\/wp\/v2\/users\/1"}],"replies":[{"embeddable":true,"href":"https:\/\/www.santaritadopassaquatro.sp.gov.br\/portal\/wp-json\/wp\/v2\/comments?post=3854"}],"version-history":[{"count":1,"href":"https:\/\/www.santaritadopassaquatro.sp.gov.br\/portal\/wp-json\/wp\/v2\/posts\/3854\/revisions"}],"predecessor-version":[{"id":3855,"href":"https:\/\/www.santaritadopassaquatro.sp.gov.br\/portal\/wp-json\/wp\/v2\/posts\/3854\/revisions\/3855"}],"wp:featuredmedia":[{"embeddable":true,"href":"https:\/\/www.santaritadopassaquatro.sp.gov.br\/portal\/wp-json\/wp\/v2\/media\/3628"}],"wp:attachment":[{"href":"https:\/\/www.santaritadopassaquatro.sp.gov.br\/portal\/wp-json\/wp\/v2\/media?parent=3854"}],"wp:term":[{"taxonomy":"category","embeddable":true,"href":"https:\/\/www.santaritadopassaquatro.sp.gov.br\/portal\/wp-json\/wp\/v2\/categories?post=3854"},{"taxonomy":"post_tag","embeddable":true,"href":"https:\/\/www.santaritadopassaquatro.sp.gov.br\/portal\/wp-json\/wp\/v2\/tags?post=3854"}],"curies":[{"name":"wp","href":"https:\/\/api.w.org\/{rel}","templated":true}]}}