{"id":3856,"date":"2020-06-05T15:22:31","date_gmt":"2020-06-05T18:22:31","guid":{"rendered":"http:\/\/www.santaritadopassaquatro.sp.gov.br\/portal\/?p=3856"},"modified":"2020-06-05T15:22:31","modified_gmt":"2020-06-05T18:22:31","slug":"com-pontuacao-no-municipio-verdeazul-prefeitura-conquista-novo-caminhao-de-lixo","status":"publish","type":"post","link":"https:\/\/www.santaritadopassaquatro.sp.gov.br\/portal\/com-pontuacao-no-municipio-verdeazul-prefeitura-conquista-novo-caminhao-de-lixo\/","title":{"rendered":"Com pontua\u00e7\u00e3o no Munic\u00edpio VerdeAzul prefeitura conquista novo caminh\u00e3o de lixo"},"content":{"rendered":"<p><strong><em>No valor de R$ 250 mil, ve\u00edculo foi adquirido com recursos da Secretaria de Estado de Meio Ambiente \u00a0<\/em><\/strong><\/p>\n<p>&nbsp;<\/p>\n<figure id=\"attachment_3858\" aria-describedby=\"caption-attachment-3858\" style=\"width: 300px\" class=\"wp-caption alignleft\"><img decoding=\"async\" class=\"wp-image-3858 size-medium\" src=\"http:\/\/www.santaritadopassaquatro.sp.gov.br\/portal\/wp-content\/uploads\/2020\/06\/caminhao_lixo01-300x200.jpg\" alt=\"\" width=\"300\" height=\"200\" srcset=\"https:\/\/www.santaritadopassaquatro.sp.gov.br\/portal\/wp-content\/uploads\/2020\/06\/caminhao_lixo01-300x200.jpg 300w, https:\/\/www.santaritadopassaquatro.sp.gov.br\/portal\/wp-content\/uploads\/2020\/06\/caminhao_lixo01-768x512.jpg 768w, https:\/\/www.santaritadopassaquatro.sp.gov.br\/portal\/wp-content\/uploads\/2020\/06\/caminhao_lixo01-1024x683.jpg 1024w\" sizes=\"(max-width: 300px) 100vw, 300px\" \/><figcaption id=\"caption-attachment-3858\" class=\"wp-caption-text\"><span style=\"font-size: 8pt; color: #999999;\"><em><strong>Prefeito, com os diretores de Meio Ambiente e DSM e o vereador autor da indica\u00e7\u00e3o, junto ao novo caminh\u00e3o de lixo (AssCom\/Divulga\u00e7\u00e3o)<\/strong><\/em><\/span><\/figcaption><\/figure>\n<p>A prefeitura de Santa Rita do Passa Quatro recebeu esta semana mais um importante equipamento para manuten\u00e7\u00e3o do munic\u00edpio. Gra\u00e7as a pontua\u00e7\u00e3o no Programa Munic\u00edpio VerdeAzul, o munic\u00edpio adquiriu um caminh\u00e3o zero quil\u00f4metro para coleta de lixo urbano. No valor de cerca de R$ 250 mil, o ve\u00edculo veio equipado com ca\u00e7amba coletora e compactadora de lixo.<\/p>\n<figure id=\"attachment_3859\" aria-describedby=\"caption-attachment-3859\" style=\"width: 300px\" class=\"wp-caption alignright\"><img decoding=\"async\" class=\"wp-image-3859 size-medium\" src=\"http:\/\/www.santaritadopassaquatro.sp.gov.br\/portal\/wp-content\/uploads\/2020\/06\/caminhao_lixo02-300x169.jpg\" alt=\"\" width=\"300\" height=\"169\" srcset=\"https:\/\/www.santaritadopassaquatro.sp.gov.br\/portal\/wp-content\/uploads\/2020\/06\/caminhao_lixo02-300x169.jpg 300w, https:\/\/www.santaritadopassaquatro.sp.gov.br\/portal\/wp-content\/uploads\/2020\/06\/caminhao_lixo02-768x434.jpg 768w, https:\/\/www.santaritadopassaquatro.sp.gov.br\/portal\/wp-content\/uploads\/2020\/06\/caminhao_lixo02-1024x578.jpg 1024w\" sizes=\"(max-width: 300px) 100vw, 300px\" \/><figcaption id=\"caption-attachment-3859\" class=\"wp-caption-text\"><span style=\"font-size: 8pt; color: #999999;\"><em><strong>O ve\u00edculo veio equipado com ca\u00e7amba coletora e compactadora de lixo\u00a0\u00a0(AssCom\/Divulga\u00e7\u00e3o)<\/strong><\/em><\/span><\/figcaption><\/figure>\n<p>Os recursos s\u00e3o provenientes da Secretaria de Estado de Infraestrutura e Meio Ambiente, atrav\u00e9s do Fundo Estadual de Controle da Polui\u00e7\u00e3o (FECOP), a pedido do prefeito Leandro Luciano dos Santos, junto ao secret\u00e1rio Marcos Penido, atendendo \u00e0 indica\u00e7\u00e3o do vereador Luiz Carlos Bariotto. Nesta a\u00e7\u00e3o o prefeito tamb\u00e9m contou com apoio de um importante parceiro no governo do estado, o diretor da CDHU Agnaldo Quintana.<\/p>\n<p><img decoding=\"async\" class=\"alignnone size-medium wp-image-3857 alignleft\" src=\"http:\/\/www.santaritadopassaquatro.sp.gov.br\/portal\/wp-content\/uploads\/2020\/06\/caminhao_lixo03-300x200.jpg\" alt=\"\" width=\"300\" height=\"200\" srcset=\"https:\/\/www.santaritadopassaquatro.sp.gov.br\/portal\/wp-content\/uploads\/2020\/06\/caminhao_lixo03-300x200.jpg 300w, https:\/\/www.santaritadopassaquatro.sp.gov.br\/portal\/wp-content\/uploads\/2020\/06\/caminhao_lixo03-768x512.jpg 768w, https:\/\/www.santaritadopassaquatro.sp.gov.br\/portal\/wp-content\/uploads\/2020\/06\/caminhao_lixo03-1024x683.jpg 1024w\" sizes=\"(max-width: 300px) 100vw, 300px\" \/>\u201cQuero agradecer ao Agnaldo e ao secret\u00e1rio Penido que sempre olharam como muito carinho para nossa est\u00e2ncia, tamb\u00e9m a equipe do Departamento Municipal de Meio Ambiente e nosso amigo vereador Bariotto, pela indica\u00e7\u00e3o\u201d, disse o prefeito. \u201cAssim, com respeito a natureza, seguimos nosso trabalho incessante por uma cidade cada vez melhor\u201d, concluiu.<\/p>\n<p>&nbsp;<\/p>\n<p><strong>VERDEAZUL<\/strong><\/p>\n<p>Com 76,2 pontos (de um total de 100), somadas no ranking, Santa Rita figura na categoria &#8220;Muito Bom&#8221;, no Programa Munic\u00edpio VerdeAzul, ficando a apenas 3,8 pontos da categoria m\u00e1xima: \u201c\u00d3timo\u201d, entre quatro poss\u00edveis. Com a nota, o munic\u00edpio ficou com a 102\u00aa coloca\u00e7\u00e3o, entre os 645 munic\u00edpios concorrentes.<\/p>\n<p>O programa tem o prop\u00f3sito de incentivar, apoiar e medir de maneira descentralizada a agenda ambiental em todas as regi\u00f5es de S\u00e3o Paulo. Os munic\u00edpios participantes colocam em pr\u00e1tica 85 tarefas divididas em dez diretrizes da agenda ambiental local com base em temas estrat\u00e9gicos como Munic\u00edpio Sustent\u00e1vel; Estrutura e Educa\u00e7\u00e3o Ambiental; Conselho Ambiental; Biodiversidade; Gest\u00e3o das \u00c1guas; Qualidade do Ar; Uso do Solo; Arboriza\u00e7\u00e3o Urbana; e Esgoto Tratado e Res\u00edduos S\u00f3lidos.<\/p>\n<p>Al\u00e9m do benef\u00edcio ambiental, as prefeituras com boa pontua\u00e7\u00e3o no programa t\u00eam maior facilidade em conquistar recursos para investimentos e compra de equipamentos. Gra\u00e7as a esta pontua\u00e7\u00e3o, Santa Rita j\u00e1 conquistou apenas ano uma m\u00e1quina trituradora de galhos, al\u00e9m deste novo caminh\u00e3o de lixo.<\/p>\n<p><strong>\u00a0<\/strong><\/p>\n<p><strong>\u00a0<\/strong><\/p>\n<p>&nbsp;<\/p>\n<p><em>\u00a0<\/em><\/p>\n<p>&nbsp;<\/p>\n","protected":false},"excerpt":{"rendered":"<p>No valor de R$ 250 mil, ve\u00edculo foi adquirido com recursos da Secretaria de Estado de Meio Ambiente \u00a0 &nbsp;<\/p>\n","protected":false},"author":1,"featured_media":3859,"comment_status":"closed","ping_status":"open","sticky":false,"template":"","format":"standard","meta":{"footnotes":""},"categories":[44,52,53],"tags":[],"class_list":["post-3856","post","type-post","status-publish","format-standard","has-post-thumbnail","hentry","category-cidades","category-latest","category-meio-ambiente"],"_links":{"self":[{"href":"https:\/\/www.santaritadopassaquatro.sp.gov.br\/portal\/wp-json\/wp\/v2\/posts\/3856","targetHints":{"allow":["GET"]}}],"collection":[{"href":"https:\/\/www.santaritadopassaquatro.sp.gov.br\/portal\/wp-json\/wp\/v2\/posts"}],"about":[{"href":"https:\/\/www.santaritadopassaquatro.sp.gov.br\/portal\/wp-json\/wp\/v2\/types\/post"}],"author":[{"embeddable":true,"href":"https:\/\/www.santaritadopassaquatro.sp.gov.br\/portal\/wp-json\/wp\/v2\/users\/1"}],"replies":[{"embeddable":true,"href":"https:\/\/www.santaritadopassaquatro.sp.gov.br\/portal\/wp-json\/wp\/v2\/comments?post=3856"}],"version-history":[{"count":0,"href":"https:\/\/www.santaritadopassaquatro.sp.gov.br\/portal\/wp-json\/wp\/v2\/posts\/3856\/revisions"}],"wp:featuredmedia":[{"embeddable":true,"href":"https:\/\/www.santaritadopassaquatro.sp.gov.br\/portal\/wp-json\/wp\/v2\/media\/3859"}],"wp:attachment":[{"href":"https:\/\/www.santaritadopassaquatro.sp.gov.br\/portal\/wp-json\/wp\/v2\/media?parent=3856"}],"wp:term":[{"taxonomy":"category","embeddable":true,"href":"https:\/\/www.santaritadopassaquatro.sp.gov.br\/portal\/wp-json\/wp\/v2\/categories?post=3856"},{"taxonomy":"post_tag","embeddable":true,"href":"https:\/\/www.santaritadopassaquatro.sp.gov.br\/portal\/wp-json\/wp\/v2\/tags?post=3856"}],"curies":[{"name":"wp","href":"https:\/\/api.w.org\/{rel}","templated":true}]}}