{"id":3892,"date":"2020-06-19T14:23:25","date_gmt":"2020-06-19T17:23:25","guid":{"rendered":"http:\/\/www.santaritadopassaquatro.sp.gov.br\/portal\/?p=3892"},"modified":"2020-06-19T14:23:25","modified_gmt":"2020-06-19T17:23:25","slug":"prefeito-de-santa-rita-e-citado-em-coletiva-de-imprensa-do-governo-do-estado","status":"publish","type":"post","link":"https:\/\/www.santaritadopassaquatro.sp.gov.br\/portal\/prefeito-de-santa-rita-e-citado-em-coletiva-de-imprensa-do-governo-do-estado\/","title":{"rendered":"Prefeito de Santa Rita \u00e9 citado em coletiva de imprensa do Governo do Estado"},"content":{"rendered":"<p><strong><em>Leandro Pilha esteve representando as 70 est\u00e2ncias paulistas e foi mencionado pelos secret\u00e1rios de Sa\u00fade e de Desenvolvimento Regional<\/em><\/strong><\/p>\n<p><strong><em>\u00a0<\/em><\/strong><\/p>\n<figure id=\"attachment_3893\" aria-describedby=\"caption-attachment-3893\" style=\"width: 300px\" class=\"wp-caption alignleft\"><img decoding=\"async\" class=\"wp-image-3893 size-medium\" src=\"http:\/\/www.santaritadopassaquatro.sp.gov.br\/portal\/wp-content\/uploads\/2020\/06\/Prefeito_Coletiva_Estado-300x200.jpeg\" alt=\"\" width=\"300\" height=\"200\" srcset=\"https:\/\/www.santaritadopassaquatro.sp.gov.br\/portal\/wp-content\/uploads\/2020\/06\/Prefeito_Coletiva_Estado-300x200.jpeg 300w, https:\/\/www.santaritadopassaquatro.sp.gov.br\/portal\/wp-content\/uploads\/2020\/06\/Prefeito_Coletiva_Estado-768x512.jpeg 768w, https:\/\/www.santaritadopassaquatro.sp.gov.br\/portal\/wp-content\/uploads\/2020\/06\/Prefeito_Coletiva_Estado-1024x682.jpeg 1024w, https:\/\/www.santaritadopassaquatro.sp.gov.br\/portal\/wp-content\/uploads\/2020\/06\/Prefeito_Coletiva_Estado.jpeg 1280w\" sizes=\"(max-width: 300px) 100vw, 300px\" \/><figcaption id=\"caption-attachment-3893\" class=\"wp-caption-text\"><span style=\"font-size: 8pt; color: #999999;\"><em><strong>Os prefeitos de Santa Rita e Campos do Jord\u00e3o durante a coletiva de imprensa do governo do Estado no \u00faltimo dia 4 de junho (Divulga\u00e7\u00e3o) <\/strong><\/em><\/span><\/figcaption><\/figure>\n<p>O prefeito de Santa Rita do Passa Quatro, Leandro Luciano dos Santos, foi citado em entrevista coletiva do Governo do Estado de S\u00e3o Paulo, transmitida ao vivo, no \u00faltimo dia 4 de junho, quinta-feira. As coletivas de imprensa com o governador Jo\u00e3o D\u00f3ria e seus secret\u00e1rios de governo s\u00e3o constantes por conta da pandemia do novo coronav\u00edrus.<\/p>\n<p>O prefeito santa-ritense estava presente no evento promovido no Pal\u00e1cio dos Bandeirantes, em S\u00e3o Paulo, e foi citado pelos secret\u00e1rios Jos\u00e9 Henrique Germann Ferreira, da Sa\u00fade, e Marco Vinholi, de Desenvolvimento Regional.<\/p>\n<p>O secret\u00e1rio de Sa\u00fade agradeceu a presen\u00e7a do prefeito Leandro Pilha, juntamente com seu companheiro, tamb\u00e9m prefeito de Campos do Jord\u00e3o, Fred Guidoni. Na sequ\u00eancia, no do prefeito foi mencionado como representante da Aprecesp (Associa\u00e7\u00e3o das Prefeituras das Cidades Est\u00e2ncias do Estado de S\u00e3o Paulo), pelo secret\u00e1rio de Desenvolvimento Regional.<\/p>\n<p>\u201cFoi uma honra para mim ser citado pelos dois secret\u00e1rios, em um momento t\u00e3o solene, isso mostra o prest\u00edgio junto as principais lideran\u00e7as do governo do Estado e consequentemente no cen\u00e1rio tur\u00edstico paulista\u201d, disse o prefeito. \u201cO importante n\u00e3o \u00e9 o meu nome ser citado, mas sim o de Santa Rita do Passa Quatro que ganha destaque em todo Brasil\u201d, completou.<\/p>\n<p>O prefeito Leandro Pilha \u00e9 constantemente lembrado tamb\u00e9m pelo secret\u00e1rio de Turismo e ex-ministro Vin\u00edcius Lummertz, com quem mantem um relacionamento bem estreito. \u201cHoje eu digo que Marco Vinholi e Vinicius Lummertz s\u00e3o dois grandes amigos que fiz neste governo e que muito podem colaborar com Santa Rita\u201d, afirmou o prefeito. \u201cNossa est\u00e2ncia e nossa regi\u00e3o t\u00eam muito a crescer com o apoio dessas importantes lideran\u00e7as pol\u00edticas do Estado\u201d, concluiu.<\/p>\n<p>&nbsp;<\/p>\n<p>&nbsp;<\/p>\n<p>&nbsp;<\/p>\n","protected":false},"excerpt":{"rendered":"<p>Leandro Pilha esteve representando as 70 est\u00e2ncias paulistas e foi mencionado pelos secret\u00e1rios de Sa\u00fade e de Desenvolvimento Regional \u00a0<\/p>\n","protected":false},"author":1,"featured_media":3893,"comment_status":"closed","ping_status":"open","sticky":false,"template":"","format":"standard","meta":{"footnotes":""},"categories":[44,40],"tags":[],"class_list":["post-3892","post","type-post","status-publish","format-standard","has-post-thumbnail","hentry","category-cidades","category-covid-19"],"_links":{"self":[{"href":"https:\/\/www.santaritadopassaquatro.sp.gov.br\/portal\/wp-json\/wp\/v2\/posts\/3892","targetHints":{"allow":["GET"]}}],"collection":[{"href":"https:\/\/www.santaritadopassaquatro.sp.gov.br\/portal\/wp-json\/wp\/v2\/posts"}],"about":[{"href":"https:\/\/www.santaritadopassaquatro.sp.gov.br\/portal\/wp-json\/wp\/v2\/types\/post"}],"author":[{"embeddable":true,"href":"https:\/\/www.santaritadopassaquatro.sp.gov.br\/portal\/wp-json\/wp\/v2\/users\/1"}],"replies":[{"embeddable":true,"href":"https:\/\/www.santaritadopassaquatro.sp.gov.br\/portal\/wp-json\/wp\/v2\/comments?post=3892"}],"version-history":[{"count":1,"href":"https:\/\/www.santaritadopassaquatro.sp.gov.br\/portal\/wp-json\/wp\/v2\/posts\/3892\/revisions"}],"predecessor-version":[{"id":3894,"href":"https:\/\/www.santaritadopassaquatro.sp.gov.br\/portal\/wp-json\/wp\/v2\/posts\/3892\/revisions\/3894"}],"wp:featuredmedia":[{"embeddable":true,"href":"https:\/\/www.santaritadopassaquatro.sp.gov.br\/portal\/wp-json\/wp\/v2\/media\/3893"}],"wp:attachment":[{"href":"https:\/\/www.santaritadopassaquatro.sp.gov.br\/portal\/wp-json\/wp\/v2\/media?parent=3892"}],"wp:term":[{"taxonomy":"category","embeddable":true,"href":"https:\/\/www.santaritadopassaquatro.sp.gov.br\/portal\/wp-json\/wp\/v2\/categories?post=3892"},{"taxonomy":"post_tag","embeddable":true,"href":"https:\/\/www.santaritadopassaquatro.sp.gov.br\/portal\/wp-json\/wp\/v2\/tags?post=3892"}],"curies":[{"name":"wp","href":"https:\/\/api.w.org\/{rel}","templated":true}]}}